{"id":131,"date":"2012-04-16T08:58:26","date_gmt":"2012-04-16T08:58:26","guid":{"rendered":"http:\/\/blogs.hoy.es\/lamiradaatenta\/?p=131"},"modified":"2012-04-16T08:58:26","modified_gmt":"2012-04-16T08:58:26","slug":"de-comunion-por-el-womad","status":"publish","type":"post","link":"https:\/\/blogs.hoy.es\/lamiradaatenta\/2012\/04\/16\/de-comunion-por-el-womad\/","title":{"rendered":"De comuni\u00f3n por el Womad"},"content":{"rendered":"<div id=\"attachment_132\" style=\"width: 723px\" class=\"wp-caption alignleft\"><img aria-describedby=\"caption-attachment-132\" loading=\"lazy\" class=\"size-large wp-image-132\" title=\"Una ni\u00f1a feliz pasea su Primera Comuni\u00f3n en medio del bullicio del Festival Womad en la parte antigua de C\u00e1ceres (1992).\" src=\"\/lamiradaatenta\/wp-content\/uploads\/sites\/24\/2012\/04\/024.jpg\" alt=\"Una ni\u00f1a feliz pasea su Primera Comuni\u00f3n en medio del bullicio del Festival Womad en la parte antigua de C\u00e1ceres (1992).\" width=\"713\" height=\"464\" \/><p id=\"caption-attachment-132\" class=\"wp-caption-text\">Una ni\u00f1a feliz pasea su Primera Comuni\u00f3n en medio del bullicio del Festival Womad en la parte antigua de C\u00e1ceres (1992).<\/p><\/div>\n<p>Del buen <strong>fotoperiodista<\/strong> se espera que resuma la actualidad en buenas im\u00e1genes cogidas al vuelo. Pero tambi\u00e9n hace falta <strong>sensibilidad y humanidad<\/strong> para reparar en el contraste de est\u00e9ticas y costumbres que se adivina entre los habituales del <a href=\"http:\/\/www.hoy.es\/multimedia\/fotos\/ultimos\/77225-ultimo-concierto-pasacalles-womad-2011-0-0.html\" rel=\"external nofollow\">Festival Womad<\/a> y la ni\u00f1a que pasea, radiante y ajena a toda esa comparsa, la felicidad de su <strong>Primera Comuni\u00f3n<\/strong>. La imagen fue captada en mayo de 1992, en la parte antigua de C\u00e1ceres, donde cada primavera se produce una aut\u00e9ntica convivencia de cultura y colores.<\/p>\n<!-- AddThis Advanced Settings generic via filter on the_content --><!-- AddThis Share Buttons generic via filter on the_content -->","protected":false},"excerpt":{"rendered":"<p>Del buen fotoperiodista se espera que resuma la actualidad en buenas im\u00e1genes cogidas al vuelo. Pero tambi\u00e9n hace falta sensibilidad y humanidad para reparar en el contraste de est\u00e9ticas y costumbres que se adivina entre los habituales del Festival Womad y la ni\u00f1a que pasea, radiante y ajena a toda esa comparsa, la felicidad de [&hellip;]<!-- AddThis Advanced Settings generic via filter on get_the_excerpt --><!-- AddThis Share Buttons generic via filter on get_the_excerpt --><\/p>\n","protected":false},"author":29,"featured_media":0,"comment_status":"open","ping_status":"closed","sticky":false,"template":"","format":"standard","meta":[],"categories":[2],"tags":[34,118,124,126,229,251],"_links":{"self":[{"href":"https:\/\/blogs.hoy.es\/lamiradaatenta\/wp-json\/wp\/v2\/posts\/131"}],"collection":[{"href":"https:\/\/blogs.hoy.es\/lamiradaatenta\/wp-json\/wp\/v2\/posts"}],"about":[{"href":"https:\/\/blogs.hoy.es\/lamiradaatenta\/wp-json\/wp\/v2\/types\/post"}],"author":[{"embeddable":true,"href":"https:\/\/blogs.hoy.es\/lamiradaatenta\/wp-json\/wp\/v2\/users\/29"}],"replies":[{"embeddable":true,"href":"https:\/\/blogs.hoy.es\/lamiradaatenta\/wp-json\/wp\/v2\/comments?post=131"}],"version-history":[{"count":0,"href":"https:\/\/blogs.hoy.es\/lamiradaatenta\/wp-json\/wp\/v2\/posts\/131\/revisions"}],"wp:attachment":[{"href":"https:\/\/blogs.hoy.es\/lamiradaatenta\/wp-json\/wp\/v2\/media?parent=131"}],"wp:term":[{"taxonomy":"category","embeddable":true,"href":"https:\/\/blogs.hoy.es\/lamiradaatenta\/wp-json\/wp\/v2\/categories?post=131"},{"taxonomy":"post_tag","embeddable":true,"href":"https:\/\/blogs.hoy.es\/lamiradaatenta\/wp-json\/wp\/v2\/tags?post=131"}],"curies":[{"name":"wp","href":"https:\/\/api.w.org\/{rel}","templated":true}]}}