{"id":138,"date":"2012-04-17T10:57:53","date_gmt":"2012-04-17T10:57:53","guid":{"rendered":"http:\/\/blogs.hoy.es\/lamiradaatenta\/?p=138"},"modified":"2012-04-17T10:57:53","modified_gmt":"2012-04-17T10:57:53","slug":"vidas-entre-ruinas","status":"publish","type":"post","link":"https:\/\/blogs.hoy.es\/lamiradaatenta\/2012\/04\/17\/vidas-entre-ruinas\/","title":{"rendered":"Vidas entre ruinas"},"content":{"rendered":"<div id=\"attachment_142\" style=\"width: 601px\" class=\"wp-caption aligncenter\"><img aria-describedby=\"caption-attachment-142\" loading=\"lazy\" class=\"size-full wp-image-142\" title=\"El caballo intenta frenar las grietas que amenazan el derrumbe en la conciencia del visitante (C\u00e1ceres 1996)\" src=\"\/lamiradaatenta\/wp-content\/uploads\/sites\/24\/2012\/04\/0191.jpg\" alt=\"El caballo intenta frenar las grietas que amenazan el derrumbe en la conciencia del visitante (C\u00e1ceres 1996)\" width=\"591\" height=\"827\" srcset=\"https:\/\/static-blogs.hoy.es\/wp-content\/uploads\/sites\/24\/2012\/04\/0191.jpg 591w, https:\/\/static-blogs.hoy.es\/wp-content\/uploads\/sites\/24\/2012\/04\/0191-107x150.jpg 107w, https:\/\/static-blogs.hoy.es\/wp-content\/uploads\/sites\/24\/2012\/04\/0191-214x300.jpg 214w\" sizes=\"(max-width: 591px) 100vw, 591px\" \/><p id=\"caption-attachment-142\" class=\"wp-caption-text\">El caballo intenta frenar las grietas que amenazan el derrumbe en la conciencia del visitante (C\u00e1ceres 1996)<\/p><\/div>\n<p>No las vemos, pero existen. No las miramos, pero est\u00e1n ah\u00ed. Hay <strong>vidas en ruina<\/strong> que sobreviven aunque nuestras miradas se entretengan en paisajes m\u00e1s agradables. La mirada atenta de <strong>Lorenzo Cordero<\/strong> se empe\u00f1a a veces en mostrarnos el lado inc\u00f3modo de los vecinos de al lado, los que no miramos aunque su tragedia sea sangrante. En la<strong> calle Azucena<\/strong>, de la <strong>C\u00e1ceres<\/strong> que aspiraba alg\u00fan d\u00eda a convertirse en <a href=\"http:\/\/cc2016.com\/\" target=\"_blank\" rel=\"external nofollow\">Capital Cultural<\/a>, la vida no era dulce en 1996, aunque algunos de sus habitantes conservaran la <strong>mirada limpia e inocente, como el ni\u00f1o que juega con un caballo<\/strong>, ajeno a las grietas de las paredes y al derrumbe inminente a su alrededor.<\/p>\n<!-- AddThis Advanced Settings generic via filter on the_content --><!-- AddThis Share Buttons generic via filter on the_content -->","protected":false},"excerpt":{"rendered":"<p>No las vemos, pero existen. No las miramos, pero est\u00e1n ah\u00ed. Hay vidas en ruina que sobreviven aunque nuestras miradas se entretengan en paisajes m\u00e1s agradables. La mirada atenta de Lorenzo Cordero se empe\u00f1a a veces en mostrarnos el lado inc\u00f3modo de los vecinos de al lado, los que no miramos aunque su tragedia sea [&hellip;]<!-- AddThis Advanced Settings generic via filter on get_the_excerpt --><!-- AddThis Share Buttons generic via filter on get_the_excerpt --><\/p>\n","protected":false},"author":29,"featured_media":0,"comment_status":"open","ping_status":"closed","sticky":false,"template":"","format":"standard","meta":[],"categories":[2],"tags":[34,36,41,124,126,197],"_links":{"self":[{"href":"https:\/\/blogs.hoy.es\/lamiradaatenta\/wp-json\/wp\/v2\/posts\/138"}],"collection":[{"href":"https:\/\/blogs.hoy.es\/lamiradaatenta\/wp-json\/wp\/v2\/posts"}],"about":[{"href":"https:\/\/blogs.hoy.es\/lamiradaatenta\/wp-json\/wp\/v2\/types\/post"}],"author":[{"embeddable":true,"href":"https:\/\/blogs.hoy.es\/lamiradaatenta\/wp-json\/wp\/v2\/users\/29"}],"replies":[{"embeddable":true,"href":"https:\/\/blogs.hoy.es\/lamiradaatenta\/wp-json\/wp\/v2\/comments?post=138"}],"version-history":[{"count":0,"href":"https:\/\/blogs.hoy.es\/lamiradaatenta\/wp-json\/wp\/v2\/posts\/138\/revisions"}],"wp:attachment":[{"href":"https:\/\/blogs.hoy.es\/lamiradaatenta\/wp-json\/wp\/v2\/media?parent=138"}],"wp:term":[{"taxonomy":"category","embeddable":true,"href":"https:\/\/blogs.hoy.es\/lamiradaatenta\/wp-json\/wp\/v2\/categories?post=138"},{"taxonomy":"post_tag","embeddable":true,"href":"https:\/\/blogs.hoy.es\/lamiradaatenta\/wp-json\/wp\/v2\/tags?post=138"}],"curies":[{"name":"wp","href":"https:\/\/api.w.org\/{rel}","templated":true}]}}