{"id":144,"date":"2012-04-18T10:57:42","date_gmt":"2012-04-18T10:57:42","guid":{"rendered":"http:\/\/blogs.hoy.es\/lamiradaatenta\/?p=144"},"modified":"2012-04-18T10:57:42","modified_gmt":"2012-04-18T10:57:42","slug":"pasion-por-la-montana-desde-nino","status":"publish","type":"post","link":"https:\/\/blogs.hoy.es\/lamiradaatenta\/2012\/04\/18\/pasion-por-la-montana-desde-nino\/","title":{"rendered":"Pasi\u00f3n por la Monta\u00f1a desde ni\u00f1o"},"content":{"rendered":"<div id=\"attachment_147\" style=\"width: 660px\" class=\"wp-caption aligncenter\"><img aria-describedby=\"caption-attachment-147\" loading=\"lazy\" class=\"size-large wp-image-147\" title=\"Un ni\u00f1o llora porque la lluvia ha frustrado su ilusi\u00f3n de participar en la procesi\u00f3n de la Virgen de la Monta\u00f1a. \" src=\"\/lamiradaatenta\/wp-content\/uploads\/sites\/24\/2012\/04\/BAJADA-DE-LA-VIRGEN2.jpg\" alt=\"Un ni\u00f1o llora porque la lluvia ha frustrado su ilusi\u00f3n de participar en la procesi\u00f3n de la Virgen de la Monta\u00f1a. \" width=\"650\" height=\"435\" srcset=\"https:\/\/static-blogs.hoy.es\/wp-content\/uploads\/sites\/24\/2012\/04\/BAJADA-DE-LA-VIRGEN2.jpg 2377w, https:\/\/static-blogs.hoy.es\/wp-content\/uploads\/sites\/24\/2012\/04\/BAJADA-DE-LA-VIRGEN2-150x101.jpg 150w, https:\/\/static-blogs.hoy.es\/wp-content\/uploads\/sites\/24\/2012\/04\/BAJADA-DE-LA-VIRGEN2-300x201.jpg 300w, https:\/\/static-blogs.hoy.es\/wp-content\/uploads\/sites\/24\/2012\/04\/BAJADA-DE-LA-VIRGEN2-768x515.jpg 768w, https:\/\/static-blogs.hoy.es\/wp-content\/uploads\/sites\/24\/2012\/04\/BAJADA-DE-LA-VIRGEN2-650x436.jpg 650w\" sizes=\"(max-width: 650px) 100vw, 650px\" \/><p id=\"caption-attachment-147\" class=\"wp-caption-text\">Un ni\u00f1o llora porque la lluvia ha frustrado su ilusi\u00f3n de participar en la procesi\u00f3n de la Virgen de la Monta\u00f1a.<\/p><\/div>\n<p>El amor por la <strong>Virgen de la Monta\u00f1a<\/strong> es casi gen\u00e9tico en los cacere\u00f1os. El fervor por la patrona de <strong>C\u00e1ceres<\/strong> se transmite en las familias de generaci\u00f3n en generaci\u00f3n de forma que la tradici\u00f3n de acompa\u00f1arla en su bajada y subida a la ermita es una fecha se\u00f1alada en el calendario alrededor de la cual se organizan multitud de actos y actividades a lo largo del a\u00f1o.<\/p>\n<p>Su procesi\u00f3n, beso del manto, ofrenda floral y otros actos de devoci\u00f3n son fotografiados por miles de personas en cada ocasi\u00f3n, captando los m\u00e1s bellos momentos, los matices, las novedades del a\u00f1o, los detalles&#8230; Sin embargo, el <strong>fotoperiodista<\/strong> va a las procesiones con la tensi\u00f3n a flor de piel. Sabe que tiene que cobrarse la mejor pieza y\u00a0 para ello\u00a0 hay que tener mucha t\u00e9cnica en la punter\u00eda, ser el m\u00e1s r\u00e1pido para captar el movimiento leve que augura una buena foto, permanecer quieto, ojo avizor, esperando horas hasta encontrar esa imagen que resuma todo: la procesi\u00f3n entera, el fervor de los fieles, la belleza, los imprevistos, y\u00a0 las an\u00e9cdotas de la jornada.<\/p>\n<p>Por eso la <strong>Mirada Atenta de Lorenzo Cordero<\/strong> se fij\u00f3 en el ni\u00f1o que lloraba a moco tendido porque la lluvia le rompi\u00f3 su ilusi\u00f3n por no participar en la procesi\u00f3n, en sus familiares acompa\u00f1\u00e1ndole y protegi\u00e9ndole del agua, en los paraguas que rodeaban la imagen de la Virgen, que sali\u00f3 a la calle a pesar de las inclemencias del tiempo.<\/p>\n<p>Cinco a\u00f1os despu\u00e9s de tomar esta foto en la calle <strong>Puente Concejo<\/strong> Lorenzo Cordero a\u00fan se siente orgulloso de su presa, una bella imagen que no pasar\u00e1 de moda, que se har\u00e1 cl\u00e1sica porque pod\u00eda haberse hecho hace 100 a\u00f1os o hace poco al haber captado la esencia de la devoci\u00f3n a la Virgen de la Monta\u00f1a en la imagen del ni\u00f1o que nos conmueve a\u00fan por su sue\u00f1o truncado de participar en la procesi\u00f3n.<\/p>\n<!-- AddThis Advanced Settings generic via filter on the_content --><!-- AddThis Share Buttons generic via filter on the_content -->","protected":false},"excerpt":{"rendered":"<p>El amor por la Virgen de la Monta\u00f1a es casi gen\u00e9tico en los cacere\u00f1os. El fervor por la patrona de C\u00e1ceres se transmite en las familias de generaci\u00f3n en generaci\u00f3n de forma que la tradici\u00f3n de acompa\u00f1arla en su bajada y subida a la ermita es una fecha se\u00f1alada en el calendario alrededor de la [&hellip;]<!-- AddThis Advanced Settings generic via filter on get_the_excerpt --><!-- AddThis Share Buttons generic via filter on get_the_excerpt --><\/p>\n","protected":false},"author":29,"featured_media":0,"comment_status":"open","ping_status":"closed","sticky":false,"template":"","format":"standard","meta":[],"categories":[2],"tags":[34,88,124,126,177,197,215,229,253,295,317],"_links":{"self":[{"href":"https:\/\/blogs.hoy.es\/lamiradaatenta\/wp-json\/wp\/v2\/posts\/144"}],"collection":[{"href":"https:\/\/blogs.hoy.es\/lamiradaatenta\/wp-json\/wp\/v2\/posts"}],"about":[{"href":"https:\/\/blogs.hoy.es\/lamiradaatenta\/wp-json\/wp\/v2\/types\/post"}],"author":[{"embeddable":true,"href":"https:\/\/blogs.hoy.es\/lamiradaatenta\/wp-json\/wp\/v2\/users\/29"}],"replies":[{"embeddable":true,"href":"https:\/\/blogs.hoy.es\/lamiradaatenta\/wp-json\/wp\/v2\/comments?post=144"}],"version-history":[{"count":0,"href":"https:\/\/blogs.hoy.es\/lamiradaatenta\/wp-json\/wp\/v2\/posts\/144\/revisions"}],"wp:attachment":[{"href":"https:\/\/blogs.hoy.es\/lamiradaatenta\/wp-json\/wp\/v2\/media?parent=144"}],"wp:term":[{"taxonomy":"category","embeddable":true,"href":"https:\/\/blogs.hoy.es\/lamiradaatenta\/wp-json\/wp\/v2\/categories?post=144"},{"taxonomy":"post_tag","embeddable":true,"href":"https:\/\/blogs.hoy.es\/lamiradaatenta\/wp-json\/wp\/v2\/tags?post=144"}],"curies":[{"name":"wp","href":"https:\/\/api.w.org\/{rel}","templated":true}]}}