{"id":149,"date":"2012-04-19T08:35:56","date_gmt":"2012-04-19T08:35:56","guid":{"rendered":"http:\/\/blogs.hoy.es\/lamiradaatenta\/?p=149"},"modified":"2012-04-19T08:35:56","modified_gmt":"2012-04-19T08:35:56","slug":"fraga-de-caza-por-extremadura","status":"publish","type":"post","link":"https:\/\/blogs.hoy.es\/lamiradaatenta\/2012\/04\/19\/fraga-de-caza-por-extremadura\/","title":{"rendered":"Fraga, de caza por Extremadura"},"content":{"rendered":"<div id=\"attachment_151\" style=\"width: 660px\" class=\"wp-caption aligncenter\"><img aria-describedby=\"caption-attachment-151\" loading=\"lazy\" class=\"size-large wp-image-151\" title=\"Manuel Fraga de caza en la sierra de San Pedro con Felipe Camis\u00f3n.\" src=\"\/lamiradaatenta\/wp-content\/uploads\/sites\/24\/2012\/04\/FRAGA.jpg\" alt=\"Manuel Fraga de caza en la sierra de San Pedro con Felipe Camis\u00f3n.\" width=\"650\" height=\"438\" srcset=\"https:\/\/static-blogs.hoy.es\/wp-content\/uploads\/sites\/24\/2012\/04\/FRAGA.jpg 2745w, https:\/\/static-blogs.hoy.es\/wp-content\/uploads\/sites\/24\/2012\/04\/FRAGA-150x101.jpg 150w, https:\/\/static-blogs.hoy.es\/wp-content\/uploads\/sites\/24\/2012\/04\/FRAGA-300x202.jpg 300w, https:\/\/static-blogs.hoy.es\/wp-content\/uploads\/sites\/24\/2012\/04\/FRAGA-768x518.jpg 768w, https:\/\/static-blogs.hoy.es\/wp-content\/uploads\/sites\/24\/2012\/04\/FRAGA-650x438.jpg 650w\" sizes=\"(max-width: 650px) 100vw, 650px\" \/><p id=\"caption-attachment-151\" class=\"wp-caption-text\">Manuel Fraga de caza en la sierra de San Pedro con Felipe Camis\u00f3n.<\/p><\/div>\n<p>Los cazadores, cazados. El\u00a0 fallecido <a href=\"http:\/\/www.hoy.es\/multimedia\/fotos\/ultimos\/90991-fraga-anos-brega-politica-0.html\" target=\"_blank\" rel=\"external nofollow\">Manuel Fraga<\/a> era un amante de la caza, y visit\u00f3 Extremadura en los primeros a\u00f1os del nuevo siglo invitado por la <a href=\"http:\/\/www.hoy.es\/v\/20110121\/caceres\/pinilla-llorado-viendo-como-20110121.html\" target=\"_blank\" rel=\"external nofollow\">familia Pinilla<\/a>, propietaria de una de las mejores fincas cineg\u00e9ticas de la sierra de San Pedro, <strong>La Barquera<\/strong>, famosa por sus excelentes trofeos de ciervo.<\/p>\n<p>En una de sus monter\u00edas con el tambi\u00e9n fallecido <a href=\"http:\/\/www.hoy.es\/20090601\/regional\/fallece-felipe-camison-veterano-20090601.html\" target=\"_blank\" rel=\"external nofollow\">Felipe Camis\u00f3n<\/a>, diputado del PP en la Asamblea extreme\u00f1a, el Congreso, y parlamentario europeo, Fraga estuvo jugando al gato y al rat\u00f3n con la prensa porque no quer\u00eda ser fotografiado. Puso gestos, malas caras, se escond\u00eda, pero Fraga fue finalmente cazado por la <strong>Mirada Atenta de Lorenzo Cordero<\/strong>, que jug\u00f3 el papel de gato con conocimientos de viejo en el oficio: r\u00e1pido con su c\u00e1mara, discreto, paciente en su espera, consigui\u00f3 las tres \u00fanicas fotos que se obtuvieron durante aquella fugaz &#8216;<strong>visita privada<\/strong>&#8216; de don Manuel a tierras extreme\u00f1as.<\/p>\n<!-- AddThis Advanced Settings generic via filter on the_content --><!-- AddThis Share Buttons generic via filter on the_content -->","protected":false},"excerpt":{"rendered":"<p>Los cazadores, cazados. El\u00a0 fallecido Manuel Fraga era un amante de la caza, y visit\u00f3 Extremadura en los primeros a\u00f1os del nuevo siglo invitado por la familia Pinilla, propietaria de una de las mejores fincas cineg\u00e9ticas de la sierra de San Pedro, La Barquera, famosa por sus excelentes trofeos de ciervo. En una de sus [&hellip;]<!-- AddThis Advanced Settings generic via filter on get_the_excerpt --><!-- AddThis Share Buttons generic via filter on get_the_excerpt --><\/p>\n","protected":false},"author":29,"featured_media":0,"comment_status":"open","ping_status":"closed","sticky":false,"template":"","format":"standard","meta":[],"categories":[2],"tags":[],"_links":{"self":[{"href":"https:\/\/blogs.hoy.es\/lamiradaatenta\/wp-json\/wp\/v2\/posts\/149"}],"collection":[{"href":"https:\/\/blogs.hoy.es\/lamiradaatenta\/wp-json\/wp\/v2\/posts"}],"about":[{"href":"https:\/\/blogs.hoy.es\/lamiradaatenta\/wp-json\/wp\/v2\/types\/post"}],"author":[{"embeddable":true,"href":"https:\/\/blogs.hoy.es\/lamiradaatenta\/wp-json\/wp\/v2\/users\/29"}],"replies":[{"embeddable":true,"href":"https:\/\/blogs.hoy.es\/lamiradaatenta\/wp-json\/wp\/v2\/comments?post=149"}],"version-history":[{"count":0,"href":"https:\/\/blogs.hoy.es\/lamiradaatenta\/wp-json\/wp\/v2\/posts\/149\/revisions"}],"wp:attachment":[{"href":"https:\/\/blogs.hoy.es\/lamiradaatenta\/wp-json\/wp\/v2\/media?parent=149"}],"wp:term":[{"taxonomy":"category","embeddable":true,"href":"https:\/\/blogs.hoy.es\/lamiradaatenta\/wp-json\/wp\/v2\/categories?post=149"},{"taxonomy":"post_tag","embeddable":true,"href":"https:\/\/blogs.hoy.es\/lamiradaatenta\/wp-json\/wp\/v2\/tags?post=149"}],"curies":[{"name":"wp","href":"https:\/\/api.w.org\/{rel}","templated":true}]}}