{"id":153,"date":"2012-04-20T09:27:14","date_gmt":"2012-04-20T09:27:14","guid":{"rendered":"http:\/\/blogs.hoy.es\/lamiradaatenta\/?p=153"},"modified":"2012-04-20T09:27:14","modified_gmt":"2012-04-20T09:27:14","slug":"esperanza-aguirre-y-el-vendedor-de-cerezas","status":"publish","type":"post","link":"https:\/\/blogs.hoy.es\/lamiradaatenta\/2012\/04\/20\/esperanza-aguirre-y-el-vendedor-de-cerezas\/","title":{"rendered":"Esperanza Aguirre y el vendedor de cerezas"},"content":{"rendered":"<div id=\"attachment_154\" style=\"width: 660px\" class=\"wp-caption aligncenter\"><a href=\"Esperanza%20Aguirre%20en%20su%20visita%20a%20C%C3%A1ceres%20en%202001%20se%20par%C3%B3%20a%20comprar%20cerezas.\"><img aria-describedby=\"caption-attachment-154\" loading=\"lazy\" class=\"size-large wp-image-154\" title=\"Esperanza Aguirre en su visita a C\u00e1ceres en 2001 se par\u00f3 a comprar cerezas.\" src=\"\/lamiradaatenta\/wp-content\/uploads\/sites\/24\/2012\/04\/ESPERANZA-AGUIRRE-2001.jpg\" alt=\"Esperanza Aguirre en su visita a C\u00e1ceres en 2001 se par\u00f3 a comprar cerezas.\" width=\"650\" height=\"421\" srcset=\"https:\/\/static-blogs.hoy.es\/wp-content\/uploads\/sites\/24\/2012\/04\/ESPERANZA-AGUIRRE-2001.jpg 1849w, https:\/\/static-blogs.hoy.es\/wp-content\/uploads\/sites\/24\/2012\/04\/ESPERANZA-AGUIRRE-2001-150x97.jpg 150w, https:\/\/static-blogs.hoy.es\/wp-content\/uploads\/sites\/24\/2012\/04\/ESPERANZA-AGUIRRE-2001-300x195.jpg 300w, https:\/\/static-blogs.hoy.es\/wp-content\/uploads\/sites\/24\/2012\/04\/ESPERANZA-AGUIRRE-2001-768x498.jpg 768w, https:\/\/static-blogs.hoy.es\/wp-content\/uploads\/sites\/24\/2012\/04\/ESPERANZA-AGUIRRE-2001-650x422.jpg 650w\" sizes=\"(max-width: 650px) 100vw, 650px\" \/><\/a><p id=\"caption-attachment-154\" class=\"wp-caption-text\">Esperanza Aguirre en su visita a C\u00e1ceres en 2001 se par\u00f3 a comprar cerezas.<\/p><\/div>\n<p>Una visita de <strong>Esperanza Aguirre a C\u00e1ceres<\/strong> da para mucho y cientos de fotos. En el paseo que se dio por C\u00e1ceres en 2001 la <strong>mirada atenta<\/strong> se fij\u00f3 en el momento en el que la entonces <strong>presidenta del Senado<\/strong> se paraba espont\u00e1neamente ante un puesto ambulante de <strong>cerezas del Jerte<\/strong> y sacaba el monedero para llevarse unas cuantas. El <strong>ambulante<\/strong>, m\u00e1s acostumbrado a ser perseguido por las autoridades para que retire su puesto callejero que otra cosa, no cab\u00eda en s\u00ed de gozo y explot\u00f3 de alegr\u00eda en un batir de palmas con una alegr\u00eda tan contagiosa que hasta algunos miembros del s\u00e9quito que acompa\u00f1aba a Aguirre en su visita se arranc\u00f3 tambi\u00e9n a acompa\u00f1arle. El <strong>momento<\/strong> es en la mayor\u00eda de las ocasiones la clave de la mejor fotograf\u00eda posible.<\/p>\n<!-- AddThis Advanced Settings generic via filter on the_content --><!-- AddThis Share Buttons generic via filter on the_content -->","protected":false},"excerpt":{"rendered":"<p>Una visita de Esperanza Aguirre a C\u00e1ceres da para mucho y cientos de fotos. En el paseo que se dio por C\u00e1ceres en 2001 la mirada atenta se fij\u00f3 en el momento en el que la entonces presidenta del Senado se paraba espont\u00e1neamente ante un puesto ambulante de cerezas del Jerte y sacaba el monedero [&hellip;]<!-- AddThis Advanced Settings generic via filter on get_the_excerpt --><!-- AddThis Share Buttons generic via filter on get_the_excerpt --><\/p>\n","protected":false},"author":29,"featured_media":0,"comment_status":"open","ping_status":"closed","sticky":false,"template":"","format":"standard","meta":[],"categories":[2],"tags":[34,63,105,311],"_links":{"self":[{"href":"https:\/\/blogs.hoy.es\/lamiradaatenta\/wp-json\/wp\/v2\/posts\/153"}],"collection":[{"href":"https:\/\/blogs.hoy.es\/lamiradaatenta\/wp-json\/wp\/v2\/posts"}],"about":[{"href":"https:\/\/blogs.hoy.es\/lamiradaatenta\/wp-json\/wp\/v2\/types\/post"}],"author":[{"embeddable":true,"href":"https:\/\/blogs.hoy.es\/lamiradaatenta\/wp-json\/wp\/v2\/users\/29"}],"replies":[{"embeddable":true,"href":"https:\/\/blogs.hoy.es\/lamiradaatenta\/wp-json\/wp\/v2\/comments?post=153"}],"version-history":[{"count":0,"href":"https:\/\/blogs.hoy.es\/lamiradaatenta\/wp-json\/wp\/v2\/posts\/153\/revisions"}],"wp:attachment":[{"href":"https:\/\/blogs.hoy.es\/lamiradaatenta\/wp-json\/wp\/v2\/media?parent=153"}],"wp:term":[{"taxonomy":"category","embeddable":true,"href":"https:\/\/blogs.hoy.es\/lamiradaatenta\/wp-json\/wp\/v2\/categories?post=153"},{"taxonomy":"post_tag","embeddable":true,"href":"https:\/\/blogs.hoy.es\/lamiradaatenta\/wp-json\/wp\/v2\/tags?post=153"}],"curies":[{"name":"wp","href":"https:\/\/api.w.org\/{rel}","templated":true}]}}