{"id":157,"date":"2012-04-23T09:27:11","date_gmt":"2012-04-23T09:27:11","guid":{"rendered":"http:\/\/blogs.hoy.es\/lamiradaatenta\/?p=157"},"modified":"2012-04-23T09:27:11","modified_gmt":"2012-04-23T09:27:11","slug":"la-renuncia-de-guerra","status":"publish","type":"post","link":"https:\/\/blogs.hoy.es\/lamiradaatenta\/2012\/04\/23\/la-renuncia-de-guerra\/","title":{"rendered":"La renuncia de Guerra"},"content":{"rendered":"<div id=\"attachment_158\" style=\"width: 660px\" class=\"wp-caption aligncenter\"><img aria-describedby=\"caption-attachment-158\" loading=\"lazy\" class=\"size-large wp-image-158\" title=\"Congreso socialista de 1991, celebrado en C\u00e1ceres, en el que dimiti\u00f3 Alfonso Guerra. \" src=\"\/lamiradaatenta\/wp-content\/uploads\/sites\/24\/2012\/04\/ALFONSO-GUERRA.jpg\" alt=\"Congreso socialista de 1991, celebrado en C\u00e1ceres, en el que dimiti\u00f3 Alfonso Guerra. \" width=\"650\" height=\"417\" srcset=\"https:\/\/static-blogs.hoy.es\/wp-content\/uploads\/sites\/24\/2012\/04\/ALFONSO-GUERRA.jpg 4447w, https:\/\/static-blogs.hoy.es\/wp-content\/uploads\/sites\/24\/2012\/04\/ALFONSO-GUERRA-150x96.jpg 150w, https:\/\/static-blogs.hoy.es\/wp-content\/uploads\/sites\/24\/2012\/04\/ALFONSO-GUERRA-300x193.jpg 300w, https:\/\/static-blogs.hoy.es\/wp-content\/uploads\/sites\/24\/2012\/04\/ALFONSO-GUERRA-768x494.jpg 768w, https:\/\/static-blogs.hoy.es\/wp-content\/uploads\/sites\/24\/2012\/04\/ALFONSO-GUERRA-650x418.jpg 650w\" sizes=\"(max-width: 650px) 100vw, 650px\" \/><p id=\"caption-attachment-158\" class=\"wp-caption-text\">Congreso socialista de 1991, celebrado en C\u00e1ceres, en el que dimiti\u00f3 Alfonso Guerra.<\/p><\/div>\n<p>Sin comerlo ni beberlo, hay ocasiones en las que la suerte sorprende al cazador de im\u00e1genes, y una jornada en la que no se esperan grandes sobresaltos termina con un trofeo que pasar\u00e1 a la historia. Fue lo que le ocurri\u00f3 en 1991 a la <strong>Mirada Atenta<\/strong> de Lorenzo Cordero.<\/p>\n<p>El fot\u00f3grafo de prensa iba a cubrir de forma rutinaria un <strong>congreso socialista que se celebraba en C\u00e1ceres<\/strong>, y se top\u00f3 con la dimisi\u00f3n del entonces todopoderoso <a href=\"http:\/\/www.abc.es\/hemeroteca\/+Alfonso+Guerra\" target=\"_blank\" rel=\"external nofollow\">Alfonso Guerra<\/a>, salpicado por un esc\u00e1ndalo de corrupci\u00f3n protagonizado por su hermano.<\/p>\n<p>En la imagen congelada por el objetivo de Lorenzo queda clara la escena: un congreso aparentemente tranquilo, en el que destaca, iluminada en ese momento por la luz, el <strong>gesto crispado de Guerra<\/strong>, que contrasta con los rostros serenos, casi aburridos, del resto.<\/p>\n<!-- AddThis Advanced Settings generic via filter on the_content --><!-- AddThis Share Buttons generic via filter on the_content -->","protected":false},"excerpt":{"rendered":"<p>Sin comerlo ni beberlo, hay ocasiones en las que la suerte sorprende al cazador de im\u00e1genes, y una jornada en la que no se esperan grandes sobresaltos termina con un trofeo que pasar\u00e1 a la historia. Fue lo que le ocurri\u00f3 en 1991 a la Mirada Atenta de Lorenzo Cordero. El fot\u00f3grafo de prensa iba [&hellip;]<!-- AddThis Advanced Settings generic via filter on get_the_excerpt --><!-- AddThis Share Buttons generic via filter on get_the_excerpt --><\/p>\n","protected":false},"author":29,"featured_media":0,"comment_status":"open","ping_status":"closed","sticky":false,"template":"","format":"standard","meta":[],"categories":[2],"tags":[9,34,75,124,126,157,164,229],"_links":{"self":[{"href":"https:\/\/blogs.hoy.es\/lamiradaatenta\/wp-json\/wp\/v2\/posts\/157"}],"collection":[{"href":"https:\/\/blogs.hoy.es\/lamiradaatenta\/wp-json\/wp\/v2\/posts"}],"about":[{"href":"https:\/\/blogs.hoy.es\/lamiradaatenta\/wp-json\/wp\/v2\/types\/post"}],"author":[{"embeddable":true,"href":"https:\/\/blogs.hoy.es\/lamiradaatenta\/wp-json\/wp\/v2\/users\/29"}],"replies":[{"embeddable":true,"href":"https:\/\/blogs.hoy.es\/lamiradaatenta\/wp-json\/wp\/v2\/comments?post=157"}],"version-history":[{"count":0,"href":"https:\/\/blogs.hoy.es\/lamiradaatenta\/wp-json\/wp\/v2\/posts\/157\/revisions"}],"wp:attachment":[{"href":"https:\/\/blogs.hoy.es\/lamiradaatenta\/wp-json\/wp\/v2\/media?parent=157"}],"wp:term":[{"taxonomy":"category","embeddable":true,"href":"https:\/\/blogs.hoy.es\/lamiradaatenta\/wp-json\/wp\/v2\/categories?post=157"},{"taxonomy":"post_tag","embeddable":true,"href":"https:\/\/blogs.hoy.es\/lamiradaatenta\/wp-json\/wp\/v2\/tags?post=157"}],"curies":[{"name":"wp","href":"https:\/\/api.w.org\/{rel}","templated":true}]}}