{"id":160,"date":"2012-04-24T09:30:42","date_gmt":"2012-04-24T09:30:42","guid":{"rendered":"http:\/\/blogs.hoy.es\/lamiradaatenta\/?p=160"},"modified":"2012-04-24T09:30:42","modified_gmt":"2012-04-24T09:30:42","slug":"un-dedo-que-dio-que-hablar","status":"publish","type":"post","link":"https:\/\/blogs.hoy.es\/lamiradaatenta\/2012\/04\/24\/un-dedo-que-dio-que-hablar\/","title":{"rendered":"Un dedo que di\u00f3 que hablar"},"content":{"rendered":"<div id=\"attachment_161\" style=\"width: 660px\" class=\"wp-caption aligncenter\"><img aria-describedby=\"caption-attachment-161\" loading=\"lazy\" class=\"size-large wp-image-161\" title=\"Cumbre de Ministros de Asuntos Exteriores celebrada en C\u00e1ceres en 2002.\" src=\"\/lamiradaatenta\/wp-content\/uploads\/sites\/24\/2012\/04\/berlusconi-06.jpg\" alt=\"Cumbre de Ministros de Asuntos Exteriores celebrada en C\u00e1ceres en 2002.\" width=\"650\" height=\"406\" srcset=\"https:\/\/static-blogs.hoy.es\/wp-content\/uploads\/sites\/24\/2012\/04\/berlusconi-06.jpg 3312w, https:\/\/static-blogs.hoy.es\/wp-content\/uploads\/sites\/24\/2012\/04\/berlusconi-06-150x94.jpg 150w, https:\/\/static-blogs.hoy.es\/wp-content\/uploads\/sites\/24\/2012\/04\/berlusconi-06-300x188.jpg 300w, https:\/\/static-blogs.hoy.es\/wp-content\/uploads\/sites\/24\/2012\/04\/berlusconi-06-768x480.jpg 768w, https:\/\/static-blogs.hoy.es\/wp-content\/uploads\/sites\/24\/2012\/04\/berlusconi-06-650x407.jpg 650w\" sizes=\"(max-width: 650px) 100vw, 650px\" \/><p id=\"caption-attachment-161\" class=\"wp-caption-text\">Cumbre de Ministros de Asuntos Exteriores celebrada en C\u00e1ceres en 2002.<\/p><\/div>\n<p>Hay im\u00e1genes que valen m\u00e1s que mil palabras, y dedos acusatorios que duplican el precio con un simple gesto. Eso le pas\u00f3 a <strong>Josep Piqu\u00e9<\/strong> en 2002, cuando asist\u00eda como <strong>Ministro de Exteriores<\/strong> a una <strong>Cumbre Europea<\/strong> que se celebr\u00f3 en <strong>C\u00e1ceres<\/strong>. El italiano <strong>Silvio Berlusconi<\/strong> ya ten\u00eda la fama que luego se demostr\u00f3 m\u00e1s que merecida de mujeriego y lig\u00f3n irredento. Por si alguien no se hubiese dado cuenta de sus sonrisitas con otra participante en la cumbre, Piqu\u00e9 realiz\u00f3 un r\u00e1pido movimiento con su braz\u00f3 que se convirti\u00f3, para el ojo entrenado, en la flecha que se\u00f1alaba la foto del momento, que la <strong>Mirada Atent<\/strong>a no dej\u00f3 escapar.<\/p>\n<p>En ese encuentro, no fue esa la \u00fanica imagen que dio la vuelta al mundo, sino que Berlusconi tambi\u00e9n tuvo la ocurrencia de colocar <a href=\"http:\/\/www.hoy.es\/20080418\/badajoz\/cuernos-cacerenos-berlusconi-20080418.html\" target=\"_blank\" rel=\"external nofollow\">unos cuernos con la mano tras la cabeza de Piqu\u00e9. <\/a>Aquella foto tampoco tuvo desperdicio.<\/p>\n<p>&nbsp;<\/p>\n<p>&nbsp;<\/p>\n<!-- AddThis Advanced Settings generic via filter on the_content --><!-- AddThis Share Buttons generic via filter on the_content -->","protected":false},"excerpt":{"rendered":"<p>Hay im\u00e1genes que valen m\u00e1s que mil palabras, y dedos acusatorios que duplican el precio con un simple gesto. Eso le pas\u00f3 a Josep Piqu\u00e9 en 2002, cuando asist\u00eda como Ministro de Exteriores a una Cumbre Europea que se celebr\u00f3 en C\u00e1ceres. El italiano Silvio Berlusconi ya ten\u00eda la fama que luego se demostr\u00f3 m\u00e1s [&hellip;]<!-- AddThis Advanced Settings generic via filter on get_the_excerpt --><!-- AddThis Share Buttons generic via filter on get_the_excerpt --><\/p>\n","protected":false},"author":29,"featured_media":0,"comment_status":"open","ping_status":"closed","sticky":false,"template":"","format":"standard","meta":[],"categories":[2],"tags":[34,81,82,162,196,197,286],"_links":{"self":[{"href":"https:\/\/blogs.hoy.es\/lamiradaatenta\/wp-json\/wp\/v2\/posts\/160"}],"collection":[{"href":"https:\/\/blogs.hoy.es\/lamiradaatenta\/wp-json\/wp\/v2\/posts"}],"about":[{"href":"https:\/\/blogs.hoy.es\/lamiradaatenta\/wp-json\/wp\/v2\/types\/post"}],"author":[{"embeddable":true,"href":"https:\/\/blogs.hoy.es\/lamiradaatenta\/wp-json\/wp\/v2\/users\/29"}],"replies":[{"embeddable":true,"href":"https:\/\/blogs.hoy.es\/lamiradaatenta\/wp-json\/wp\/v2\/comments?post=160"}],"version-history":[{"count":0,"href":"https:\/\/blogs.hoy.es\/lamiradaatenta\/wp-json\/wp\/v2\/posts\/160\/revisions"}],"wp:attachment":[{"href":"https:\/\/blogs.hoy.es\/lamiradaatenta\/wp-json\/wp\/v2\/media?parent=160"}],"wp:term":[{"taxonomy":"category","embeddable":true,"href":"https:\/\/blogs.hoy.es\/lamiradaatenta\/wp-json\/wp\/v2\/categories?post=160"},{"taxonomy":"post_tag","embeddable":true,"href":"https:\/\/blogs.hoy.es\/lamiradaatenta\/wp-json\/wp\/v2\/tags?post=160"}],"curies":[{"name":"wp","href":"https:\/\/api.w.org\/{rel}","templated":true}]}}