{"id":163,"date":"2012-04-25T08:50:10","date_gmt":"2012-04-25T08:50:10","guid":{"rendered":"http:\/\/blogs.hoy.es\/lamiradaatenta\/?p=163"},"modified":"2012-04-25T08:50:10","modified_gmt":"2012-04-25T08:50:10","slug":"la-mirada-pillada-infraganti","status":"publish","type":"post","link":"https:\/\/blogs.hoy.es\/lamiradaatenta\/2012\/04\/25\/la-mirada-pillada-infraganti\/","title":{"rendered":"La mirada pillada infraganti"},"content":{"rendered":"<p>&nbsp;<\/p>\n<div id=\"attachment_164\" style=\"width: 660px\" class=\"wp-caption aligncenter\"><img aria-describedby=\"caption-attachment-164\" loading=\"lazy\" class=\"size-large wp-image-164\" title=\"Al actor Saza se le fue la vista y fue pillado infraganti (C\u00e1ceres, 1998).\" src=\"\/lamiradaatenta\/wp-content\/uploads\/sites\/24\/2012\/04\/SAZA-1998.jpg\" alt=\"Al actor Saza se le fue la vista y fue pillado infraganti (C\u00e1ceres, 1998).\" width=\"650\" height=\"975\" srcset=\"https:\/\/static-blogs.hoy.es\/wp-content\/uploads\/sites\/24\/2012\/04\/SAZA-1998.jpg 682w, https:\/\/static-blogs.hoy.es\/wp-content\/uploads\/sites\/24\/2012\/04\/SAZA-1998-100x150.jpg 100w, https:\/\/static-blogs.hoy.es\/wp-content\/uploads\/sites\/24\/2012\/04\/SAZA-1998-200x300.jpg 200w, https:\/\/static-blogs.hoy.es\/wp-content\/uploads\/sites\/24\/2012\/04\/SAZA-1998-650x976.jpg 650w\" sizes=\"(max-width: 650px) 100vw, 650px\" \/><p id=\"caption-attachment-164\" class=\"wp-caption-text\">Al actor Saza se le fue la vista y fue pillado infraganti (C\u00e1ceres, 1998).<\/p><\/div>\n<p>&nbsp;<\/p>\n<p>No es lo mismo mirar, que mirar y <strong>que te pillen mirando<\/strong>. Es lo que le pas\u00f3 en C\u00e1ceres al actor <a href=\"http:\/\/es.wikipedia.org\/wiki\/Jos%C3%A9_Sazatornil\" target=\"_blank\" rel=\"external nofollow\">Jos\u00e9 Sazatornil, &#8216;Saza&#8217;,<\/a> durante la gala de entrega de los <a href=\"http:\/\/www.hoy.es\/v\/20120318\/sociedad\/caceres-vive-noche-cine-20120318.html\" target=\"_blank\" rel=\"external nofollow\">premios San Pancracio de cine<\/a> de 1998. Durante la intervenci\u00f3n de la actriz <a href=\"http:\/\/www.hoy.es\/v\/20111231\/caceres\/ciudadano-kane-caceres-evita-20111231.html\" target=\"_blank\" rel=\"external nofollow\">Evita Peron\u00e9<\/a>, a Saza se le fue la vista al trasero de la componente de &#8216;<a href=\"http:\/\/www.hoy.es\/multimedia\/fotos\/ultimos\/82991-nuevo-videoclip-botika-0.html\" target=\"_blank\" rel=\"external nofollow\">La Botika&#8217;<\/a>, y la<strong> Mirada Atenta<\/strong> tampoco perdi\u00f3 mucho el tiempo. Como siempre, ten\u00eda listo su objetivo, y detuvo ese instante, que no sabemos si corto o largo, y lo hizo eterno en una fotograf\u00eda para siempre recordada.<\/p>\n<p>A partir de entonces, la mirada m\u00e1s que traicionera traicionada, pillada infraganti, se convirti\u00f3 en la principal an\u00e9cdota de la gala de los San Pancracio y en uno de los momentos m\u00e1s comentados de estos premios.<\/p>\n<!-- AddThis Advanced Settings generic via filter on the_content --><!-- AddThis Share Buttons generic via filter on the_content -->","protected":false},"excerpt":{"rendered":"<p>&nbsp; &nbsp; No es lo mismo mirar, que mirar y que te pillen mirando. Es lo que le pas\u00f3 en C\u00e1ceres al actor Jos\u00e9 Sazatornil, &#8216;Saza&#8217;, durante la gala de entrega de los premios San Pancracio de cine de 1998. Durante la intervenci\u00f3n de la actriz Evita Peron\u00e9, a Saza se le fue la vista [&hellip;]<!-- AddThis Advanced Settings generic via filter on get_the_excerpt --><!-- AddThis Share Buttons generic via filter on get_the_excerpt --><\/p>\n","protected":false},"author":29,"featured_media":0,"comment_status":"open","ping_status":"closed","sticky":false,"template":"","format":"standard","meta":[],"categories":[2],"tags":[34,70,107,124,126,131,161,170,197,229,246,281],"_links":{"self":[{"href":"https:\/\/blogs.hoy.es\/lamiradaatenta\/wp-json\/wp\/v2\/posts\/163"}],"collection":[{"href":"https:\/\/blogs.hoy.es\/lamiradaatenta\/wp-json\/wp\/v2\/posts"}],"about":[{"href":"https:\/\/blogs.hoy.es\/lamiradaatenta\/wp-json\/wp\/v2\/types\/post"}],"author":[{"embeddable":true,"href":"https:\/\/blogs.hoy.es\/lamiradaatenta\/wp-json\/wp\/v2\/users\/29"}],"replies":[{"embeddable":true,"href":"https:\/\/blogs.hoy.es\/lamiradaatenta\/wp-json\/wp\/v2\/comments?post=163"}],"version-history":[{"count":0,"href":"https:\/\/blogs.hoy.es\/lamiradaatenta\/wp-json\/wp\/v2\/posts\/163\/revisions"}],"wp:attachment":[{"href":"https:\/\/blogs.hoy.es\/lamiradaatenta\/wp-json\/wp\/v2\/media?parent=163"}],"wp:term":[{"taxonomy":"category","embeddable":true,"href":"https:\/\/blogs.hoy.es\/lamiradaatenta\/wp-json\/wp\/v2\/categories?post=163"},{"taxonomy":"post_tag","embeddable":true,"href":"https:\/\/blogs.hoy.es\/lamiradaatenta\/wp-json\/wp\/v2\/tags?post=163"}],"curies":[{"name":"wp","href":"https:\/\/api.w.org\/{rel}","templated":true}]}}