{"id":168,"date":"2012-04-27T11:37:44","date_gmt":"2012-04-27T09:37:44","guid":{"rendered":"http:\/\/blogs.hoy.es\/lamiradaatenta\/?p=168"},"modified":"2012-04-27T11:37:44","modified_gmt":"2012-04-27T09:37:44","slug":"168","status":"publish","type":"post","link":"https:\/\/blogs.hoy.es\/lamiradaatenta\/2012\/04\/27\/168\/","title":{"rendered":"El gran ej\u00e9rcito de Longinos"},"content":{"rendered":"<div id=\"attachment_169\" style=\"width: 601px\" class=\"wp-caption aligncenter\"><img aria-describedby=\"caption-attachment-169\" loading=\"lazy\" class=\"size-full wp-image-169\" title=\"2003. Longinos, el \u00faltimo pastor trashumante de Extremadura en los puentes sobre el Tajo.\" src=\"\/lamiradaatenta\/wp-content\/uploads\/sites\/24\/2012\/04\/010.jpg\" alt=\"2003. Longinos, el \u00faltimo pastor trashumante de Extremadura en los puentes sobre el Tajo.\" width=\"591\" height=\"422\" srcset=\"https:\/\/static-blogs.hoy.es\/wp-content\/uploads\/sites\/24\/2012\/04\/010.jpg 591w, https:\/\/static-blogs.hoy.es\/wp-content\/uploads\/sites\/24\/2012\/04\/010-150x107.jpg 150w, https:\/\/static-blogs.hoy.es\/wp-content\/uploads\/sites\/24\/2012\/04\/010-300x214.jpg 300w\" sizes=\"(max-width: 591px) 100vw, 591px\" \/><p id=\"caption-attachment-169\" class=\"wp-caption-text\">2003. Longinos, el \u00faltimo pastor trashumante de Extremadura en los puentes sobre el Tajo.<\/p><\/div>\n<p>La expresi\u00f3n de la mirada de <strong>Longinos<\/strong>, esa cara marcada por las arrugas de la dura vida del pastor, jugar con la composici\u00f3n de la fotograf\u00eda a\u00f1adiendo los tres puentes (el m\u00e1s antiguo de ellos del siglo XVI ) y la buena iluminaci\u00f3n y detalles, hacen de esta imagen una de las mejores que he realizado en los casi 24 a\u00f1os que llevo trabajando como fot\u00f3grafo de prensa. El reportaje consigui\u00f3 el premio de periodismo del<a href=\"http:\/\/www.hoy.es\/v\/20110716\/sociedad\/copa-premios-consejo-asesor-20110716.html\" target=\"_blank\" rel=\"external nofollow\"> Consejo Asesor de RTVE en Extremadura<\/a>.<\/p>\n<p>La realizaci\u00f3n del reportaje fue <strong>apasionante y duro<\/strong>. Empezamos al amanecer y terminamos con la caida del sol, despu\u00e9s de haber recorrido a pie junto a un <strong>ej\u00e9rcito de 1.400 ovejas<\/strong>, cerca de 40 kil\u00f3metros por la <strong>ca\u00f1ada real<\/strong>. Fue un viaje de frio, sol y lluvia en el que tuve la suerte de compartir las viviencias de este pastor junto a mi compa\u00f1ero <strong>Antonio Armero<\/strong>.<\/p>\n<!-- AddThis Advanced Settings generic via filter on the_content --><!-- AddThis Share Buttons generic via filter on the_content -->","protected":false},"excerpt":{"rendered":"<p>La expresi\u00f3n de la mirada de Longinos, esa cara marcada por las arrugas de la dura vida del pastor, jugar con la composici\u00f3n de la fotograf\u00eda a\u00f1adiendo los tres puentes (el m\u00e1s antiguo de ellos del siglo XVI ) y la buena iluminaci\u00f3n y detalles, hacen de esta imagen una de las mejores que he [&hellip;]<!-- AddThis Advanced Settings generic via filter on get_the_excerpt --><!-- AddThis Share Buttons generic via filter on get_the_excerpt --><\/p>\n","protected":false},"author":29,"featured_media":0,"comment_status":"open","ping_status":"closed","sticky":false,"template":"","format":"standard","meta":[],"categories":[2],"tags":[49,76,110,124,126,178,227,229,287,296],"_links":{"self":[{"href":"https:\/\/blogs.hoy.es\/lamiradaatenta\/wp-json\/wp\/v2\/posts\/168"}],"collection":[{"href":"https:\/\/blogs.hoy.es\/lamiradaatenta\/wp-json\/wp\/v2\/posts"}],"about":[{"href":"https:\/\/blogs.hoy.es\/lamiradaatenta\/wp-json\/wp\/v2\/types\/post"}],"author":[{"embeddable":true,"href":"https:\/\/blogs.hoy.es\/lamiradaatenta\/wp-json\/wp\/v2\/users\/29"}],"replies":[{"embeddable":true,"href":"https:\/\/blogs.hoy.es\/lamiradaatenta\/wp-json\/wp\/v2\/comments?post=168"}],"version-history":[{"count":0,"href":"https:\/\/blogs.hoy.es\/lamiradaatenta\/wp-json\/wp\/v2\/posts\/168\/revisions"}],"wp:attachment":[{"href":"https:\/\/blogs.hoy.es\/lamiradaatenta\/wp-json\/wp\/v2\/media?parent=168"}],"wp:term":[{"taxonomy":"category","embeddable":true,"href":"https:\/\/blogs.hoy.es\/lamiradaatenta\/wp-json\/wp\/v2\/categories?post=168"},{"taxonomy":"post_tag","embeddable":true,"href":"https:\/\/blogs.hoy.es\/lamiradaatenta\/wp-json\/wp\/v2\/tags?post=168"}],"curies":[{"name":"wp","href":"https:\/\/api.w.org\/{rel}","templated":true}]}}