{"id":172,"date":"2012-04-30T17:49:05","date_gmt":"2012-04-30T15:49:05","guid":{"rendered":"http:\/\/blogs.hoy.es\/lamiradaatenta\/?p=172"},"modified":"2012-04-30T17:49:05","modified_gmt":"2012-04-30T15:49:05","slug":"172","status":"publish","type":"post","link":"https:\/\/blogs.hoy.es\/lamiradaatenta\/2012\/04\/30\/172\/","title":{"rendered":"Una marcha contra el paro bajo la lluvia"},"content":{"rendered":"<div id=\"attachment_173\" style=\"width: 660px\" class=\"wp-caption aligncenter\"><img aria-describedby=\"caption-attachment-173\" loading=\"lazy\" class=\"size-large wp-image-173\" title=\"Extreme\u00f1os participantes en una marcha contra el paro que terminaba en M\u00e9rida, en abril de 1994\" src=\"\/lamiradaatenta\/wp-content\/uploads\/sites\/24\/2012\/04\/marcha-paro.jpg\" alt=\"Extreme\u00f1os participantes en una marcha contra el paro que terminaba en M\u00e9rida, en abril de 1994.\" width=\"650\" height=\"451\" srcset=\"https:\/\/static-blogs.hoy.es\/wp-content\/uploads\/sites\/24\/2012\/04\/marcha-paro.jpg 2053w, https:\/\/static-blogs.hoy.es\/wp-content\/uploads\/sites\/24\/2012\/04\/marcha-paro-150x104.jpg 150w, https:\/\/static-blogs.hoy.es\/wp-content\/uploads\/sites\/24\/2012\/04\/marcha-paro-300x209.jpg 300w, https:\/\/static-blogs.hoy.es\/wp-content\/uploads\/sites\/24\/2012\/04\/marcha-paro-768x534.jpg 768w, https:\/\/static-blogs.hoy.es\/wp-content\/uploads\/sites\/24\/2012\/04\/marcha-paro-650x452.jpg 650w\" sizes=\"(max-width: 650px) 100vw, 650px\" \/><p id=\"caption-attachment-173\" class=\"wp-caption-text\">Extreme\u00f1os participantes en una marcha contra el paro que terminaba en M\u00e9rida, en abril de 1994.<\/p><\/div>\n<p>Llov\u00eda, pero dio igual. Era el <strong>24 de abril de 1994<\/strong>.\u00a0 Medio millar de extreme\u00f1os salieron a primera hora de la ma\u00f1ana en cuatro columnas de Badajoz, Zafra, Villanueva de la Serena y C\u00e1ceres . Cada columna recorri\u00f3 unos 60 kil\u00f3metros con el prop\u00f3sito de confluir sobre las ocho de la tarde en M\u00e9rida, donde les esperaba el <strong>entonces coordinador nacional de IU,<\/strong> <a href=\"http:\/\/www.hoy.es\/videos\/noticias-de-extremadura\/extremadura\/1283461475001-rueda-prensa-julio-anguita.html\" target=\"_blank\" rel=\"external nofollow\">Julio Anguita<\/a>. La Mirada Atenta se encontr\u00f3 aquel d\u00eda con la columna que hab\u00eda salido de C\u00e1ceres a la altura de Valdesalor. Sus rostros estaban mojados, pero no mostraban cansancio ni muecas de protesta por el mal tiempo. Hoy ha rescatado esta fotograf\u00eda del ba\u00fal de los recuerdos con una reflexi\u00f3n: <strong>\u00bfcu\u00e1ntos trabajadores se movilizar\u00e1n contra el paro ma\u00f1ana?<\/strong><\/p>\n<!-- AddThis Advanced Settings generic via filter on the_content --><!-- AddThis Share Buttons generic via filter on the_content -->","protected":false},"excerpt":{"rendered":"<p>Llov\u00eda, pero dio igual. Era el 24 de abril de 1994.\u00a0 Medio millar de extreme\u00f1os salieron a primera hora de la ma\u00f1ana en cuatro columnas de Badajoz, Zafra, Villanueva de la Serena y C\u00e1ceres . Cada columna recorri\u00f3 unos 60 kil\u00f3metros con el prop\u00f3sito de confluir sobre las ocho de la tarde en M\u00e9rida, donde [&hellip;]<!-- AddThis Advanced Settings generic via filter on get_the_excerpt --><!-- AddThis Share Buttons generic via filter on get_the_excerpt --><\/p>\n","protected":false},"author":29,"featured_media":0,"comment_status":"open","ping_status":"closed","sticky":false,"template":"","format":"standard","meta":[],"categories":[2],"tags":[22,34,152,166,187,193,294,314,322],"_links":{"self":[{"href":"https:\/\/blogs.hoy.es\/lamiradaatenta\/wp-json\/wp\/v2\/posts\/172"}],"collection":[{"href":"https:\/\/blogs.hoy.es\/lamiradaatenta\/wp-json\/wp\/v2\/posts"}],"about":[{"href":"https:\/\/blogs.hoy.es\/lamiradaatenta\/wp-json\/wp\/v2\/types\/post"}],"author":[{"embeddable":true,"href":"https:\/\/blogs.hoy.es\/lamiradaatenta\/wp-json\/wp\/v2\/users\/29"}],"replies":[{"embeddable":true,"href":"https:\/\/blogs.hoy.es\/lamiradaatenta\/wp-json\/wp\/v2\/comments?post=172"}],"version-history":[{"count":0,"href":"https:\/\/blogs.hoy.es\/lamiradaatenta\/wp-json\/wp\/v2\/posts\/172\/revisions"}],"wp:attachment":[{"href":"https:\/\/blogs.hoy.es\/lamiradaatenta\/wp-json\/wp\/v2\/media?parent=172"}],"wp:term":[{"taxonomy":"category","embeddable":true,"href":"https:\/\/blogs.hoy.es\/lamiradaatenta\/wp-json\/wp\/v2\/categories?post=172"},{"taxonomy":"post_tag","embeddable":true,"href":"https:\/\/blogs.hoy.es\/lamiradaatenta\/wp-json\/wp\/v2\/tags?post=172"}],"curies":[{"name":"wp","href":"https:\/\/api.w.org\/{rel}","templated":true}]}}