{"id":175,"date":"2012-05-02T18:26:24","date_gmt":"2012-05-02T16:26:24","guid":{"rendered":"http:\/\/blogs.hoy.es\/lamiradaatenta\/?p=175"},"modified":"2012-05-02T18:26:24","modified_gmt":"2012-05-02T16:26:24","slug":"inaki-y-cristina-felices-en-plasencia","status":"publish","type":"post","link":"https:\/\/blogs.hoy.es\/lamiradaatenta\/2012\/05\/02\/inaki-y-cristina-felices-en-plasencia\/","title":{"rendered":"I\u00f1aki y Cristina, felices en Plasencia"},"content":{"rendered":"<div id=\"attachment_176\" style=\"width: 660px\" class=\"wp-caption aligncenter\"><img aria-describedby=\"caption-attachment-176\" loading=\"lazy\" class=\"size-large wp-image-176\" title=\"I\u00f1aki Urdangar\u00edn, la infanta Cristina y el pr\u00edncipe Felipe en la boda de Sandra Falc\u00f3 en Plasencia (30 de mayo de 1998)\" src=\"\/lamiradaatenta\/wp-content\/uploads\/sites\/24\/2012\/05\/urbangarin-02.jpg\" alt=\"I\u00f1aki Urdangar\u00edn, la infanta Cristina y el pr\u00edncipe Felipe en la boda de Sandra Falc\u00f3 en Plasencia (30 de mayo de 1998)\" width=\"650\" height=\"406\" srcset=\"https:\/\/static-blogs.hoy.es\/wp-content\/uploads\/sites\/24\/2012\/05\/urbangarin-02.jpg 3303w, https:\/\/static-blogs.hoy.es\/wp-content\/uploads\/sites\/24\/2012\/05\/urbangarin-02-150x94.jpg 150w, https:\/\/static-blogs.hoy.es\/wp-content\/uploads\/sites\/24\/2012\/05\/urbangarin-02-300x187.jpg 300w, https:\/\/static-blogs.hoy.es\/wp-content\/uploads\/sites\/24\/2012\/05\/urbangarin-02-768x480.jpg 768w, https:\/\/static-blogs.hoy.es\/wp-content\/uploads\/sites\/24\/2012\/05\/urbangarin-02-650x406.jpg 650w\" sizes=\"(max-width: 650px) 100vw, 650px\" \/><p id=\"caption-attachment-176\" class=\"wp-caption-text\">I\u00f1aki Urdangar\u00edn, la infanta Cristina y el pr\u00edncipe Felipe en la boda de Sandra Falc\u00f3 en Plasencia (30 de mayo de 1998)<\/p><\/div>\n<p>La imagen de la <strong>felicidad<\/strong>. Es lo que capt\u00f3 la <strong>Mirada Atenta<\/strong> hace m\u00e1s de 14 a\u00f1os en <strong>Plasencia<\/strong>, cuando enfoc\u00f3 con su objetivo a <strong>I\u00f1aki Urdangar\u00edn<\/strong> que acompa\u00f1aba a su reci\u00e9n esposada <strong>infanta Cristina<\/strong>, y al <strong>pr\u00edncipe Felipe<\/strong>, en la boda de <strong>Sandra Falc\u00f3<\/strong>, que se cas\u00f3 en Plasencia con <strong>Jaime Carvajal<\/strong>.<\/p>\n<p>Los tres miembros de la <strong>Casa Real<\/strong> pasearon sonrientes y relajados por los alrededores de la <strong>catedral placentin<\/strong>a, y posaron ante fot\u00f3grafos y curiosos sin que nada ni nadie enturbiara su evidente complicidad con el pueblo. De la infanta Cristina dijeron entonces las cr\u00f3nicas mundanas que iba vestida con &#8220;un sencillo traje color chaqueta, color vainilla&#8221;, mientras que de I\u00f1aki Urdangar\u00edn comentaron que presentaba &#8220;una impecable percha para un impecable traje oscuro&#8221;.<\/p>\n<p>Era mayo de 1998, y todo en la Casa Real luc\u00eda impecable ante las c\u00e1maras.<\/p>\n<p>&nbsp;<\/p>\n<!-- AddThis Advanced Settings generic via filter on the_content --><!-- AddThis Share Buttons generic via filter on the_content -->","protected":false},"excerpt":{"rendered":"<p>La imagen de la felicidad. Es lo que capt\u00f3 la Mirada Atenta hace m\u00e1s de 14 a\u00f1os en Plasencia, cuando enfoc\u00f3 con su objetivo a I\u00f1aki Urdangar\u00edn que acompa\u00f1aba a su reci\u00e9n esposada infanta Cristina, y al pr\u00edncipe Felipe, en la boda de Sandra Falc\u00f3, que se cas\u00f3 en Plasencia con Jaime Carvajal. Los tres [&hellip;]<!-- AddThis Advanced Settings generic via filter on get_the_excerpt --><!-- AddThis Share Buttons generic via filter on get_the_excerpt --><\/p>\n","protected":false},"author":29,"featured_media":0,"comment_status":"open","ping_status":"closed","sticky":false,"template":"","format":"standard","meta":[],"categories":[2],"tags":[30,57,124,126,145,148,229,234,252,277],"_links":{"self":[{"href":"https:\/\/blogs.hoy.es\/lamiradaatenta\/wp-json\/wp\/v2\/posts\/175"}],"collection":[{"href":"https:\/\/blogs.hoy.es\/lamiradaatenta\/wp-json\/wp\/v2\/posts"}],"about":[{"href":"https:\/\/blogs.hoy.es\/lamiradaatenta\/wp-json\/wp\/v2\/types\/post"}],"author":[{"embeddable":true,"href":"https:\/\/blogs.hoy.es\/lamiradaatenta\/wp-json\/wp\/v2\/users\/29"}],"replies":[{"embeddable":true,"href":"https:\/\/blogs.hoy.es\/lamiradaatenta\/wp-json\/wp\/v2\/comments?post=175"}],"version-history":[{"count":0,"href":"https:\/\/blogs.hoy.es\/lamiradaatenta\/wp-json\/wp\/v2\/posts\/175\/revisions"}],"wp:attachment":[{"href":"https:\/\/blogs.hoy.es\/lamiradaatenta\/wp-json\/wp\/v2\/media?parent=175"}],"wp:term":[{"taxonomy":"category","embeddable":true,"href":"https:\/\/blogs.hoy.es\/lamiradaatenta\/wp-json\/wp\/v2\/categories?post=175"},{"taxonomy":"post_tag","embeddable":true,"href":"https:\/\/blogs.hoy.es\/lamiradaatenta\/wp-json\/wp\/v2\/tags?post=175"}],"curies":[{"name":"wp","href":"https:\/\/api.w.org\/{rel}","templated":true}]}}