{"id":18,"date":"2012-03-12T08:40:24","date_gmt":"2012-03-12T08:40:24","guid":{"rendered":"http:\/\/blogs.hoy.es\/lamiradaatenta\/?p=18"},"modified":"2012-03-12T08:40:24","modified_gmt":"2012-03-12T08:40:24","slug":"mirada-indiscreta-o-mirada-directa","status":"publish","type":"post","link":"https:\/\/blogs.hoy.es\/lamiradaatenta\/2012\/03\/12\/mirada-indiscreta-o-mirada-directa\/","title":{"rendered":"\u00bfMirada indiscreta o mirada directa?"},"content":{"rendered":"<div id=\"attachment_19\" style=\"width: 601px\" class=\"wp-caption aligncenter\"><a href=\"https:\/\/blogs.hoy.es\/lamiradaatenta\/2012\/03\/12\/%c2%bfmirada-indiscreta-o-mirada-directa\/attachment\/018\/\" rel=\"attachment wp-att-19\"><img aria-describedby=\"caption-attachment-19\" loading=\"lazy\" class=\"size-full wp-image-19\" title=\"Desfile de moda en la sala Capitl (1990).\" src=\"\/lamiradaatenta\/wp-content\/uploads\/sites\/24\/2012\/03\/018.jpg\" alt=\"Desfile de moda en la sala Capitl (1990).\" width=\"591\" height=\"827\" srcset=\"https:\/\/static-blogs.hoy.es\/wp-content\/uploads\/sites\/24\/2012\/03\/018.jpg 591w, https:\/\/static-blogs.hoy.es\/wp-content\/uploads\/sites\/24\/2012\/03\/018-107x150.jpg 107w, https:\/\/static-blogs.hoy.es\/wp-content\/uploads\/sites\/24\/2012\/03\/018-214x300.jpg 214w\" sizes=\"(max-width: 591px) 100vw, 591px\" \/><\/a><p id=\"caption-attachment-19\" class=\"wp-caption-text\">Desfile de moda en la sala Capitol (1990).<\/p><\/div>\n<p>\u00bfMirada indiscreta o mirada directa? La fotograf\u00eda hace compatible ambas cosas durante un desfile de moda en la Sala Capitol (1990). Uno de los principales enemigos de cualquier fot\u00f3grafo de prensa es la prisa. Mejor para ahora que para dentro de un rato. Son pocas ocasiones en que el fotoperiodista puede trabajar con las circunstancias propias del fot\u00f3grafo de estudio. Sin embargo, las im\u00e1genes no entienden de circunstancias. Todas est\u00e1n sujetas a las mismas leyes: las de la luz, la composici\u00f3n, el color, la expresividad&#8230;<\/p>\n<!-- AddThis Advanced Settings generic via filter on the_content --><!-- AddThis Share Buttons generic via filter on the_content -->","protected":false},"excerpt":{"rendered":"<p>\u00bfMirada indiscreta o mirada directa? La fotograf\u00eda hace compatible ambas cosas durante un desfile de moda en la Sala Capitol (1990). Uno de los principales enemigos de cualquier fot\u00f3grafo de prensa es la prisa. Mejor para ahora que para dentro de un rato. Son pocas ocasiones en que el fotoperiodista puede trabajar con las circunstancias [&hellip;]<!-- AddThis Advanced Settings generic via filter on get_the_excerpt --><!-- AddThis Share Buttons generic via filter on get_the_excerpt --><\/p>\n","protected":false},"author":29,"featured_media":0,"comment_status":"open","ping_status":"closed","sticky":false,"template":"","format":"standard","meta":[],"categories":[2],"tags":[34,110,124,126,179,197,276],"_links":{"self":[{"href":"https:\/\/blogs.hoy.es\/lamiradaatenta\/wp-json\/wp\/v2\/posts\/18"}],"collection":[{"href":"https:\/\/blogs.hoy.es\/lamiradaatenta\/wp-json\/wp\/v2\/posts"}],"about":[{"href":"https:\/\/blogs.hoy.es\/lamiradaatenta\/wp-json\/wp\/v2\/types\/post"}],"author":[{"embeddable":true,"href":"https:\/\/blogs.hoy.es\/lamiradaatenta\/wp-json\/wp\/v2\/users\/29"}],"replies":[{"embeddable":true,"href":"https:\/\/blogs.hoy.es\/lamiradaatenta\/wp-json\/wp\/v2\/comments?post=18"}],"version-history":[{"count":0,"href":"https:\/\/blogs.hoy.es\/lamiradaatenta\/wp-json\/wp\/v2\/posts\/18\/revisions"}],"wp:attachment":[{"href":"https:\/\/blogs.hoy.es\/lamiradaatenta\/wp-json\/wp\/v2\/media?parent=18"}],"wp:term":[{"taxonomy":"category","embeddable":true,"href":"https:\/\/blogs.hoy.es\/lamiradaatenta\/wp-json\/wp\/v2\/categories?post=18"},{"taxonomy":"post_tag","embeddable":true,"href":"https:\/\/blogs.hoy.es\/lamiradaatenta\/wp-json\/wp\/v2\/tags?post=18"}],"curies":[{"name":"wp","href":"https:\/\/api.w.org\/{rel}","templated":true}]}}