{"id":182,"date":"2012-05-07T12:41:50","date_gmt":"2012-05-07T10:41:50","guid":{"rendered":"http:\/\/blogs.hoy.es\/lamiradaatenta\/?p=182"},"modified":"2012-05-07T12:41:50","modified_gmt":"2012-05-07T10:41:50","slug":"tragedia-en-el-tunel","status":"publish","type":"post","link":"https:\/\/blogs.hoy.es\/lamiradaatenta\/2012\/05\/07\/tragedia-en-el-tunel\/","title":{"rendered":"Tragedia en el t\u00fanel"},"content":{"rendered":"<div id=\"attachment_184\" style=\"width: 660px\" class=\"wp-caption aligncenter\"><img aria-describedby=\"caption-attachment-184\" loading=\"lazy\" class=\"size-large wp-image-184\" title=\"Los compa\u00f1eros de los obreros afectados por la explosi\u00f3n sal\u00edan llorando del t\u00fanel de Miravete (15 de febrero de 1994).\" src=\"\/lamiradaatenta\/wp-content\/uploads\/sites\/24\/2012\/05\/MIRAVETEfeten1.jpg\" alt=\"Los compa\u00f1eros de los obreros afectados por la explosi\u00f3n sal\u00edan llorando del t\u00fanel de Miravete (15 de febrero de 1994).\" width=\"650\" height=\"452\" srcset=\"https:\/\/static-blogs.hoy.es\/wp-content\/uploads\/sites\/24\/2012\/05\/MIRAVETEfeten1.jpg 900w, https:\/\/static-blogs.hoy.es\/wp-content\/uploads\/sites\/24\/2012\/05\/MIRAVETEfeten1-150x104.jpg 150w, https:\/\/static-blogs.hoy.es\/wp-content\/uploads\/sites\/24\/2012\/05\/MIRAVETEfeten1-300x209.jpg 300w, https:\/\/static-blogs.hoy.es\/wp-content\/uploads\/sites\/24\/2012\/05\/MIRAVETEfeten1-768x534.jpg 768w, https:\/\/static-blogs.hoy.es\/wp-content\/uploads\/sites\/24\/2012\/05\/MIRAVETEfeten1-650x452.jpg 650w\" sizes=\"(max-width: 650px) 100vw, 650px\" \/><p id=\"caption-attachment-184\" class=\"wp-caption-text\">Los compa\u00f1eros de los obreros afectados por la explosi\u00f3n sal\u00edan llorando del t\u00fanel de Miravete (15 de febrero de 1994).<\/p><\/div>\n<p>Los reporteros de prensa tienen <strong>coraz\u00f3n<\/strong>, aunque su sentido del deber les lleva a <strong>guardarlo un rato en la mochila<\/strong> mientras se termina el trabajo. Sin embargo, las heridas y los recuerdos permanecen porque ninguna mochila protege de la conmoci\u00f3n que produce la tragedia al golpear. La<strong> Mirada Atenta de Lorenzo Cordero<\/strong> a\u00fan sigue conmovida por el llanto de los compa\u00f1eros de los siete trabajadores sobre los que se derrumb\u00f3 e<strong>l t\u00fanel de Miravete<\/strong> durante su construcci\u00f3n, <a href=\"http:\/\/www.hoy.es\/20090807\/caceres\/supremo-obliga-indemnizar-familias-20090807.html\" target=\"_blank\" rel=\"external nofollow\">el 15 de febrero de 1994.<\/a><\/p>\n<p>Llov\u00eda, y la oscuridad y el agua dificultaron el acceso al lugar. Lorenzo Cordero, y su compa\u00f1ero Pablo Calvo pararon justo al borde del barranco. Los compa\u00f1eros de los trabajadores afectados por la explosi\u00f3n <strong>sal\u00edan llorando del t\u00fane<\/strong>l. Justo antes, hab\u00edan estado sacando los restos de los obreros en bolsas de pl\u00e1stico ayudados por los bomberos.<\/p>\n<p>Con el coraz\u00f3n ecogido, resguardado en la mochila, la Mirada Atenta recogi\u00f3 el momento en el recuerdo y con el objetivo de su c\u00e1mara. Le avisaron del <strong>peligro de\u00a0 explosi\u00f3n<\/strong> si hac\u00eda fotos con flash ya que quedaban cargas de explosivos con sus detonadores que se pod\u00edan activar con el destello. Las opciones que quedaban para seguir trabajando eran entonces pocas, ya que la oscuridad imposibilitaba coger buenas instant\u00e1neas. Al final opt\u00f3 por mantenerse lo m\u00e1s alejado posible de los detonadores y utilizar el flash con la menor potencia posible.<\/p>\n<p>&nbsp;<\/p>\n<!-- AddThis Advanced Settings generic via filter on the_content --><!-- AddThis Share Buttons generic via filter on the_content -->","protected":false},"excerpt":{"rendered":"<p>Los reporteros de prensa tienen coraz\u00f3n, aunque su sentido del deber les lleva a guardarlo un rato en la mochila mientras se termina el trabajo. Sin embargo, las heridas y los recuerdos permanecen porque ninguna mochila protege de la conmoci\u00f3n que produce la tragedia al golpear. La Mirada Atenta de Lorenzo Cordero a\u00fan sigue conmovida [&hellip;]<!-- AddThis Advanced Settings generic via filter on get_the_excerpt --><!-- AddThis Share Buttons generic via filter on get_the_excerpt --><\/p>\n","protected":false},"author":29,"featured_media":0,"comment_status":"open","ping_status":"closed","sticky":false,"template":"","format":"standard","meta":[],"categories":[2],"tags":[78,108,139,179,207,301],"_links":{"self":[{"href":"https:\/\/blogs.hoy.es\/lamiradaatenta\/wp-json\/wp\/v2\/posts\/182"}],"collection":[{"href":"https:\/\/blogs.hoy.es\/lamiradaatenta\/wp-json\/wp\/v2\/posts"}],"about":[{"href":"https:\/\/blogs.hoy.es\/lamiradaatenta\/wp-json\/wp\/v2\/types\/post"}],"author":[{"embeddable":true,"href":"https:\/\/blogs.hoy.es\/lamiradaatenta\/wp-json\/wp\/v2\/users\/29"}],"replies":[{"embeddable":true,"href":"https:\/\/blogs.hoy.es\/lamiradaatenta\/wp-json\/wp\/v2\/comments?post=182"}],"version-history":[{"count":0,"href":"https:\/\/blogs.hoy.es\/lamiradaatenta\/wp-json\/wp\/v2\/posts\/182\/revisions"}],"wp:attachment":[{"href":"https:\/\/blogs.hoy.es\/lamiradaatenta\/wp-json\/wp\/v2\/media?parent=182"}],"wp:term":[{"taxonomy":"category","embeddable":true,"href":"https:\/\/blogs.hoy.es\/lamiradaatenta\/wp-json\/wp\/v2\/categories?post=182"},{"taxonomy":"post_tag","embeddable":true,"href":"https:\/\/blogs.hoy.es\/lamiradaatenta\/wp-json\/wp\/v2\/tags?post=182"}],"curies":[{"name":"wp","href":"https:\/\/api.w.org\/{rel}","templated":true}]}}