{"id":185,"date":"2012-05-09T14:11:04","date_gmt":"2012-05-09T12:11:04","guid":{"rendered":"http:\/\/blogs.hoy.es\/lamiradaatenta\/?p=185"},"modified":"2012-05-09T14:11:04","modified_gmt":"2012-05-09T12:11:04","slug":"ven-a-la-fiesta-del-calor","status":"publish","type":"post","link":"https:\/\/blogs.hoy.es\/lamiradaatenta\/2012\/05\/09\/ven-a-la-fiesta-del-calor\/","title":{"rendered":"Ven a la fiesta del calor"},"content":{"rendered":"<p>El <strong>calor<\/strong> ha sorprendido a Extremadura todav\u00eda con el armario sin cambiar, con las camisetas en el altillo, y el paraguas en el coche para por si acaso. Acostumbrados de todas formas a las <strong>primaveras traicioneras<\/strong>, esas que aceleran los term\u00f3metros de cero a 30 en un d\u00eda, los cacere\u00f1os se resignan a ir <strong>por la sombra y a remangarse la camisa<\/strong> hasta llegar a casa y degustar el primer gazpacho veraniego.<\/p>\n<p>Pero a <strong>los turistas que llegan del fr\u00edo<\/strong>, el calor del verano adelantado los convierte en alegres lagartijas, y la <strong>plaza Mayor<\/strong> se convierte en el improvisado solarium que convertir\u00e1 sus blanquecinas pieles en rojos tomates despellejados. La <strong>Mirada Atenta<\/strong>no deja pasar la ocasi\u00f3n, y retrata esa bella primavera en las alegres miradas de las que han decidido participar en la fiesta del calor que se celebra hoy Extremadura.<\/p>\n<div id=\"attachment_186\" style=\"width: 660px\" class=\"wp-caption aligncenter\"><img aria-describedby=\"caption-attachment-186\" loading=\"lazy\" class=\"size-large wp-image-186\" title=\"Turistas extranjeras utilizando la Plaza Mayor de C\u00e1ceres como improvisado solarium (9 de mayo de 2012).\" src=\"\/lamiradaatenta\/wp-content\/uploads\/sites\/24\/2012\/05\/CALOR.jpg\" alt=\"Turistas extranjeras utilizando la Plaza Mayor de C\u00e1ceres como improvisado solarium (9 de mayo de 2012).\" width=\"650\" height=\"860\" srcset=\"https:\/\/static-blogs.hoy.es\/wp-content\/uploads\/sites\/24\/2012\/05\/CALOR.jpg 2265w, https:\/\/static-blogs.hoy.es\/wp-content\/uploads\/sites\/24\/2012\/05\/CALOR-113x150.jpg 113w, https:\/\/static-blogs.hoy.es\/wp-content\/uploads\/sites\/24\/2012\/05\/CALOR-227x300.jpg 227w, https:\/\/static-blogs.hoy.es\/wp-content\/uploads\/sites\/24\/2012\/05\/CALOR-768x1017.jpg 768w, https:\/\/static-blogs.hoy.es\/wp-content\/uploads\/sites\/24\/2012\/05\/CALOR-650x861.jpg 650w\" sizes=\"(max-width: 650px) 100vw, 650px\" \/><p id=\"caption-attachment-186\" class=\"wp-caption-text\">Turistas extranjeras utilizando la Plaza Mayor de C\u00e1ceres como improvisado solarium (9 de mayo de 2012).<\/p><\/div>\n<!-- AddThis Advanced Settings generic via filter on the_content --><!-- AddThis Share Buttons generic via filter on the_content -->","protected":false},"excerpt":{"rendered":"<p>El calor ha sorprendido a Extremadura todav\u00eda con el armario sin cambiar, con las camisetas en el altillo, y el paraguas en el coche para por si acaso. Acostumbrados de todas formas a las primaveras traicioneras, esas que aceleran los term\u00f3metros de cero a 30 en un d\u00eda, los cacere\u00f1os se resignan a ir por [&hellip;]<!-- AddThis Advanced Settings generic via filter on get_the_excerpt --><!-- AddThis Share Buttons generic via filter on get_the_excerpt --><\/p>\n","protected":false},"author":29,"featured_media":0,"comment_status":"open","ping_status":"closed","sticky":false,"template":"","format":"standard","meta":[],"categories":[2],"tags":[43,110,238,250,291,302],"_links":{"self":[{"href":"https:\/\/blogs.hoy.es\/lamiradaatenta\/wp-json\/wp\/v2\/posts\/185"}],"collection":[{"href":"https:\/\/blogs.hoy.es\/lamiradaatenta\/wp-json\/wp\/v2\/posts"}],"about":[{"href":"https:\/\/blogs.hoy.es\/lamiradaatenta\/wp-json\/wp\/v2\/types\/post"}],"author":[{"embeddable":true,"href":"https:\/\/blogs.hoy.es\/lamiradaatenta\/wp-json\/wp\/v2\/users\/29"}],"replies":[{"embeddable":true,"href":"https:\/\/blogs.hoy.es\/lamiradaatenta\/wp-json\/wp\/v2\/comments?post=185"}],"version-history":[{"count":0,"href":"https:\/\/blogs.hoy.es\/lamiradaatenta\/wp-json\/wp\/v2\/posts\/185\/revisions"}],"wp:attachment":[{"href":"https:\/\/blogs.hoy.es\/lamiradaatenta\/wp-json\/wp\/v2\/media?parent=185"}],"wp:term":[{"taxonomy":"category","embeddable":true,"href":"https:\/\/blogs.hoy.es\/lamiradaatenta\/wp-json\/wp\/v2\/categories?post=185"},{"taxonomy":"post_tag","embeddable":true,"href":"https:\/\/blogs.hoy.es\/lamiradaatenta\/wp-json\/wp\/v2\/tags?post=185"}],"curies":[{"name":"wp","href":"https:\/\/api.w.org\/{rel}","templated":true}]}}