{"id":188,"date":"2012-05-10T14:30:56","date_gmt":"2012-05-10T12:30:56","guid":{"rendered":"http:\/\/blogs.hoy.es\/lamiradaatenta\/?p=188"},"modified":"2012-05-10T14:30:56","modified_gmt":"2012-05-10T12:30:56","slug":"el-chale-de-los-malaga-una-casa-encantada","status":"publish","type":"post","link":"https:\/\/blogs.hoy.es\/lamiradaatenta\/2012\/05\/10\/el-chale-de-los-malaga-una-casa-encantada\/","title":{"rendered":"El chal\u00e9 de los M\u00e1laga, una casa encantada"},"content":{"rendered":"<div id=\"attachment_190\" style=\"width: 660px\" class=\"wp-caption aligncenter\"><img aria-describedby=\"caption-attachment-190\" loading=\"lazy\" class=\"size-large wp-image-190\" title=\"El chal\u00e9 de los M\u00e1laga como una casa encantada durante el Urban Screen (2009)..\" src=\"\/lamiradaatenta\/wp-content\/uploads\/sites\/24\/2012\/05\/urbanscreen1.jpg\" alt=\"El chal\u00e9 de los M\u00e1laga como una casa encantada durante el Urban Screen (2009)..\" width=\"650\" height=\"433\" srcset=\"https:\/\/static-blogs.hoy.es\/wp-content\/uploads\/sites\/24\/2012\/05\/urbanscreen1.jpg 3504w, https:\/\/static-blogs.hoy.es\/wp-content\/uploads\/sites\/24\/2012\/05\/urbanscreen1-150x100.jpg 150w, https:\/\/static-blogs.hoy.es\/wp-content\/uploads\/sites\/24\/2012\/05\/urbanscreen1-300x200.jpg 300w, https:\/\/static-blogs.hoy.es\/wp-content\/uploads\/sites\/24\/2012\/05\/urbanscreen1-768x512.jpg 768w, https:\/\/static-blogs.hoy.es\/wp-content\/uploads\/sites\/24\/2012\/05\/urbanscreen1-650x433.jpg 650w\" sizes=\"(max-width: 650px) 100vw, 650px\" \/><p id=\"caption-attachment-190\" class=\"wp-caption-text\">El chal\u00e9 de los M\u00e1laga como una casa encantada durante el Urban Screen (2009).<\/p><\/div>\n<p><a href=\"http:\/\/www.hoy.es\/multimedia\/fotos\/ultimos\/64441-urban-screen-pinta-corazon-caceres-0.html\" target=\"_blank\" rel=\"external nofollow\"><strong>Ver m\u00e1s fotos del Urban Screen hechas\u00a0 por Lorenzo Cordero.<\/strong><\/a><\/p>\n<p>El <a href=\"http:\/\/www.hoy.es\/20120509\/local\/caceres\/desprende-parte-cornisa-chale-201205091819.html\" target=\"_blank\" rel=\"external nofollow\">Chal\u00e9 de los M\u00e1laga de C\u00e1ceres<\/a>, el mismo que esta semana sufri\u00f3 un desprendimiento,\u00a0 se convirti\u00f3 por unos d\u00edas en una casa encantada.\u00a0 Durante el festival del <a href=\"http:\/\/www.hoy.es\/multimedia\/fotos\/ultimos\/64441-urban-screen-pinta-corazon-caceres-0.html\" target=\"_blank\" rel=\"external nofollow\">Urban Screens<\/a>, amparado por la <a href=\"http:\/\/www.hoy.es\/v\/20101002\/caceres\/caceres-2016-confia-futuro-20101002.html\" target=\"_blank\" rel=\"external nofollow\">candidatura de C\u00e1ceres 2016<\/a>, toda la ciudad fue un <strong>escenario de proyecciones, iluminaci\u00f3n, y m\u00fasica<\/strong>. Los juego de luces que cambiaban de aspecto a los principales monumentos de C\u00e1ceres atra\u00eda por las noches a los curiosos que no pod\u00edan resistir la tentaci\u00f3n de fotografiarse con el edificio de fondo.<\/p>\n<p>La<strong> Mirada Atenta<\/strong> no perdi\u00f3 comba, y fotografi\u00f3 a los que se fotografiaban, pero a pulso, <strong>sin tr\u00edpode ni nada<\/strong>, porque los reporteros de la guerra diaria suelen ir ligeros de equipaje. Para la realizaci\u00f3n de la fotograf\u00eda tuvo que ejercer el erre que erre; es decir, tirar muchas fotograf\u00edas hasta pillar la buena.<\/p>\n<p>Para que la imagen ganase m\u00e1s fuerza e impacto, y tratar de captar toda la luz ambiente posible, jug\u00f3 con <strong>velocidades muy cortas, y a pulso<\/strong>. M\u00e1s sabe el diablo por viejo, que por diablo.<\/p>\n<p>&nbsp;<\/p>\n<p>&nbsp;<\/p>\n<!-- AddThis Advanced Settings generic via filter on the_content --><!-- AddThis Share Buttons generic via filter on the_content -->","protected":false},"excerpt":{"rendered":"<p>Ver m\u00e1s fotos del Urban Screen hechas\u00a0 por Lorenzo Cordero. El Chal\u00e9 de los M\u00e1laga de C\u00e1ceres, el mismo que esta semana sufri\u00f3 un desprendimiento,\u00a0 se convirti\u00f3 por unos d\u00edas en una casa encantada.\u00a0 Durante el festival del Urban Screens, amparado por la candidatura de C\u00e1ceres 2016, toda la ciudad fue un escenario de proyecciones, [&hellip;]<!-- AddThis Advanced Settings generic via filter on get_the_excerpt --><!-- AddThis Share Buttons generic via filter on get_the_excerpt --><\/p>\n","protected":false},"author":29,"featured_media":0,"comment_status":"open","ping_status":"closed","sticky":false,"template":"","format":"standard","meta":[],"categories":[2],"tags":[34,35,65,124,126,229,304,309],"_links":{"self":[{"href":"https:\/\/blogs.hoy.es\/lamiradaatenta\/wp-json\/wp\/v2\/posts\/188"}],"collection":[{"href":"https:\/\/blogs.hoy.es\/lamiradaatenta\/wp-json\/wp\/v2\/posts"}],"about":[{"href":"https:\/\/blogs.hoy.es\/lamiradaatenta\/wp-json\/wp\/v2\/types\/post"}],"author":[{"embeddable":true,"href":"https:\/\/blogs.hoy.es\/lamiradaatenta\/wp-json\/wp\/v2\/users\/29"}],"replies":[{"embeddable":true,"href":"https:\/\/blogs.hoy.es\/lamiradaatenta\/wp-json\/wp\/v2\/comments?post=188"}],"version-history":[{"count":0,"href":"https:\/\/blogs.hoy.es\/lamiradaatenta\/wp-json\/wp\/v2\/posts\/188\/revisions"}],"wp:attachment":[{"href":"https:\/\/blogs.hoy.es\/lamiradaatenta\/wp-json\/wp\/v2\/media?parent=188"}],"wp:term":[{"taxonomy":"category","embeddable":true,"href":"https:\/\/blogs.hoy.es\/lamiradaatenta\/wp-json\/wp\/v2\/categories?post=188"},{"taxonomy":"post_tag","embeddable":true,"href":"https:\/\/blogs.hoy.es\/lamiradaatenta\/wp-json\/wp\/v2\/tags?post=188"}],"curies":[{"name":"wp","href":"https:\/\/api.w.org\/{rel}","templated":true}]}}