{"id":194,"date":"2012-05-15T11:19:19","date_gmt":"2012-05-15T09:19:19","guid":{"rendered":"http:\/\/blogs.hoy.es\/lamiradaatenta\/?p=194"},"modified":"2012-05-15T11:19:19","modified_gmt":"2012-05-15T09:19:19","slug":"atrapado-en-el-miedo","status":"publish","type":"post","link":"https:\/\/blogs.hoy.es\/lamiradaatenta\/2012\/05\/15\/atrapado-en-el-miedo\/","title":{"rendered":"Atrapado en el miedo"},"content":{"rendered":"<div id=\"attachment_195\" style=\"width: 660px\" class=\"wp-caption aligncenter\"><img aria-describedby=\"caption-attachment-195\" loading=\"lazy\" class=\"size-large wp-image-195\" title=\"Obrero atrapado por unos escombros en C\u00e1ceres (20\/09\/2009).\" src=\"\/lamiradaatenta\/wp-content\/uploads\/sites\/24\/2012\/05\/OBRERO-21102009.jpg\" alt=\"Obrero atrapado por unos escombros en C\u00e1ceres (20\/09\/2009).\" width=\"650\" height=\"457\" srcset=\"https:\/\/static-blogs.hoy.es\/wp-content\/uploads\/sites\/24\/2012\/05\/OBRERO-21102009.jpg 1786w, https:\/\/static-blogs.hoy.es\/wp-content\/uploads\/sites\/24\/2012\/05\/OBRERO-21102009-150x106.jpg 150w, https:\/\/static-blogs.hoy.es\/wp-content\/uploads\/sites\/24\/2012\/05\/OBRERO-21102009-300x211.jpg 300w, https:\/\/static-blogs.hoy.es\/wp-content\/uploads\/sites\/24\/2012\/05\/OBRERO-21102009-768x541.jpg 768w, https:\/\/static-blogs.hoy.es\/wp-content\/uploads\/sites\/24\/2012\/05\/OBRERO-21102009-650x457.jpg 650w\" sizes=\"(max-width: 650px) 100vw, 650px\" \/><p id=\"caption-attachment-195\" class=\"wp-caption-text\">Obrero atrapado por unos escombros en C\u00e1ceres (20\/09\/2009).<\/p><\/div>\n<p><a href=\"http:\/\/www.hoy.es\/multimedia\/fotos\/ultimos\/45270-obrero-queda-atrapado-horas-zanja-0.html\" target=\"_blank\" rel=\"external nofollow\"><span style=\"text-decoration: underline;\"><strong>Ver todas las fotos del rescate<\/strong><\/span><\/a>.<\/p>\n<p><a href=\"http:\/\/www.hoy.es\/videos\/noticias-de-extremadura\/caceres\/693842191001-rescate-obrero-atrapado-zanja.html\" target=\"_blank\" rel=\"external nofollow\"><span style=\"text-decoration: underline;\"><strong>Ver el v\u00eddeo.<\/strong><\/span><\/a><\/p>\n<p>Uno de los momentos m\u00e1s angustiosos que vivi\u00f3 la <a href=\"https:\/\/blogs.hoy.es\/lamiradaatenta\/\" target=\"_blank\">Mirada Atenta<\/a> en su vida profesional fue asistir al <a href=\"http:\/\/www.hoy.es\/20091021\/regional\/rescate-angustioso-obrero-atrapado-20091021.html\" target=\"_blank\" rel=\"external nofollow\">rescate de Jos\u00e9 Mariscal<\/a>, un trabajador de 48 a\u00f1os que qued\u00f3 atrapado en medio de unos escombros que se hundieron debido a las lluvias. <strong>Lorenzo Cordero<\/strong> recuerda las dos horas y media que duraron los trabajos de los bomberos para sacarle vivo e ileso del agujero, y los <strong>aplausos del final<\/strong>.<\/p>\n<p>El rescate empez\u00f3 a ser angustioso cuando s<strong>e rompi\u00f3 una tuber\u00eda de agua junto al trabajador atrapa<\/strong>do, con lo que corr\u00eda peligro de que se desprendiera m\u00e1s tierra o incluso que le cubriera el agua.<\/p>\n<p>El propio fot\u00f3grafo tuvo que tener <strong>mucho cuidado<\/strong> para hacer las fotos y mirar d\u00f3nde pisaba ya que, con el terreno empapado en agua, pod\u00eda hacer que cayese m\u00e1s tierra encima del obrero. <strong>Su objetivo<\/strong>, en esos momentos de angustia, era <strong>doble<\/strong>: no perjudicar el rescate, y no marcharse del lugar sin haber conseguido la mejor foto.<\/p>\n<p>&nbsp;<\/p>\n<p>&nbsp;<\/p>\n<p>&nbsp;<\/p>\n<!-- AddThis Advanced Settings generic via filter on the_content --><!-- AddThis Share Buttons generic via filter on the_content -->","protected":false},"excerpt":{"rendered":"<p>Ver todas las fotos del rescate. Ver el v\u00eddeo. Uno de los momentos m\u00e1s angustiosos que vivi\u00f3 la Mirada Atenta en su vida profesional fue asistir al rescate de Jos\u00e9 Mariscal, un trabajador de 48 a\u00f1os que qued\u00f3 atrapado en medio de unos escombros que se hundieron debido a las lluvias. Lorenzo Cordero recuerda las [&hellip;]<!-- AddThis Advanced Settings generic via filter on get_the_excerpt --><!-- AddThis Share Buttons generic via filter on get_the_excerpt --><\/p>\n","protected":false},"author":29,"featured_media":0,"comment_status":"open","ping_status":"closed","sticky":false,"template":"","format":"standard","meta":[],"categories":[2],"tags":[34,124,126,160,179,197,213,229],"_links":{"self":[{"href":"https:\/\/blogs.hoy.es\/lamiradaatenta\/wp-json\/wp\/v2\/posts\/194"}],"collection":[{"href":"https:\/\/blogs.hoy.es\/lamiradaatenta\/wp-json\/wp\/v2\/posts"}],"about":[{"href":"https:\/\/blogs.hoy.es\/lamiradaatenta\/wp-json\/wp\/v2\/types\/post"}],"author":[{"embeddable":true,"href":"https:\/\/blogs.hoy.es\/lamiradaatenta\/wp-json\/wp\/v2\/users\/29"}],"replies":[{"embeddable":true,"href":"https:\/\/blogs.hoy.es\/lamiradaatenta\/wp-json\/wp\/v2\/comments?post=194"}],"version-history":[{"count":0,"href":"https:\/\/blogs.hoy.es\/lamiradaatenta\/wp-json\/wp\/v2\/posts\/194\/revisions"}],"wp:attachment":[{"href":"https:\/\/blogs.hoy.es\/lamiradaatenta\/wp-json\/wp\/v2\/media?parent=194"}],"wp:term":[{"taxonomy":"category","embeddable":true,"href":"https:\/\/blogs.hoy.es\/lamiradaatenta\/wp-json\/wp\/v2\/categories?post=194"},{"taxonomy":"post_tag","embeddable":true,"href":"https:\/\/blogs.hoy.es\/lamiradaatenta\/wp-json\/wp\/v2\/tags?post=194"}],"curies":[{"name":"wp","href":"https:\/\/api.w.org\/{rel}","templated":true}]}}