{"id":198,"date":"2012-05-16T19:59:49","date_gmt":"2012-05-16T17:59:49","guid":{"rendered":"http:\/\/blogs.hoy.es\/lamiradaatenta\/?p=198"},"modified":"2012-05-16T19:59:49","modified_gmt":"2012-05-16T17:59:49","slug":"todavia-queda-carrete","status":"publish","type":"post","link":"https:\/\/blogs.hoy.es\/lamiradaatenta\/2012\/05\/16\/todavia-queda-carrete\/","title":{"rendered":"Todav\u00eda queda carrete"},"content":{"rendered":"<div id=\"attachment_202\" style=\"width: 660px\" class=\"wp-caption aligncenter\"><img aria-describedby=\"caption-attachment-202\" loading=\"lazy\" class=\"size-large wp-image-202\" title=\"Luchando con el carrete para colocarlo en una c\u00e1mara antigua y fotografiar C\u00e1ceres. \" src=\"\/lamiradaatenta\/wp-content\/uploads\/sites\/24\/2012\/05\/carrete_optimizado2.jpg\" alt=\"Luchando con el carrete para colocarlo en una c\u00e1mara antigua y fotografiar C\u00e1ceres. \" width=\"650\" height=\"975\" srcset=\"https:\/\/static-blogs.hoy.es\/wp-content\/uploads\/sites\/24\/2012\/05\/carrete_optimizado2.jpg 1134w, https:\/\/static-blogs.hoy.es\/wp-content\/uploads\/sites\/24\/2012\/05\/carrete_optimizado2-100x150.jpg 100w, https:\/\/static-blogs.hoy.es\/wp-content\/uploads\/sites\/24\/2012\/05\/carrete_optimizado2-200x300.jpg 200w, https:\/\/static-blogs.hoy.es\/wp-content\/uploads\/sites\/24\/2012\/05\/carrete_optimizado2-768x1152.jpg 768w, https:\/\/static-blogs.hoy.es\/wp-content\/uploads\/sites\/24\/2012\/05\/carrete_optimizado2-650x975.jpg 650w\" sizes=\"(max-width: 650px) 100vw, 650px\" \/><p id=\"caption-attachment-202\" class=\"wp-caption-text\">Luchando con el carrete para colocarlo en una c\u00e1mara antigua y fotografiar C\u00e1ceres.<\/p><\/div>\n<p>La <strong>Mirada Atenta<\/strong> siempre va con los ojos abiertos, y normalmente no se le escapa detalle de lo que ocurre en su entorno. Durante los preparativos del <a href=\"http:\/\/www.hoy.es\/20120516\/local\/caceres\/womad-enfada-hosteleros-201205161431.html\" target=\"_blank\" rel=\"external nofollow\">Womad<\/a>, se encontr\u00f3 con una pareja que a\u00fan se siente <strong>atada a la fotograf\u00eda tradicional,<\/strong> al carrete de fotos que es dif\u00edcil de manipular en el ordenador, y al fr\u00e1gil revelado.<\/p>\n<p>Ella era portuguesa, y \u00e9l, americano. Cuando <strong>Lorenzo Cordero<\/strong> pas\u00f3 por su lado, estaban peleando con el negativo, al que intentaban meter sin \u00e9xito en la c\u00e1mara. Le vieron fotografiando la zona con manos expertas, y le pidieron ayuda. La Mirada Atenta no pod\u00eda cre\u00e9rselo al verse de nuevo con lo que consideraba &#8220;<strong>una joya del pasado<\/strong>&#8220;. Les coloc\u00f3 el carrete en la vieja c\u00e1mara, como \u00e9l mismo hab\u00eda hecho antes miles de veces,\u00a0 y tambi\u00e9n hac\u00eda ya mil a\u00f1os que no hac\u00eda, y se la entreg\u00f3 preparada para que fotograf\u00edaran la parte antigua de C\u00e1ceres.<\/p>\n<p>Tras hacerles la foto para recordar este momento, a la Mirada Atenta a\u00fan le quedaba la duda de si les habr\u00eda instalado bien el negativo. En caso contrario, le queda el consuelo de que <strong>nunca le olvidar\u00e1n<\/strong>.<\/p>\n<!-- AddThis Advanced Settings generic via filter on the_content --><!-- AddThis Share Buttons generic via filter on the_content -->","protected":false},"excerpt":{"rendered":"<p>La Mirada Atenta siempre va con los ojos abiertos, y normalmente no se le escapa detalle de lo que ocurre en su entorno. Durante los preparativos del Womad, se encontr\u00f3 con una pareja que a\u00fan se siente atada a la fotograf\u00eda tradicional, al carrete de fotos que es dif\u00edcil de manipular en el ordenador, y [&hellip;]<!-- AddThis Advanced Settings generic via filter on get_the_excerpt --><!-- AddThis Share Buttons generic via filter on get_the_excerpt --><\/p>\n","protected":false},"author":29,"featured_media":0,"comment_status":"open","ping_status":"closed","sticky":false,"template":"","format":"standard","meta":[],"categories":[2],"tags":[34,45,53,124,126,179,197,229],"_links":{"self":[{"href":"https:\/\/blogs.hoy.es\/lamiradaatenta\/wp-json\/wp\/v2\/posts\/198"}],"collection":[{"href":"https:\/\/blogs.hoy.es\/lamiradaatenta\/wp-json\/wp\/v2\/posts"}],"about":[{"href":"https:\/\/blogs.hoy.es\/lamiradaatenta\/wp-json\/wp\/v2\/types\/post"}],"author":[{"embeddable":true,"href":"https:\/\/blogs.hoy.es\/lamiradaatenta\/wp-json\/wp\/v2\/users\/29"}],"replies":[{"embeddable":true,"href":"https:\/\/blogs.hoy.es\/lamiradaatenta\/wp-json\/wp\/v2\/comments?post=198"}],"version-history":[{"count":0,"href":"https:\/\/blogs.hoy.es\/lamiradaatenta\/wp-json\/wp\/v2\/posts\/198\/revisions"}],"wp:attachment":[{"href":"https:\/\/blogs.hoy.es\/lamiradaatenta\/wp-json\/wp\/v2\/media?parent=198"}],"wp:term":[{"taxonomy":"category","embeddable":true,"href":"https:\/\/blogs.hoy.es\/lamiradaatenta\/wp-json\/wp\/v2\/categories?post=198"},{"taxonomy":"post_tag","embeddable":true,"href":"https:\/\/blogs.hoy.es\/lamiradaatenta\/wp-json\/wp\/v2\/tags?post=198"}],"curies":[{"name":"wp","href":"https:\/\/api.w.org\/{rel}","templated":true}]}}