{"id":21,"date":"2012-03-13T09:56:52","date_gmt":"2012-03-13T09:56:52","guid":{"rendered":"http:\/\/blogs.hoy.es\/lamiradaatenta\/?p=21"},"modified":"2012-03-13T09:56:52","modified_gmt":"2012-03-13T09:56:52","slug":"las-hurdes-queria-su-puente","status":"publish","type":"post","link":"https:\/\/blogs.hoy.es\/lamiradaatenta\/2012\/03\/13\/las-hurdes-queria-su-puente\/","title":{"rendered":"Las Hurdes quer\u00eda su puente"},"content":{"rendered":"<div id=\"attachment_22\" style=\"width: 660px\" class=\"wp-caption aligncenter\"><a href=\"https:\/\/blogs.hoy.es\/lamiradaatenta\/2012\/03\/13\/las-hurdes-queria-su-puente\/attachment\/002\/\" rel=\"attachment wp-att-22\"><img aria-describedby=\"caption-attachment-22\" loading=\"lazy\" class=\"size-large wp-image-22\" title=\"El presidente de la Diputaci\u00f3n de C\u00e1ceres, Manuel Veiga, recibe a los vecinos de las Hurdes que reclamaban un puente. \" src=\"\/lamiradaatenta\/wp-content\/uploads\/sites\/24\/2012\/03\/002.jpg\" alt=\"El presidente de la Diputaci\u00f3n de C\u00e1ceres, Manuel Veiga, recibe a los vecinos de las Hurdes que reclamaban un puente. \" width=\"650\" height=\"464\" srcset=\"https:\/\/static-blogs.hoy.es\/wp-content\/uploads\/sites\/24\/2012\/03\/002.jpg 787w, https:\/\/static-blogs.hoy.es\/wp-content\/uploads\/sites\/24\/2012\/03\/002-150x107.jpg 150w, https:\/\/static-blogs.hoy.es\/wp-content\/uploads\/sites\/24\/2012\/03\/002-300x214.jpg 300w, https:\/\/static-blogs.hoy.es\/wp-content\/uploads\/sites\/24\/2012\/03\/002-768x548.jpg 768w, https:\/\/static-blogs.hoy.es\/wp-content\/uploads\/sites\/24\/2012\/03\/002-650x464.jpg 650w\" sizes=\"(max-width: 650px) 100vw, 650px\" \/><\/a><p id=\"caption-attachment-22\" class=\"wp-caption-text\">El presidente de la Diputaci\u00f3n de C\u00e1ceres, Manuel Veiga, recibe a los vecinos de las Hurdes que reclamaban un puente.<\/p><\/div>\n<p>La vida del fotorreportero, del fotoperiodista o del fot\u00f3grafo de prensa, est\u00e1 muchas veces condenada a un car\u00e1cgter subsidiario, de mero complemento, salvo que el que mire por el objetivo tenga el suficiente talento para convertir su obra no en un afluente, sino en el r\u00edo principal; no en un puro acompa\u00f1amiento, sino en el argumento b\u00e1sico de la historia. &#8220;Hago todo lo que puedo&#8221;, parec\u00eda decir con su gesto el presidente de la Diputaci\u00f3n de C\u00e1ceres, Manuel Veiga, a los vecinos de las Hurdes que se plantaron ante la sede para reclamar un puente, hartos ya del abandono de esta comarca por las instituciones.<\/p>\n<!-- AddThis Advanced Settings generic via filter on the_content --><!-- AddThis Share Buttons generic via filter on the_content -->","protected":false},"excerpt":{"rendered":"<p>La vida del fotorreportero, del fotoperiodista o del fot\u00f3grafo de prensa, est\u00e1 muchas veces condenada a un car\u00e1cgter subsidiario, de mero complemento, salvo que el que mire por el objetivo tenga el suficiente talento para convertir su obra no en un afluente, sino en el r\u00edo principal; no en un puro acompa\u00f1amiento, sino en el [&hellip;]<!-- AddThis Advanced Settings generic via filter on get_the_excerpt --><!-- AddThis Share Buttons generic via filter on get_the_excerpt --><\/p>\n","protected":false},"author":29,"featured_media":0,"comment_status":"open","ping_status":"closed","sticky":false,"template":"","format":"standard","meta":[],"categories":[2],"tags":[34,91,110,126,143,179,229,258],"_links":{"self":[{"href":"https:\/\/blogs.hoy.es\/lamiradaatenta\/wp-json\/wp\/v2\/posts\/21"}],"collection":[{"href":"https:\/\/blogs.hoy.es\/lamiradaatenta\/wp-json\/wp\/v2\/posts"}],"about":[{"href":"https:\/\/blogs.hoy.es\/lamiradaatenta\/wp-json\/wp\/v2\/types\/post"}],"author":[{"embeddable":true,"href":"https:\/\/blogs.hoy.es\/lamiradaatenta\/wp-json\/wp\/v2\/users\/29"}],"replies":[{"embeddable":true,"href":"https:\/\/blogs.hoy.es\/lamiradaatenta\/wp-json\/wp\/v2\/comments?post=21"}],"version-history":[{"count":0,"href":"https:\/\/blogs.hoy.es\/lamiradaatenta\/wp-json\/wp\/v2\/posts\/21\/revisions"}],"wp:attachment":[{"href":"https:\/\/blogs.hoy.es\/lamiradaatenta\/wp-json\/wp\/v2\/media?parent=21"}],"wp:term":[{"taxonomy":"category","embeddable":true,"href":"https:\/\/blogs.hoy.es\/lamiradaatenta\/wp-json\/wp\/v2\/categories?post=21"},{"taxonomy":"post_tag","embeddable":true,"href":"https:\/\/blogs.hoy.es\/lamiradaatenta\/wp-json\/wp\/v2\/tags?post=21"}],"curies":[{"name":"wp","href":"https:\/\/api.w.org\/{rel}","templated":true}]}}