{"id":211,"date":"2012-05-22T11:11:31","date_gmt":"2012-05-22T09:11:31","guid":{"rendered":"http:\/\/blogs.hoy.es\/lamiradaatenta\/?p=211"},"modified":"2012-05-22T11:11:31","modified_gmt":"2012-05-22T09:11:31","slug":"211","status":"publish","type":"post","link":"https:\/\/blogs.hoy.es\/lamiradaatenta\/2012\/05\/22\/211\/","title":{"rendered":"Desahucios y lujos"},"content":{"rendered":"<div id=\"attachment_212\" style=\"width: 660px\" class=\"wp-caption aligncenter\"><img aria-describedby=\"caption-attachment-212\" loading=\"lazy\" class=\"size-large wp-image-212\" title=\"Desalojo de viviendas ocupadas ilegalmente en Aldea Moret (15 de marzo de 1996).\" src=\"\/lamiradaatenta\/wp-content\/uploads\/sites\/24\/2012\/05\/deslojo-viviendas.jpg\" alt=\"Desalojo de viviendas ocupadas ilegalmente en Aldea Moret (15 de marzo de 1996).\" width=\"650\" height=\"432\" srcset=\"https:\/\/static-blogs.hoy.es\/wp-content\/uploads\/sites\/24\/2012\/05\/deslojo-viviendas.jpg 3008w, https:\/\/static-blogs.hoy.es\/wp-content\/uploads\/sites\/24\/2012\/05\/deslojo-viviendas-150x100.jpg 150w, https:\/\/static-blogs.hoy.es\/wp-content\/uploads\/sites\/24\/2012\/05\/deslojo-viviendas-300x199.jpg 300w, https:\/\/static-blogs.hoy.es\/wp-content\/uploads\/sites\/24\/2012\/05\/deslojo-viviendas-768x511.jpg 768w, https:\/\/static-blogs.hoy.es\/wp-content\/uploads\/sites\/24\/2012\/05\/deslojo-viviendas-650x432.jpg 650w\" sizes=\"(max-width: 650px) 100vw, 650px\" \/><p id=\"caption-attachment-212\" class=\"wp-caption-text\">Desalojo de viviendas ocupadas ilegalmente en Aldea Moret (15 de marzo de 1996).<\/p><\/div>\n<p>\u00daltimamente, por desgracia, est\u00e1n de moda los <a href=\"http:\/\/www.hoy.es\/v\/20120511\/badajoz\/desahucios-extenderan-otras-zonas-20120511.html\" target=\"_blank\" rel=\"external nofollow\">desahucios de viviendas por culpa del paro y de la crisis.<\/a> Pero en\u00a0 marzo de 2006, <a href=\"http:\/\/www.hoy.es\/prensa\/20061121\/regional\/vivienda-recupera-pisos-sociales_20061121.html\" target=\"_blank\" rel=\"external nofollow\">la mayor\u00eda de los desahucios<\/a> estaban motivados, la mayor\u00eda de las veces, por <strong>ocupaci\u00f3n ilegal de viviendas sociales<\/strong>.\u00a0 <a href=\"http:\/\/www.hoy.es\/prensa\/20061017\/caceres\/anuncian-medidas-protesta-aldea_20061017.html\" target=\"_blank\" rel=\"external nofollow\">El 15 de marzo de 2006<\/a> la Junta recuper\u00f3 siete viviendas ocupadas ilegalmente en <strong>Aldea Moret de C\u00e1ceres con la ayuda de 70 agentes antidisturbios<\/strong>. A primera hora de la madrugada, en la <strong>famosa calle R\u00f3dano<\/strong>,\u00a0 hab\u00eda una gran fogata y un numeroso grupo de personas cantando.<\/p>\n<p>A las nueve de la ma\u00f1ana llegaron <strong>14 furgonetas policiales.<\/strong> Los veh\u00edculos se pararon y de su interior salieron 70 antidisturbios con sus cascos protectores, sus escudos, sus chalecos y sus armas. Autoridades judiciales y t\u00e9cnicos de la junta apoyados por 70 antidisturbios, desalojaban por sorpresa a los inquilinos que ocupaban las viviendas ilegalmente.<\/p>\n<p>Casi no hubo protestas. La mayor\u00eda de los afectados y sus familiares estaban vendiendo en el <strong>mercadillo de C\u00e1ceres<\/strong>. Algunos volvieron a toda prisa a las casas que ocuparon ilegalmente hace unos meses o hace ocho a\u00f1os, para llevarse algunos muebles, televisores y aparatos de radio <strong>antes de que la Junta se los llevara a una nave<\/strong>.<\/p>\n<p>En el bullicio, a la <strong>Mirada Atenta<\/strong> no se le escap\u00f3 la nota curiosa: unos vecinos que estaban siendo desalojados\u00a0 sal\u00edan de la vivienda cargando con un gran televisor Sony, de los caros en la \u00e9poca. Sin dudarlo un momento, dirigi\u00f3 su objetivo a la\u00a0 imagen ins\u00f3lita: los <strong>objetos de lujo<\/strong> de los que se rodeaban personas que, en teor\u00eda, no pod\u00edan pagar ni el alquiler de una vivienda social.<\/p>\n<!-- AddThis Advanced Settings generic via filter on the_content --><!-- AddThis Share Buttons generic via filter on the_content -->","protected":false},"excerpt":{"rendered":"<p>\u00daltimamente, por desgracia, est\u00e1n de moda los desahucios de viviendas por culpa del paro y de la crisis. Pero en\u00a0 marzo de 2006, la mayor\u00eda de los desahucios estaban motivados, la mayor\u00eda de las veces, por ocupaci\u00f3n ilegal de viviendas sociales.\u00a0 El 15 de marzo de 2006 la Junta recuper\u00f3 siete viviendas ocupadas ilegalmente en [&hellip;]<!-- AddThis Advanced Settings generic via filter on get_the_excerpt --><!-- AddThis Share Buttons generic via filter on get_the_excerpt --><\/p>\n","protected":false},"author":29,"featured_media":0,"comment_status":"open","ping_status":"closed","sticky":false,"template":"","format":"standard","meta":[],"categories":[2],"tags":[7,18,34,79,84,124,126,197,224,229],"_links":{"self":[{"href":"https:\/\/blogs.hoy.es\/lamiradaatenta\/wp-json\/wp\/v2\/posts\/211"}],"collection":[{"href":"https:\/\/blogs.hoy.es\/lamiradaatenta\/wp-json\/wp\/v2\/posts"}],"about":[{"href":"https:\/\/blogs.hoy.es\/lamiradaatenta\/wp-json\/wp\/v2\/types\/post"}],"author":[{"embeddable":true,"href":"https:\/\/blogs.hoy.es\/lamiradaatenta\/wp-json\/wp\/v2\/users\/29"}],"replies":[{"embeddable":true,"href":"https:\/\/blogs.hoy.es\/lamiradaatenta\/wp-json\/wp\/v2\/comments?post=211"}],"version-history":[{"count":0,"href":"https:\/\/blogs.hoy.es\/lamiradaatenta\/wp-json\/wp\/v2\/posts\/211\/revisions"}],"wp:attachment":[{"href":"https:\/\/blogs.hoy.es\/lamiradaatenta\/wp-json\/wp\/v2\/media?parent=211"}],"wp:term":[{"taxonomy":"category","embeddable":true,"href":"https:\/\/blogs.hoy.es\/lamiradaatenta\/wp-json\/wp\/v2\/categories?post=211"},{"taxonomy":"post_tag","embeddable":true,"href":"https:\/\/blogs.hoy.es\/lamiradaatenta\/wp-json\/wp\/v2\/tags?post=211"}],"curies":[{"name":"wp","href":"https:\/\/api.w.org\/{rel}","templated":true}]}}