{"id":214,"date":"2012-05-23T13:46:11","date_gmt":"2012-05-23T11:46:11","guid":{"rendered":"http:\/\/blogs.hoy.es\/lamiradaatenta\/?p=214"},"modified":"2012-05-23T13:46:11","modified_gmt":"2012-05-23T11:46:11","slug":"de-objetivo-a-objetivo","status":"publish","type":"post","link":"https:\/\/blogs.hoy.es\/lamiradaatenta\/2012\/05\/23\/de-objetivo-a-objetivo\/","title":{"rendered":"De objetivo a objetivo"},"content":{"rendered":"<div id=\"attachment_216\" style=\"width: 660px\" class=\"wp-caption aligncenter\"><img aria-describedby=\"caption-attachment-216\" loading=\"lazy\" class=\"size-large wp-image-216\" title=\"Joven estudiante fotografiando a Lorenzo Cordero durante las concentraciones contra los recortes en Educaci\u00f3n (22\/05\/2012).\" src=\"\/lamiradaatenta\/wp-content\/uploads\/sites\/24\/2012\/05\/fotochica1.jpg\" alt=\"Joven estudiante fotografiando a Lorenzo Cordero durante las concentraciones contra los recortes en Educaci\u00f3n (22\/05\/2012).\" width=\"650\" height=\"433\" srcset=\"https:\/\/static-blogs.hoy.es\/wp-content\/uploads\/sites\/24\/2012\/05\/fotochica1.jpg 3504w, https:\/\/static-blogs.hoy.es\/wp-content\/uploads\/sites\/24\/2012\/05\/fotochica1-150x100.jpg 150w, https:\/\/static-blogs.hoy.es\/wp-content\/uploads\/sites\/24\/2012\/05\/fotochica1-300x200.jpg 300w, https:\/\/static-blogs.hoy.es\/wp-content\/uploads\/sites\/24\/2012\/05\/fotochica1-768x512.jpg 768w, https:\/\/static-blogs.hoy.es\/wp-content\/uploads\/sites\/24\/2012\/05\/fotochica1-650x433.jpg 650w\" sizes=\"(max-width: 650px) 100vw, 650px\" \/><p id=\"caption-attachment-216\" class=\"wp-caption-text\">Joven estudiante fotografiando a Lorenzo Cordero durante las concentraciones contra los recortes en Educaci\u00f3n (22\/05\/2012).<\/p><\/div>\n<p>Cada vez le ocurre m\u00e1s a la <strong>Mirada Atenta<\/strong>. Va a hacer fotograf\u00edas de cualquier evento y se encuentra con que l<strong>as fotos se las hacen a \u00e9l<\/strong>.\u00a0 Como fotoperiodista veterano estaba acostumbrado a llegar con su buena c\u00e1mara al hombro a cualquier sitio, y<strong> ser\u00a0 identificado r\u00e1pidamente como el fot\u00f3grafo de prensa<\/strong>, <strong>para bien<\/strong>, porque le hac\u00edan sitio para coger el mejor lugar para hacer fotos, <strong>o para mal<\/strong>, ya que muchas veces han tratado de impedirle que hiciera su trabajo por ser un testigo inc\u00f3modo.<\/p>\n<p>Sin embargo, al popularizarse los precios de las c\u00e1maras, el amor a la fotograf\u00eda y la afici\u00f3n al reporterismo del minuto a trav\u00e9s de las redes sociales, <strong>los fot\u00f3grafos (con c\u00e1mara o m\u00f3viles) son cientos<\/strong> en todos los acontecimientos p\u00fablicos que merezcan ser contados.<\/p>\n<p>Es por ello que <strong>Lorenzo Cordero<\/strong>, con su pinta innegable de fot\u00f3grafo profesional, se convierte en multitud de ocasiones en <strong>objetivo de los participantes\/fot\u00f3grafos<\/strong> de los acontecimientos de masas que tambi\u00e9n se fijan en su labor. As\u00ed le ocurri\u00f3 en las <a href=\"http:\/\/www.hoy.es\/20120522\/local\/profesores-estudiantes-protestan-contra-201205222126.html\" target=\"_blank\" rel=\"external nofollow\">\u00faltimas manifestaciones de los estudiantes contra los recortes que se han celebrado en C\u00e1ceres<\/a>. Fue a hacer fotograf\u00edas, y fue tambi\u00e9n fotogfrafiado. <strong>La Mirada Atenta,<\/strong> que nunca pierde ocasi\u00f3n, no desaprovech\u00f3 tampoco la instant\u00e1nea de la joven que se dedic\u00f3 a hacerle fotos mientras un estudiante le miraba de reojo. Estudiante y fot\u00f3grafo tuvieron <strong>un breve encuentro de objetivo a objetivo<\/strong>.<\/p>\n<p><a href=\"http:\/\/www.hoy.es\/multimedia\/fotos\/regional\/99203-mayoria-alumnos-secundaria-secundan-huelga-educacion-extremadura-0.html\" rel=\"external nofollow\"><span style=\"text-decoration: underline;\"><strong>Ver m\u00e1s fotos de las concentraciones de estudiantes en C\u00e1ceres<\/strong><\/span><\/a>.<\/p>\n<!-- AddThis Advanced Settings generic via filter on the_content --><!-- AddThis Share Buttons generic via filter on the_content -->","protected":false},"excerpt":{"rendered":"<p>Cada vez le ocurre m\u00e1s a la Mirada Atenta. Va a hacer fotograf\u00edas de cualquier evento y se encuentra con que las fotos se las hacen a \u00e9l.\u00a0 Como fotoperiodista veterano estaba acostumbrado a llegar con su buena c\u00e1mara al hombro a cualquier sitio, y ser\u00a0 identificado r\u00e1pidamente como el fot\u00f3grafo de prensa, para bien, [&hellip;]<!-- AddThis Advanced Settings generic via filter on get_the_excerpt --><!-- AddThis Share Buttons generic via filter on get_the_excerpt --><\/p>\n","protected":false},"author":29,"featured_media":0,"comment_status":"open","ping_status":"closed","sticky":false,"template":"","format":"standard","meta":[],"categories":[2],"tags":[],"_links":{"self":[{"href":"https:\/\/blogs.hoy.es\/lamiradaatenta\/wp-json\/wp\/v2\/posts\/214"}],"collection":[{"href":"https:\/\/blogs.hoy.es\/lamiradaatenta\/wp-json\/wp\/v2\/posts"}],"about":[{"href":"https:\/\/blogs.hoy.es\/lamiradaatenta\/wp-json\/wp\/v2\/types\/post"}],"author":[{"embeddable":true,"href":"https:\/\/blogs.hoy.es\/lamiradaatenta\/wp-json\/wp\/v2\/users\/29"}],"replies":[{"embeddable":true,"href":"https:\/\/blogs.hoy.es\/lamiradaatenta\/wp-json\/wp\/v2\/comments?post=214"}],"version-history":[{"count":0,"href":"https:\/\/blogs.hoy.es\/lamiradaatenta\/wp-json\/wp\/v2\/posts\/214\/revisions"}],"wp:attachment":[{"href":"https:\/\/blogs.hoy.es\/lamiradaatenta\/wp-json\/wp\/v2\/media?parent=214"}],"wp:term":[{"taxonomy":"category","embeddable":true,"href":"https:\/\/blogs.hoy.es\/lamiradaatenta\/wp-json\/wp\/v2\/categories?post=214"},{"taxonomy":"post_tag","embeddable":true,"href":"https:\/\/blogs.hoy.es\/lamiradaatenta\/wp-json\/wp\/v2\/tags?post=214"}],"curies":[{"name":"wp","href":"https:\/\/api.w.org\/{rel}","templated":true}]}}