{"id":218,"date":"2012-05-25T11:26:12","date_gmt":"2012-05-25T09:26:12","guid":{"rendered":"http:\/\/blogs.hoy.es\/lamiradaatenta\/?p=218"},"modified":"2012-05-25T11:26:12","modified_gmt":"2012-05-25T09:26:12","slug":"218","status":"publish","type":"post","link":"https:\/\/blogs.hoy.es\/lamiradaatenta\/2012\/05\/25\/218\/","title":{"rendered":"Reporterismo humano"},"content":{"rendered":"<div>\n<div id=\"attachment_219\" style=\"width: 660px\" class=\"wp-caption aligncenter\"><img aria-describedby=\"caption-attachment-219\" loading=\"lazy\" class=\"size-large wp-image-219\" title=\"Incendio en una vivienda de Aldea Moret en el que falleci\u00f3 una mujer (17 de febrero de 2006).\" src=\"\/lamiradaatenta\/wp-content\/uploads\/sites\/24\/2012\/05\/INCENDIO-MORET001.jpg\" alt=\"Incendio en una vivienda de Aldea Moret en el que falleci\u00f3 una mujer (17 de febrero de 2006).\" width=\"650\" height=\"404\" srcset=\"https:\/\/static-blogs.hoy.es\/wp-content\/uploads\/sites\/24\/2012\/05\/INCENDIO-MORET001.jpg 3328w, https:\/\/static-blogs.hoy.es\/wp-content\/uploads\/sites\/24\/2012\/05\/INCENDIO-MORET001-150x93.jpg 150w, https:\/\/static-blogs.hoy.es\/wp-content\/uploads\/sites\/24\/2012\/05\/INCENDIO-MORET001-300x187.jpg 300w, https:\/\/static-blogs.hoy.es\/wp-content\/uploads\/sites\/24\/2012\/05\/INCENDIO-MORET001-768x478.jpg 768w, https:\/\/static-blogs.hoy.es\/wp-content\/uploads\/sites\/24\/2012\/05\/INCENDIO-MORET001-650x405.jpg 650w\" sizes=\"(max-width: 650px) 100vw, 650px\" \/><p id=\"caption-attachment-219\" class=\"wp-caption-text\">Incendio en una vivienda de Aldea Moret en el que falleci\u00f3 una mujer (17 de febrero de 2006).<\/p><\/div>\n<p>Para ser un <strong>buen fot\u00f3grafo de prensa<\/strong> no hace falta s\u00f3lo dominar a la perfecci\u00f3n las t\u00e9cnicas fotogr\u00e1ficas, las reglas de la luz, tener estilo, buen ojo, ser arrojado y saber que un segundo de duda te puede dejar sin la foto. Hace falta tambi\u00e9n tener los <strong>nervios templados y sensibilidad<\/strong>, porque el reportero tiene que enfrentarse en vivo y en directo muchas veces <strong>a la tragedia<\/strong>. Y en esos momentos <strong>no hay un psic\u00f3logo de guardia ni un hombro amigo<\/strong> en el que llorar, o que nos prepare para superar el sufrimiento que <strong>sube de los pies a la cabeza en un instante<\/strong>, y evitar que tiemble todo el cuerpo.<\/p>\n<p>Si no se est\u00e1 preparado para esos momentos, si no se sabe que el teatro de la vida incluye <strong>comedia y drama a partes iguales,<\/strong> no habr\u00e1 fotograf\u00eda, y mucho menos, buenas fotograf\u00edas. Y <strong>sin imagen, no hay relato, no hay periodismo<\/strong>, no hay historia.<\/p>\n<p>A la <strong>Mirada Atenta le encanta fotografiar fiestas<\/strong>. Son famosas sus <a href=\"http:\/\/www.hoy.es\/multimedia\/fotos\/ultimos\/77129-ambiente-segundo-womad-0.html\" target=\"_blank\" rel=\"external nofollow\">fotos de j\u00f3venes bailando<\/a>, sus retratos de bellos <a href=\"https:\/\/blogs.hoy.es\/lamiradaatenta\/2012\/03\/21\/de-fiesta-universitaria\/\" target=\"_blank\">cuerpos en plenitud disfrutando de la m\u00fasica<\/a>, <a href=\"https:\/\/blogs.hoy.es\/lamiradaatenta\/2012\/05\/09\/ven-a-la-fiesta-del-calor\/\" target=\"_blank\">del sol del verano<\/a>, de la libertad del Womad,<a href=\"https:\/\/blogs.hoy.es\/lamiradaatenta\/2012\/05\/03\/ines-sastre-pillada-cuando-no-habia-twitter-ni-movil\/\" target=\"_blank\"> del \u00e9xtasis feliz y despreocupado<\/a> de los que creen que van a vivir para siempre.<\/p>\n<p>Sin embargo, su carrera profesional se ha construido tambi\u00e9n sobre la experiencia de afrontar <a href=\"https:\/\/blogs.hoy.es\/lamiradaatenta\/2012\/05\/15\/atrapado-en-el-miedo\/\" target=\"_blank\">momentos dif\u00edciles<\/a>, en los que la muerte est\u00e1 presente de forma tr\u00e1gica, inesperada, invencible a pesar de la pena y el infortunio. Uno de esos momentos fue la cobertura de un <a href=\"http:\/\/www.hoy.es\/pg060218\/prensa\/noticias\/Caceres\/200602\/18\/HOY-CAC-048.html\" target=\"_blank\" rel=\"external nofollow\">incendio en una vivienda de Aldea Moret<\/a>, el barrio de C\u00e1ceres en el que surgen casi todas las historias.<\/p>\n<p>Al entrar dentro de la casa,<strong> los servicios de emergencias y Lorenzo Cordero<\/strong>, que no se pierde una, se encontraron con una mujer de avanzada edad <strong>tumbada en el suelo, con quemaduras en gran parte de su cuerpo<\/strong>. Al sentimiento de impotencia ante la escena, se sum\u00f3 el de respeto al momento. Cordero dej\u00f3 su coraz\u00f3n en la mochila, y sac\u00f3 el profesional que tiene dentro: <strong>protegi\u00f3 al m\u00e1ximo la intimidad de la v\u00edctima<\/strong>, totalmente desprotegida e vulnerable en ese momento, <strong>sin olvidar que ten\u00eda que hacer su trabajo<\/strong>. Cada uno lo suyo: los <strong>sanitarios<\/strong>, intentar hacer lo m\u00e1ximo por la vida de la mujer; los <strong>bomberos<\/strong>, apagar el fuego; el <strong>fot\u00f3grafo<\/strong>, resumir en una fotograf\u00eda la tragedia de un incendio que acab\u00f3 en un momento con la cotidianidad y los sue\u00f1os de la vecina conocida como &#8216;la portuguesa&#8217;.<\/p>\n<p>&nbsp;<\/p>\n<\/div>\n<!-- AddThis Advanced Settings generic via filter on the_content --><!-- AddThis Share Buttons generic via filter on the_content -->","protected":false},"excerpt":{"rendered":"<p>Para ser un buen fot\u00f3grafo de prensa no hace falta s\u00f3lo dominar a la perfecci\u00f3n las t\u00e9cnicas fotogr\u00e1ficas, las reglas de la luz, tener estilo, buen ojo, ser arrojado y saber que un segundo de duda te puede dejar sin la foto. Hace falta tambi\u00e9n tener los nervios templados y sensibilidad, porque el reportero tiene [&hellip;]<!-- AddThis Advanced Settings generic via filter on get_the_excerpt --><!-- AddThis Share Buttons generic via filter on get_the_excerpt --><\/p>\n","protected":false},"author":29,"featured_media":0,"comment_status":"open","ping_status":"closed","sticky":false,"template":"","format":"standard","meta":[],"categories":[2],"tags":[],"_links":{"self":[{"href":"https:\/\/blogs.hoy.es\/lamiradaatenta\/wp-json\/wp\/v2\/posts\/218"}],"collection":[{"href":"https:\/\/blogs.hoy.es\/lamiradaatenta\/wp-json\/wp\/v2\/posts"}],"about":[{"href":"https:\/\/blogs.hoy.es\/lamiradaatenta\/wp-json\/wp\/v2\/types\/post"}],"author":[{"embeddable":true,"href":"https:\/\/blogs.hoy.es\/lamiradaatenta\/wp-json\/wp\/v2\/users\/29"}],"replies":[{"embeddable":true,"href":"https:\/\/blogs.hoy.es\/lamiradaatenta\/wp-json\/wp\/v2\/comments?post=218"}],"version-history":[{"count":0,"href":"https:\/\/blogs.hoy.es\/lamiradaatenta\/wp-json\/wp\/v2\/posts\/218\/revisions"}],"wp:attachment":[{"href":"https:\/\/blogs.hoy.es\/lamiradaatenta\/wp-json\/wp\/v2\/media?parent=218"}],"wp:term":[{"taxonomy":"category","embeddable":true,"href":"https:\/\/blogs.hoy.es\/lamiradaatenta\/wp-json\/wp\/v2\/categories?post=218"},{"taxonomy":"post_tag","embeddable":true,"href":"https:\/\/blogs.hoy.es\/lamiradaatenta\/wp-json\/wp\/v2\/tags?post=218"}],"curies":[{"name":"wp","href":"https:\/\/api.w.org\/{rel}","templated":true}]}}