{"id":224,"date":"2012-05-29T19:01:33","date_gmt":"2012-05-29T17:01:33","guid":{"rendered":"http:\/\/blogs.hoy.es\/lamiradaatenta\/?p=224"},"modified":"2012-05-29T19:01:33","modified_gmt":"2012-05-29T17:01:33","slug":"a-pulso-y-tirando-de-carrete","status":"publish","type":"post","link":"https:\/\/blogs.hoy.es\/lamiradaatenta\/2012\/05\/29\/a-pulso-y-tirando-de-carrete\/","title":{"rendered":"A pulso y tirando de carrete"},"content":{"rendered":"<div id=\"attachment_225\" style=\"width: 660px\" class=\"wp-caption aligncenter\"><img aria-describedby=\"caption-attachment-225\" loading=\"lazy\" class=\"size-large wp-image-225\" title=\"Manifestaci\u00f3n de profesores en C\u00e1ceres y el director provincial de Educaci\u00f3n pasando por el medio.  (25 de febrero de 1992)\" src=\"\/lamiradaatenta\/wp-content\/uploads\/sites\/24\/2012\/05\/PORTESTA-PROFESORES-baja.jpg\" alt=\"Manifestaci\u00f3n de profesores en C\u00e1ceres y el director provincial de Educaci\u00f3n pasando por el medio.  (25 de febrero de 1992)\" width=\"650\" height=\"482\" srcset=\"https:\/\/static-blogs.hoy.es\/wp-content\/uploads\/sites\/24\/2012\/05\/PORTESTA-PROFESORES-baja.jpg 3852w, https:\/\/static-blogs.hoy.es\/wp-content\/uploads\/sites\/24\/2012\/05\/PORTESTA-PROFESORES-baja-150x111.jpg 150w, https:\/\/static-blogs.hoy.es\/wp-content\/uploads\/sites\/24\/2012\/05\/PORTESTA-PROFESORES-baja-300x223.jpg 300w, https:\/\/static-blogs.hoy.es\/wp-content\/uploads\/sites\/24\/2012\/05\/PORTESTA-PROFESORES-baja-768x570.jpg 768w, https:\/\/static-blogs.hoy.es\/wp-content\/uploads\/sites\/24\/2012\/05\/PORTESTA-PROFESORES-baja-650x483.jpg 650w\" sizes=\"(max-width: 650px) 100vw, 650px\" \/><p id=\"caption-attachment-225\" class=\"wp-caption-text\">Manifestaci\u00f3n de profesores en C\u00e1ceres y el director provincial de Educaci\u00f3n pasando por el medio. (25 de febrero de 1992)<\/p><\/div>\n<p>La fot\u00f3grafa alemana <a href=\"http:\/\/en.wikipedia.org\/wiki\/Uta_Barth\" target=\"_blank\" rel=\"external nofollow\">Utah Barth<\/a> asegura que <strong>la fotograf\u00eda &#8220;es dibujar con l\u00edneas de luz&#8221;<\/strong>. En la era digital, <strong>Lorenzo Cordero<\/strong> recuerda cuando <strong>ese dibujo se hac\u00eda a pulso\u00a0 <\/strong>y el pintor de las luces ten\u00eda que jug\u00e1rsela tirando de carrete sin saber si el resultado ser\u00eda bueno hasta que no llegara al laboratorio. Ello obligaba a realizar muchas fotos de la misma escena para poder luego seleccionar las mejores, descartar las que tuvieran errores desenfoques, malos encuadres, ojos cerrados, etc.<\/p>\n<p>Es lo que le ocurri\u00f3 durante una manifestaci\u00f3n de profesores en C\u00e1ceres hace 20 a\u00f1os. Estaban unos 150 docentes ocupando la calle en el centro de C\u00e1ceres con sus pancartas, sus reivindicaciones coreadas, sus manifiestos, y de repente, sin que nadie pudiera imagin\u00e1rselo, pas\u00f3 r\u00e1pidamente por el medio de la concentraci\u00f3n, como demostrando que no ten\u00eda nada que temer ni ocultar, el que era entonces director provincial de Educaci\u00f3n, <strong>Jos\u00e9 Luis Vega<\/strong>.<\/p>\n<p>Antes de que a los profesores les diera tiempo siquiera a reaccionar, la <strong>Mirada Atenta<\/strong> ya estaba gastando carrete y <strong>buscando la mejor posici\u00f3n para soltar la r\u00e1faga de disparos<\/strong> a su objetivo. Fueron <strong>apenas unos segundos<\/strong>, pero no hab\u00eda otra oportunidad para captar ese momento. Previamente, Cordero hab\u00eda revisado m\u00e1s de una vez que el carrete estaba bien puesto ya que no hab\u00eda sido la primera vez que todo un trabajo se hab\u00eda ido al garete por no haber tenido cuidado en la preparaci\u00f3n del material.<\/p>\n<p>Cubrir esta manifestaci\u00f3n buscando la mejor foto le cost\u00f3 a Lorenzo Cordero unos tres carretes. Al final s<strong>\u00f3lo sali\u00f3 publicada una fotograf\u00eda<\/strong>, y no fue precisamente \u00e9sta. Pero la Mirada Atenta no la dej\u00f3 escapar. Nunca se sabe cu\u00e1ndo es necesario abrir el ba\u00fal de la memoria.<\/p>\n<!-- AddThis Advanced Settings generic via filter on the_content --><!-- AddThis Share Buttons generic via filter on the_content -->","protected":false},"excerpt":{"rendered":"<p>La fot\u00f3grafa alemana Utah Barth asegura que la fotograf\u00eda &#8220;es dibujar con l\u00edneas de luz&#8221;. En la era digital, Lorenzo Cordero recuerda cuando ese dibujo se hac\u00eda a pulso\u00a0 y el pintor de las luces ten\u00eda que jug\u00e1rsela tirando de carrete sin saber si el resultado ser\u00eda bueno hasta que no llegara al laboratorio. Ello [&hellip;]<!-- AddThis Advanced Settings generic via filter on get_the_excerpt --><!-- AddThis Share Buttons generic via filter on get_the_excerpt --><\/p>\n","protected":false},"author":29,"featured_media":0,"comment_status":"open","ping_status":"closed","sticky":false,"template":"","format":"standard","meta":[],"categories":[2],"tags":[34,73,92,124,126,159,185,229,256,305],"_links":{"self":[{"href":"https:\/\/blogs.hoy.es\/lamiradaatenta\/wp-json\/wp\/v2\/posts\/224"}],"collection":[{"href":"https:\/\/blogs.hoy.es\/lamiradaatenta\/wp-json\/wp\/v2\/posts"}],"about":[{"href":"https:\/\/blogs.hoy.es\/lamiradaatenta\/wp-json\/wp\/v2\/types\/post"}],"author":[{"embeddable":true,"href":"https:\/\/blogs.hoy.es\/lamiradaatenta\/wp-json\/wp\/v2\/users\/29"}],"replies":[{"embeddable":true,"href":"https:\/\/blogs.hoy.es\/lamiradaatenta\/wp-json\/wp\/v2\/comments?post=224"}],"version-history":[{"count":0,"href":"https:\/\/blogs.hoy.es\/lamiradaatenta\/wp-json\/wp\/v2\/posts\/224\/revisions"}],"wp:attachment":[{"href":"https:\/\/blogs.hoy.es\/lamiradaatenta\/wp-json\/wp\/v2\/media?parent=224"}],"wp:term":[{"taxonomy":"category","embeddable":true,"href":"https:\/\/blogs.hoy.es\/lamiradaatenta\/wp-json\/wp\/v2\/categories?post=224"},{"taxonomy":"post_tag","embeddable":true,"href":"https:\/\/blogs.hoy.es\/lamiradaatenta\/wp-json\/wp\/v2\/tags?post=224"}],"curies":[{"name":"wp","href":"https:\/\/api.w.org\/{rel}","templated":true}]}}