{"id":227,"date":"2012-05-30T20:29:05","date_gmt":"2012-05-30T18:29:05","guid":{"rendered":"http:\/\/blogs.hoy.es\/lamiradaatenta\/?p=227"},"modified":"2012-05-30T20:29:05","modified_gmt":"2012-05-30T18:29:05","slug":"amor-en-dos-colores","status":"publish","type":"post","link":"https:\/\/blogs.hoy.es\/lamiradaatenta\/2012\/05\/30\/amor-en-dos-colores\/","title":{"rendered":"Amor en dos colores"},"content":{"rendered":"<div id=\"attachment_228\" style=\"width: 660px\" class=\"wp-caption aligncenter\"><img aria-describedby=\"caption-attachment-228\" loading=\"lazy\" class=\"size-large wp-image-228\" title=\"Una ni\u00f1a saharui de las que lleg\u00f3 a Extremadura en 2002 con su familia de acogida.\" src=\"\/lamiradaatenta\/wp-content\/uploads\/sites\/24\/2012\/05\/SAHARAUI-2002.jpg\" alt=\"Una ni\u00f1a saharui de las que lleg\u00f3 a Extremadura en 2002 con su familia de acogida.\" width=\"650\" height=\"978\" srcset=\"https:\/\/static-blogs.hoy.es\/wp-content\/uploads\/sites\/24\/2012\/05\/SAHARAUI-2002.jpg 1488w, https:\/\/static-blogs.hoy.es\/wp-content\/uploads\/sites\/24\/2012\/05\/SAHARAUI-2002-100x150.jpg 100w, https:\/\/static-blogs.hoy.es\/wp-content\/uploads\/sites\/24\/2012\/05\/SAHARAUI-2002-199x300.jpg 199w, https:\/\/static-blogs.hoy.es\/wp-content\/uploads\/sites\/24\/2012\/05\/SAHARAUI-2002-768x1156.jpg 768w, https:\/\/static-blogs.hoy.es\/wp-content\/uploads\/sites\/24\/2012\/05\/SAHARAUI-2002-650x978.jpg 650w\" sizes=\"(max-width: 650px) 100vw, 650px\" \/><p id=\"caption-attachment-228\" class=\"wp-caption-text\">Una ni\u00f1a saharui de las que lleg\u00f3 a Extremadura en 2002 con su familia de acogida.<\/p><\/div>\n<p>Hay eventos agradecidos para un <strong>fot\u00f3grafo que permanezca atento<\/strong>, como los <strong>reencuentros entre las familias extreme\u00f1as y los ni\u00f1os saharuis<\/strong>. Cualquier avispado sabe que la ternura y las muestras de afecto lucen mucho, y si uno va a lo f\u00e1cil, alg\u00fan beso se lleva en la mochila. Lo dif\u00edcil es mirar con ojos nuevos. No hacer un a\u00f1o tras otro el mismo reportaje.<\/p>\n<p>Tambi\u00e9n es una complicaci\u00f3n la marabunta de abrazos y de familias apretujadas con los ni\u00f1os reci\u00e9n llegados, entre los que es dif\u00edcil meter la c\u00e1mara con acierto. El <strong>10 de agosto de 2002<\/strong> Lorenzo Cordero acudi\u00f3 como cada a\u00f1o a una <strong>jornada de convivencia de 60 familias<\/strong> con ni\u00f1os saharuis acogidos que se celebr\u00f3 en Casar de C\u00e1ceres. <strong>Mir\u00f3, observ\u00f3, y vio<\/strong>. La foto la encontr\u00f3 en el <strong>contraste de dos pares de ojos<\/strong> que se miraban con cari\u00f1o, dos azules, dos negros; una joven de piel blanca fundida en un c\u00e1lido abrazo con una ni\u00f1a saharui, de color oscuro, que repet\u00eda visita por segundo a\u00f1o consecutivo. Dos sonrisas al mismo tiempo.<\/p>\n<p>Las dos figuras, compon\u00edan una <strong>pir\u00e1mide perfecta y llena de contrastes<\/strong> en medio de la multitud que se percib\u00eda, como fondo, alrededor. El resumen de la situaci\u00f3n que persigue cualquier fotograf\u00eda de prensa estaba claro:<strong> dos culturas, dos pueblos, dos colores, todo formando una bonita argamasa gracias al cari\u00f1o.<\/strong><\/p>\n<!-- AddThis Advanced Settings generic via filter on the_content --><!-- AddThis Share Buttons generic via filter on the_content -->","protected":false},"excerpt":{"rendered":"<p>Hay eventos agradecidos para un fot\u00f3grafo que permanezca atento, como los reencuentros entre las familias extreme\u00f1as y los ni\u00f1os saharuis. Cualquier avispado sabe que la ternura y las muestras de afecto lucen mucho, y si uno va a lo f\u00e1cil, alg\u00fan beso se lleva en la mochila. Lo dif\u00edcil es mirar con ojos nuevos. No [&hellip;]<!-- AddThis Advanced Settings generic via filter on get_the_excerpt --><!-- AddThis Share Buttons generic via filter on get_the_excerpt --><\/p>\n","protected":false},"author":29,"featured_media":0,"comment_status":"open","ping_status":"closed","sticky":false,"template":"","format":"standard","meta":[],"categories":[2],"tags":[34,50,112,124,126,179,229,275],"_links":{"self":[{"href":"https:\/\/blogs.hoy.es\/lamiradaatenta\/wp-json\/wp\/v2\/posts\/227"}],"collection":[{"href":"https:\/\/blogs.hoy.es\/lamiradaatenta\/wp-json\/wp\/v2\/posts"}],"about":[{"href":"https:\/\/blogs.hoy.es\/lamiradaatenta\/wp-json\/wp\/v2\/types\/post"}],"author":[{"embeddable":true,"href":"https:\/\/blogs.hoy.es\/lamiradaatenta\/wp-json\/wp\/v2\/users\/29"}],"replies":[{"embeddable":true,"href":"https:\/\/blogs.hoy.es\/lamiradaatenta\/wp-json\/wp\/v2\/comments?post=227"}],"version-history":[{"count":0,"href":"https:\/\/blogs.hoy.es\/lamiradaatenta\/wp-json\/wp\/v2\/posts\/227\/revisions"}],"wp:attachment":[{"href":"https:\/\/blogs.hoy.es\/lamiradaatenta\/wp-json\/wp\/v2\/media?parent=227"}],"wp:term":[{"taxonomy":"category","embeddable":true,"href":"https:\/\/blogs.hoy.es\/lamiradaatenta\/wp-json\/wp\/v2\/categories?post=227"},{"taxonomy":"post_tag","embeddable":true,"href":"https:\/\/blogs.hoy.es\/lamiradaatenta\/wp-json\/wp\/v2\/tags?post=227"}],"curies":[{"name":"wp","href":"https:\/\/api.w.org\/{rel}","templated":true}]}}