{"id":231,"date":"2012-05-31T20:42:29","date_gmt":"2012-05-31T18:42:29","guid":{"rendered":"http:\/\/blogs.hoy.es\/lamiradaatenta\/?p=231"},"modified":"2012-05-31T20:42:29","modified_gmt":"2012-05-31T18:42:29","slug":"231","status":"publish","type":"post","link":"https:\/\/blogs.hoy.es\/lamiradaatenta\/2012\/05\/31\/231\/","title":{"rendered":"El a\u00f1o en el que C\u00e1ceres se qued\u00f3 sin Feria"},"content":{"rendered":"<div id=\"attachment_232\" style=\"width: 660px\" class=\"wp-caption aligncenter\"><img aria-describedby=\"caption-attachment-232\" loading=\"lazy\" class=\"size-large wp-image-232\" title=\"Una madre agarrando a su hijo durante el desalojo del recinto ferial de C\u00e1ceres (22 de mayo de 1992).\" src=\"\/lamiradaatenta\/wp-content\/uploads\/sites\/24\/2012\/05\/feria-cc-1992-baja-02.jpg\" alt=\"Una madre agarrando a su hijo durante el desalojo del recinto ferial de C\u00e1ceres (22 de mayo de 1992).\" width=\"650\" height=\"408\" srcset=\"https:\/\/static-blogs.hoy.es\/wp-content\/uploads\/sites\/24\/2012\/05\/feria-cc-1992-baja-02.jpg 4447w, https:\/\/static-blogs.hoy.es\/wp-content\/uploads\/sites\/24\/2012\/05\/feria-cc-1992-baja-02-150x94.jpg 150w, https:\/\/static-blogs.hoy.es\/wp-content\/uploads\/sites\/24\/2012\/05\/feria-cc-1992-baja-02-300x188.jpg 300w, https:\/\/static-blogs.hoy.es\/wp-content\/uploads\/sites\/24\/2012\/05\/feria-cc-1992-baja-02-768x483.jpg 768w, https:\/\/static-blogs.hoy.es\/wp-content\/uploads\/sites\/24\/2012\/05\/feria-cc-1992-baja-02-650x408.jpg 650w\" sizes=\"(max-width: 650px) 100vw, 650px\" \/><p id=\"caption-attachment-232\" class=\"wp-caption-text\">Una madre agarrando a su hijo durante el desalojo del recinto ferial de C\u00e1ceres (22 de mayo de 1992).<\/p><\/div>\n<p>Los animales <strong>olfatean el miedo<\/strong>, y los buenos reporteros son capaces de cazarlo en sus fotos. Miedo, <strong>miedo de verdad<\/strong>, fue lo que sintieron los <strong>feriantes que hab\u00edan acampado en el ferial de C\u00e1ceres el a\u00f1o en el que no hubo feria<\/strong>, en 1992, tras romperse las negociaciones con el Ayuntamiento cacere\u00f1o por falta de acuerdo econ\u00f3mico.<\/p>\n<p>Un centenar de familias dorm\u00edan en sus caravanas en la zona de los aparcamientos y, cuando despertaron, se encontraron con un <strong>despliegue de 100 agentes antidisturbios<\/strong>, llegados muchos desde Valladolid, y dispuestos a desalojarlos sin muchas bromas.<\/p>\n<p>All\u00ed estaba la <strong>Mirada Atenta<\/strong>, pendiente de los acontecimientos, y sin saber muy bien qu\u00e9 iba a ocurrir, viviendo en sus carnes la tensi\u00f3n que se cortaba en el ambiente. &#8220;<strong>Nos han metido el miedo en el cuerpo, a toda la familia, a nuestras mujeres, nuestros ni\u00f1os y gente mayor. Ha sido una burrada&#8221;<\/strong>, protestaba uno de los feriantes que habl\u00f3 con el periodista <strong>J. J. Gonz\u00e1lez<\/strong>, compa\u00f1ero de <strong>Lorenzo Cordero<\/strong> en este reportaje.<\/p>\n<p>Y el miedo era visible. <strong>La Mirada Atenta<\/strong> se dej\u00f3 atrapar por el estupor de una madre, que agarraba con fuerza a su hijo peque\u00f1o, observando preocupada todo lo que suced\u00eda alrededor.<\/p>\n<p>Al final, los feriantes se fueron, muchos protestando, y otros a todo correr por miedo a los agentes. No hubo carga policial. Pero la s<strong>ensaci\u00f3n de estar a punto de ser arrollados por un tanque<\/strong> se le qued\u00f3 a la Mirada Atenta <strong>impregnada en su memoria para siempre<\/strong>.<\/p>\n<p><span style=\"text-decoration: underline;\"><strong>M\u00c1S FOTOS:<\/strong><\/span><\/p>\n<p>&nbsp;<\/p>\n<div id=\"attachment_235\" style=\"width: 660px\" class=\"wp-caption aligncenter\"><img aria-describedby=\"caption-attachment-235\" loading=\"lazy\" class=\"size-large wp-image-235\" title=\"Feriantes protestando durante el desalojo del recinto ferial de C\u00e1ceres (22 de mayo de 1992).\" src=\"\/lamiradaatenta\/wp-content\/uploads\/sites\/24\/2012\/05\/feria2.jpg\" alt=\"Feriantes protestando durante el desalojo del recinto ferial de C\u00e1ceres (22 de mayo de 1992).\" width=\"650\" height=\"408\" srcset=\"https:\/\/static-blogs.hoy.es\/wp-content\/uploads\/sites\/24\/2012\/05\/feria2.jpg 4447w, https:\/\/static-blogs.hoy.es\/wp-content\/uploads\/sites\/24\/2012\/05\/feria2-150x94.jpg 150w, https:\/\/static-blogs.hoy.es\/wp-content\/uploads\/sites\/24\/2012\/05\/feria2-300x188.jpg 300w, https:\/\/static-blogs.hoy.es\/wp-content\/uploads\/sites\/24\/2012\/05\/feria2-768x483.jpg 768w, https:\/\/static-blogs.hoy.es\/wp-content\/uploads\/sites\/24\/2012\/05\/feria2-650x408.jpg 650w\" sizes=\"(max-width: 650px) 100vw, 650px\" \/><p id=\"caption-attachment-235\" class=\"wp-caption-text\">Feriantes protestando durante el desalojo del recinto ferial de C\u00e1ceres (22 de mayo de 1992).<\/p><\/div>\n<div id=\"attachment_234\" style=\"width: 660px\" class=\"wp-caption aligncenter\"><img aria-describedby=\"caption-attachment-234\" loading=\"lazy\" class=\"size-large wp-image-234\" title=\"Un agente antidisturbio ante las caravanas de los feriantes en el ferial de C\u00e1ceres (22 de mayo de 1992).\" src=\"\/lamiradaatenta\/wp-content\/uploads\/sites\/24\/2012\/05\/feria4.jpg\" alt=\"Un agente antidisturbio ante las caravanas de los feriantes en el ferial de C\u00e1ceres (22 de mayo de 1992).\" width=\"650\" height=\"413\" srcset=\"https:\/\/static-blogs.hoy.es\/wp-content\/uploads\/sites\/24\/2012\/05\/feria4.jpg 2362w, https:\/\/static-blogs.hoy.es\/wp-content\/uploads\/sites\/24\/2012\/05\/feria4-150x95.jpg 150w, https:\/\/static-blogs.hoy.es\/wp-content\/uploads\/sites\/24\/2012\/05\/feria4-300x191.jpg 300w, https:\/\/static-blogs.hoy.es\/wp-content\/uploads\/sites\/24\/2012\/05\/feria4-768x488.jpg 768w, https:\/\/static-blogs.hoy.es\/wp-content\/uploads\/sites\/24\/2012\/05\/feria4-650x413.jpg 650w\" sizes=\"(max-width: 650px) 100vw, 650px\" \/><p id=\"caption-attachment-234\" class=\"wp-caption-text\">Un agente antidisturbio ante las caravanas de los feriantes en el ferial de C\u00e1ceres (22 de mayo de 1992).<\/p><\/div>\n<!-- AddThis Advanced Settings generic via filter on the_content --><!-- AddThis Share Buttons generic via filter on the_content -->","protected":false},"excerpt":{"rendered":"<p>Los animales olfatean el miedo, y los buenos reporteros son capaces de cazarlo en sus fotos. Miedo, miedo de verdad, fue lo que sintieron los feriantes que hab\u00edan acampado en el ferial de C\u00e1ceres el a\u00f1o en el que no hubo feria, en 1992, tras romperse las negociaciones con el Ayuntamiento cacere\u00f1o por falta de [&hellip;]<!-- AddThis Advanced Settings generic via filter on get_the_excerpt --><!-- AddThis Share Buttons generic via filter on get_the_excerpt --><\/p>\n","protected":false},"author":29,"featured_media":0,"comment_status":"open","ping_status":"closed","sticky":false,"template":"","format":"standard","meta":[],"categories":[2],"tags":[18,114,115,116,124,126,153,179,197,229,264,307],"_links":{"self":[{"href":"https:\/\/blogs.hoy.es\/lamiradaatenta\/wp-json\/wp\/v2\/posts\/231"}],"collection":[{"href":"https:\/\/blogs.hoy.es\/lamiradaatenta\/wp-json\/wp\/v2\/posts"}],"about":[{"href":"https:\/\/blogs.hoy.es\/lamiradaatenta\/wp-json\/wp\/v2\/types\/post"}],"author":[{"embeddable":true,"href":"https:\/\/blogs.hoy.es\/lamiradaatenta\/wp-json\/wp\/v2\/users\/29"}],"replies":[{"embeddable":true,"href":"https:\/\/blogs.hoy.es\/lamiradaatenta\/wp-json\/wp\/v2\/comments?post=231"}],"version-history":[{"count":0,"href":"https:\/\/blogs.hoy.es\/lamiradaatenta\/wp-json\/wp\/v2\/posts\/231\/revisions"}],"wp:attachment":[{"href":"https:\/\/blogs.hoy.es\/lamiradaatenta\/wp-json\/wp\/v2\/media?parent=231"}],"wp:term":[{"taxonomy":"category","embeddable":true,"href":"https:\/\/blogs.hoy.es\/lamiradaatenta\/wp-json\/wp\/v2\/categories?post=231"},{"taxonomy":"post_tag","embeddable":true,"href":"https:\/\/blogs.hoy.es\/lamiradaatenta\/wp-json\/wp\/v2\/tags?post=231"}],"curies":[{"name":"wp","href":"https:\/\/api.w.org\/{rel}","templated":true}]}}