{"id":239,"date":"2012-06-01T21:17:03","date_gmt":"2012-06-01T19:17:03","guid":{"rendered":"http:\/\/blogs.hoy.es\/lamiradaatenta\/?p=239"},"modified":"2012-06-01T21:17:03","modified_gmt":"2012-06-01T19:17:03","slug":"escandalo-en-la-plaza-de-toros","status":"publish","type":"post","link":"https:\/\/blogs.hoy.es\/lamiradaatenta\/2012\/06\/01\/escandalo-en-la-plaza-de-toros\/","title":{"rendered":"Esc\u00e1ndalo en la plaza de toros"},"content":{"rendered":"<div id=\"attachment_240\" style=\"width: 660px\" class=\"wp-caption aligncenter\"><img aria-describedby=\"caption-attachment-240\" loading=\"lazy\" class=\"size-large wp-image-240\" title=\"Jairo Miguel y Emilio de Justo junto a un coche de la Polic\u00eda en el ruedo de la plaza de toros de C\u00e1ceres (30\/05\/11).\" src=\"\/lamiradaatenta\/wp-content\/uploads\/sites\/24\/2012\/06\/toros1feten.jpg\" alt=\"Jairo Miguel y Emilio de Justo junto a un coche de la Polic\u00eda en el ruedo de la plaza de toros de C\u00e1ceres (30\/05\/11).\" width=\"650\" height=\"433\" srcset=\"https:\/\/static-blogs.hoy.es\/wp-content\/uploads\/sites\/24\/2012\/06\/toros1feten.jpg 900w, https:\/\/static-blogs.hoy.es\/wp-content\/uploads\/sites\/24\/2012\/06\/toros1feten-150x100.jpg 150w, https:\/\/static-blogs.hoy.es\/wp-content\/uploads\/sites\/24\/2012\/06\/toros1feten-300x200.jpg 300w, https:\/\/static-blogs.hoy.es\/wp-content\/uploads\/sites\/24\/2012\/06\/toros1feten-768x512.jpg 768w, https:\/\/static-blogs.hoy.es\/wp-content\/uploads\/sites\/24\/2012\/06\/toros1feten-650x433.jpg 650w\" sizes=\"(max-width: 650px) 100vw, 650px\" \/><p id=\"caption-attachment-240\" class=\"wp-caption-text\">Jairo Miguel y Emilio de Justo junto a un coche de la Polic\u00eda en el ruedo de la plaza de toros de C\u00e1ceres (30\/05\/11).<\/p><\/div>\n<p>Igual que los <strong>toreros se encomiendan a todos sus santos<\/strong> cuando salen a la plaza, <strong>los fot\u00f3grafos de prensa se encomiendan a la suerte<\/strong> cuando salen de casa con su c\u00e1mara al cuello para ver si ese d\u00eda consiguen la foto de portada. Porque una buena foto de portada se trabaja, pero t<strong>ambi\u00e9n a veces se encuentra<\/strong>, como el que se tropieza por casualidad con un billete de 50 euros en la acera.<\/p>\n<p><a href=\"https:\/\/blogs.hoy.es\/lamiradaatenta\/\" target=\"_blank\">La Mirada Atenta<\/a> ha encontrado muchas buenas fotos en su d\u00eda, pero <strong>una de las m\u00e1s ins\u00f3litas<\/strong> con las que ha lidiado fue cuando fue a cubrir u<strong>na corrida de los cacere\u00f1os Emilio de Justo y Jairo Miguel<\/strong>, y a lo que se enfrent\u00f3 fue a un <a href=\"http:\/\/www.hoy.es\/v\/20110531\/toros\/policia-desaloja-aficion-caceres-20110531.html\" target=\"_blank\" rel=\"external nofollow\">desalojo de la plaza por la Polic\u00eda<\/a> tras la suspensi\u00f3n por sorpresa del festejo por parte del empresario porque s\u00f3lo hab\u00eda conseguido recaudar 7.000 euros en taquilla.<\/p>\n<p>Sin tener que salir de C\u00e1ceres, <strong>Lorenzo Cordero se encontr\u00f3 con el hecho ins\u00f3lito de ver entrar coches de polic\u00eda dentro del ruedo<\/strong>, a un p\u00fablico totalmente indignado por la suspensi\u00f3n del festejo, y al empresario taurino saliendo por la puerta de atr\u00e1s de la plaza y custodiado por los agentes. Con los ojos como platos, <strong>La Mirada Atenta hizo un reportaje completo<\/strong>, desde el principio de la pol\u00e9mica, hasta el final, contando minuto a minuto el desarrollo de los acontecimientos.<\/p>\n<p>Las fotos de este esc\u00e1ndalo en la plaza son para la <strong>Mirada Atenta<\/strong> <strong>una de sus mejores faenas<\/strong>. Y sin un ol\u00e9.<\/p>\n<p>&nbsp;<\/p>\n<!-- AddThis Advanced Settings generic via filter on the_content --><!-- AddThis Share Buttons generic via filter on the_content -->","protected":false},"excerpt":{"rendered":"<p>Igual que los toreros se encomiendan a todos sus santos cuando salen a la plaza, los fot\u00f3grafos de prensa se encomiendan a la suerte cuando salen de casa con su c\u00e1mara al cuello para ver si ese d\u00eda consiguen la foto de portada. Porque una buena foto de portada se trabaja, pero tambi\u00e9n a veces [&hellip;]<!-- AddThis Advanced Settings generic via filter on get_the_excerpt --><!-- AddThis Share Buttons generic via filter on get_the_excerpt --><\/p>\n","protected":false},"author":29,"featured_media":0,"comment_status":"open","ping_status":"closed","sticky":false,"template":"","format":"standard","meta":[],"categories":[2],"tags":[97,114,124,126,154,197,229,236,240,272,293],"_links":{"self":[{"href":"https:\/\/blogs.hoy.es\/lamiradaatenta\/wp-json\/wp\/v2\/posts\/239"}],"collection":[{"href":"https:\/\/blogs.hoy.es\/lamiradaatenta\/wp-json\/wp\/v2\/posts"}],"about":[{"href":"https:\/\/blogs.hoy.es\/lamiradaatenta\/wp-json\/wp\/v2\/types\/post"}],"author":[{"embeddable":true,"href":"https:\/\/blogs.hoy.es\/lamiradaatenta\/wp-json\/wp\/v2\/users\/29"}],"replies":[{"embeddable":true,"href":"https:\/\/blogs.hoy.es\/lamiradaatenta\/wp-json\/wp\/v2\/comments?post=239"}],"version-history":[{"count":0,"href":"https:\/\/blogs.hoy.es\/lamiradaatenta\/wp-json\/wp\/v2\/posts\/239\/revisions"}],"wp:attachment":[{"href":"https:\/\/blogs.hoy.es\/lamiradaatenta\/wp-json\/wp\/v2\/media?parent=239"}],"wp:term":[{"taxonomy":"category","embeddable":true,"href":"https:\/\/blogs.hoy.es\/lamiradaatenta\/wp-json\/wp\/v2\/categories?post=239"},{"taxonomy":"post_tag","embeddable":true,"href":"https:\/\/blogs.hoy.es\/lamiradaatenta\/wp-json\/wp\/v2\/tags?post=239"}],"curies":[{"name":"wp","href":"https:\/\/api.w.org\/{rel}","templated":true}]}}