{"id":242,"date":"2012-06-04T18:16:31","date_gmt":"2012-06-04T16:16:31","guid":{"rendered":"http:\/\/blogs.hoy.es\/lamiradaatenta\/?p=242"},"modified":"2012-06-04T18:16:31","modified_gmt":"2012-06-04T16:16:31","slug":"las-luces-que-nos-convierten-en-sombras-en-la-feria","status":"publish","type":"post","link":"https:\/\/blogs.hoy.es\/lamiradaatenta\/2012\/06\/04\/las-luces-que-nos-convierten-en-sombras-en-la-feria\/","title":{"rendered":"Las luces que nos convierten en sombras en la Feria"},"content":{"rendered":"<div id=\"attachment_243\" style=\"width: 660px\" class=\"wp-caption aligncenter\"><img aria-describedby=\"caption-attachment-243\" loading=\"lazy\" class=\"size-large wp-image-243\" title=\"La noria en la Feria de C\u00e1ceres, y los transe\u00fantes, como sombras (mayo de 2012).\" src=\"\/lamiradaatenta\/wp-content\/uploads\/sites\/24\/2012\/06\/LOREN_FERIA-1JUN-14.jpg\" alt=\"La noria en la Feria de C\u00e1ceres, y los transe\u00fantes, como sombras (mayo de 2012).\" width=\"650\" height=\"433\" srcset=\"https:\/\/static-blogs.hoy.es\/wp-content\/uploads\/sites\/24\/2012\/06\/LOREN_FERIA-1JUN-14.jpg 3504w, https:\/\/static-blogs.hoy.es\/wp-content\/uploads\/sites\/24\/2012\/06\/LOREN_FERIA-1JUN-14-150x100.jpg 150w, https:\/\/static-blogs.hoy.es\/wp-content\/uploads\/sites\/24\/2012\/06\/LOREN_FERIA-1JUN-14-300x200.jpg 300w, https:\/\/static-blogs.hoy.es\/wp-content\/uploads\/sites\/24\/2012\/06\/LOREN_FERIA-1JUN-14-768x512.jpg 768w, https:\/\/static-blogs.hoy.es\/wp-content\/uploads\/sites\/24\/2012\/06\/LOREN_FERIA-1JUN-14-650x433.jpg 650w\" sizes=\"(max-width: 650px) 100vw, 650px\" \/><p id=\"caption-attachment-243\" class=\"wp-caption-text\">La noria en la Feria de C\u00e1ceres, y los transe\u00fantes, como sombras (mayo de 2012).<\/p><\/div>\n<p><a href=\"http:\/\/www.hoy.es\/multimedia\/fotos\/caceres\/100060-mejores-imagenes-feria-fernando-caceres-0.html\" target=\"_blank\" rel=\"external nofollow\"><span style=\"text-decoration: underline;\"><strong>VER M\u00c1S FOTOS DE LA FERIA DE C\u00c1CERES DE LORENZO CORDERO<\/strong><\/span><\/a>.<\/p>\n<p>&nbsp;<\/p>\n<p>Cualquier feria est\u00e1 hecha de <strong>luces y ruido<\/strong>. Es tal su magnitud de los <strong>destellos y del estruendo que los visitantes se mueven en el ferial como sombras<\/strong>, buscando el espect\u00e1culo o el placer inmediato de una golosina o una chucher\u00eda. Por eso los feriantes compiten unos con otros con luces y con ruido, convirti\u00e9ndonos al resto de los mortales en <strong>simples mariposas<\/strong>, que van y vienen al son de la m\u00fasica y el colorido, <strong>atrapadas en la red, medio ciegas y medio sordas<\/strong>, habl\u00e1ndonos al o\u00eddo para poder comunicarnos, temerosas de que nuestros v\u00e1stagos se pierdan en la multitud ruidosa y oscura.<\/p>\n<p>La <a href=\"http:\/\/www.hoy.es\/v\/20120604\/caceres\/fiesta-feliz-pese-vacas-20120604.html\" target=\"_blank\" rel=\"external nofollow\"><strong>Feria de C\u00e1ceres<\/strong><\/a> no ha sido distinta a otras muchas. La <strong>Mirada Atenta buscaba y buscaba su foto<\/strong>, distinta, comprometedora y comprometida con su actitud de relatar en un instante la filosof\u00eda de un acontecimiento. Y de repente vio la <strong>noria de luces girando<\/strong>, como un t\u00f3tem, que recordaba a todos el <strong>poder de los atractivos colores<\/strong> que volv\u00edan a llevarnos, a miles, al ferial. Y l<strong>as sombras, alrededor, evidentes y livianas<\/strong>, sin voz ni o\u00eddo, anhelantes de m\u00e1s luces y m\u00e1s ruido porque es agradable volverse sordo ydejarse llevar s\u00f3lo por las luces que nos atraen y nos atrapan, escapando de otra realidad m\u00e1s anodina y mate.<\/p>\n<p><strong>Sin tr\u00edpode<\/strong>, como siempre, tras la experiencia de a\u00f1os golpeando con \u00e9l a los transe\u00fantes que se cruzaban en su camino, Lorenzo Cordero plant\u00f3 su <strong>bolsa de los cacharros en el suelo<\/strong>, y encima de ella coloc\u00f3 su c\u00e1mara. Necesit\u00f3 <strong>seis fotos seguidas<\/strong> hasta conseguir captar las luces y las sombras en su real magnitud. Para ello utiliz\u00f3 <strong>dos segundos de exposici\u00f3n y 22 en el diafragma<\/strong>. Voil\u00e1. La noria, tal como es de verdad, y nosotros, alrededor, revoloteando.<\/p>\n<!-- AddThis Advanced Settings generic via filter on the_content --><!-- AddThis Share Buttons generic via filter on the_content -->","protected":false},"excerpt":{"rendered":"<p>VER M\u00c1S FOTOS DE LA FERIA DE C\u00c1CERES DE LORENZO CORDERO. &nbsp; Cualquier feria est\u00e1 hecha de luces y ruido. Es tal su magnitud de los destellos y del estruendo que los visitantes se mueven en el ferial como sombras, buscando el espect\u00e1culo o el placer inmediato de una golosina o una chucher\u00eda. Por eso [&hellip;]<!-- AddThis Advanced Settings generic via filter on get_the_excerpt --><!-- AddThis Share Buttons generic via filter on get_the_excerpt --><\/p>\n","protected":false},"author":29,"featured_media":0,"comment_status":"open","ping_status":"closed","sticky":false,"template":"","format":"standard","meta":[],"categories":[2],"tags":[90,109,114,124,126,180,188,197,229,273,297],"_links":{"self":[{"href":"https:\/\/blogs.hoy.es\/lamiradaatenta\/wp-json\/wp\/v2\/posts\/242"}],"collection":[{"href":"https:\/\/blogs.hoy.es\/lamiradaatenta\/wp-json\/wp\/v2\/posts"}],"about":[{"href":"https:\/\/blogs.hoy.es\/lamiradaatenta\/wp-json\/wp\/v2\/types\/post"}],"author":[{"embeddable":true,"href":"https:\/\/blogs.hoy.es\/lamiradaatenta\/wp-json\/wp\/v2\/users\/29"}],"replies":[{"embeddable":true,"href":"https:\/\/blogs.hoy.es\/lamiradaatenta\/wp-json\/wp\/v2\/comments?post=242"}],"version-history":[{"count":0,"href":"https:\/\/blogs.hoy.es\/lamiradaatenta\/wp-json\/wp\/v2\/posts\/242\/revisions"}],"wp:attachment":[{"href":"https:\/\/blogs.hoy.es\/lamiradaatenta\/wp-json\/wp\/v2\/media?parent=242"}],"wp:term":[{"taxonomy":"category","embeddable":true,"href":"https:\/\/blogs.hoy.es\/lamiradaatenta\/wp-json\/wp\/v2\/categories?post=242"},{"taxonomy":"post_tag","embeddable":true,"href":"https:\/\/blogs.hoy.es\/lamiradaatenta\/wp-json\/wp\/v2\/tags?post=242"}],"curies":[{"name":"wp","href":"https:\/\/api.w.org\/{rel}","templated":true}]}}