{"id":255,"date":"2012-06-11T20:30:52","date_gmt":"2012-06-11T18:30:52","guid":{"rendered":"http:\/\/blogs.hoy.es\/lamiradaatenta\/?p=255"},"modified":"2012-06-11T20:30:52","modified_gmt":"2012-06-11T18:30:52","slug":"el-reto-del-festival-de-teatro-clasico-de-caceres","status":"publish","type":"post","link":"https:\/\/blogs.hoy.es\/lamiradaatenta\/2012\/06\/11\/el-reto-del-festival-de-teatro-clasico-de-caceres\/","title":{"rendered":"El reto del Festival de Teatro Cl\u00e1sico de C\u00e1ceres"},"content":{"rendered":"<div id=\"attachment_256\" style=\"width: 660px\" class=\"wp-caption aligncenter\"><img aria-describedby=\"caption-attachment-256\" loading=\"lazy\" class=\"size-large wp-image-256\" title=\"Momento de la representaci\u00f3n de Amloii en el Festival de Teatro Cl\u00e1sico de C\u00e1ceres (2002).\" src=\"\/lamiradaatenta\/wp-content\/uploads\/sites\/24\/2012\/06\/teatroamloii.jpg\" alt=\"Momento de la representaci\u00f3n de Amloii en el Festival de Teatro Cl\u00e1sico de C\u00e1ceres (2002).\" width=\"650\" height=\"433\" srcset=\"https:\/\/static-blogs.hoy.es\/wp-content\/uploads\/sites\/24\/2012\/06\/teatroamloii.jpg 1855w, https:\/\/static-blogs.hoy.es\/wp-content\/uploads\/sites\/24\/2012\/06\/teatroamloii-150x100.jpg 150w, https:\/\/static-blogs.hoy.es\/wp-content\/uploads\/sites\/24\/2012\/06\/teatroamloii-300x200.jpg 300w, https:\/\/static-blogs.hoy.es\/wp-content\/uploads\/sites\/24\/2012\/06\/teatroamloii-768x512.jpg 768w, https:\/\/static-blogs.hoy.es\/wp-content\/uploads\/sites\/24\/2012\/06\/teatroamloii-650x433.jpg 650w\" sizes=\"(max-width: 650px) 100vw, 650px\" \/><p id=\"caption-attachment-256\" class=\"wp-caption-text\">Momento de la representaci\u00f3n de Amloii en el Festival de Teatro Cl\u00e1sico de C\u00e1ceres (2002).<\/p><\/div>\n<p><a href=\"http:\/\/www.hoy.es\/multimedia\/fotos\/ultimos\/100494-representacion-amloii-karlik-danza-0.html\" target=\"_blank\" rel=\"external nofollow\">TODAS LAS FOTOS DE LA REPRESENTACI\u00d3N DE AMLOII DE LORENZO CORDERO<\/a>.<\/p>\n<p><a href=\"http:\/\/www.hoy.es\/multimedia\/fotos\/caceres\/100105-ultimas-ediciones-festival-teatro-clasico-caceres-0.html\" target=\"_blank\" rel=\"external nofollow\">IM\u00c1GENES DE LAS \u00daLTIMAS EDICIONES DEL FESTIVAL DEL TEATRO CL\u00c1SICO DE C\u00c1CERES<\/a>.<\/p>\n<p>Pronto empezar\u00e1 el<a href=\"http:\/\/www.hoy.es\/20120606\/local\/caceres\/doce-dias-teatro-clasico-201206061730.html\" target=\"_blank\" rel=\"external nofollow\"> Festival de Teatro Cl\u00e1sico de C\u00e1ceres<\/a>, y Lorenzo Cordero tendr\u00e1 que echar mano de su alma m\u00e1s t\u00e9cnica. Con tantos a\u00f1os de reportero de calle, La Mirada Atenta est\u00e1 acostumbrado a ser <strong>m\u00e1s r\u00e1pido que el ojo a la hora de disparar su c\u00e1mara<\/strong>, y no tiene tiempo para <strong>florituras de academia<\/strong> de fotograf\u00eda. En esos casos la experiencia pesa m\u00e1s que los discursos t\u00e9cnicos. Las discusiones filos\u00f3ficas las deja a los te\u00f3ricos, y \u00e9l , prefiere conseguir<strong> la foto a un buen encuadre sin noticia<\/strong>.<\/p>\n<p>Sin embargo, cuando comienza el <strong>Festival de Teatro Cl\u00e1sico de C\u00e1ceres<\/strong>, evento que lleva cubriendo todos los veranos desde los inicios, Cordero muestra que <strong>puede hablar en lat\u00edn si hace falta<\/strong> porque un espect\u00e1culo en movimiento, con juegos de luces, fondos imposibles, y sin poder elegir distancias, es un reto que no est\u00e1 al alcance de cualquiera.<\/p>\n<p><strong>La\u00a0 Mirada Atenta<\/strong> reconoce que, en sus comienzos, cuando se enfrent\u00f3 a sus primeras obras de teatro cometi\u00f3 el <strong>error m\u00e1s t\u00edpico del principiante<\/strong>: tratar de iluminar el muchas veces oscuro escenario <strong>a golpe de flash<\/strong>, pero enseguida se dio cuenta que este truco tramposo no consegu\u00eda atrapar la magia del espect\u00e1culo, ya que el fogonazo se cargaba los juegos de luces, echaba a perder los fondos, eliminaba los juegos de luces y sombras que imaginan los autores para deleite de los espectadores y terror de los fot\u00f3grafos novatos.<\/p>\n<p>Uno de sus momentos favoritos como profesional en su antolog\u00eda del Festival de Teatro Cl\u00e1sico de C\u00e1ceres fue fotografiar el espect\u00e1culo de <strong>Amloii, de Karklik<\/strong>, que tuvo gran \u00e9xito en 2002.\u00a0 Era danza y teatro todo junto, y no hab\u00eda un s\u00f3lo momento de descanso en la escena. Su magia le envolvi\u00f3, y convirti\u00f3 la c\u00e1mara en la l\u00e1mpara m\u00e1gica de la que sali\u00f3 su genio.<\/p>\n<p>Estos d\u00edas se frota las manos. El escenario de la nueva edici\u00f3n del Festival volver\u00e1 a poner a prueba su arte.<\/p>\n<!-- AddThis Advanced Settings generic via filter on the_content --><!-- AddThis Share Buttons generic via filter on the_content -->","protected":false},"excerpt":{"rendered":"<p>TODAS LAS FOTOS DE LA REPRESENTACI\u00d3N DE AMLOII DE LORENZO CORDERO. IM\u00c1GENES DE LAS \u00daLTIMAS EDICIONES DEL FESTIVAL DEL TEATRO CL\u00c1SICO DE C\u00c1CERES. Pronto empezar\u00e1 el Festival de Teatro Cl\u00e1sico de C\u00e1ceres, y Lorenzo Cordero tendr\u00e1 que echar mano de su alma m\u00e1s t\u00e9cnica. Con tantos a\u00f1os de reportero de calle, La Mirada Atenta est\u00e1 [&hellip;]<!-- AddThis Advanced Settings generic via filter on get_the_excerpt --><!-- AddThis Share Buttons generic via filter on get_the_excerpt --><\/p>\n","protected":false},"author":29,"featured_media":0,"comment_status":"open","ping_status":"closed","sticky":false,"template":"","format":"standard","meta":[],"categories":[2],"tags":[15,117,123,124,126,169,229,289],"_links":{"self":[{"href":"https:\/\/blogs.hoy.es\/lamiradaatenta\/wp-json\/wp\/v2\/posts\/255"}],"collection":[{"href":"https:\/\/blogs.hoy.es\/lamiradaatenta\/wp-json\/wp\/v2\/posts"}],"about":[{"href":"https:\/\/blogs.hoy.es\/lamiradaatenta\/wp-json\/wp\/v2\/types\/post"}],"author":[{"embeddable":true,"href":"https:\/\/blogs.hoy.es\/lamiradaatenta\/wp-json\/wp\/v2\/users\/29"}],"replies":[{"embeddable":true,"href":"https:\/\/blogs.hoy.es\/lamiradaatenta\/wp-json\/wp\/v2\/comments?post=255"}],"version-history":[{"count":0,"href":"https:\/\/blogs.hoy.es\/lamiradaatenta\/wp-json\/wp\/v2\/posts\/255\/revisions"}],"wp:attachment":[{"href":"https:\/\/blogs.hoy.es\/lamiradaatenta\/wp-json\/wp\/v2\/media?parent=255"}],"wp:term":[{"taxonomy":"category","embeddable":true,"href":"https:\/\/blogs.hoy.es\/lamiradaatenta\/wp-json\/wp\/v2\/categories?post=255"},{"taxonomy":"post_tag","embeddable":true,"href":"https:\/\/blogs.hoy.es\/lamiradaatenta\/wp-json\/wp\/v2\/tags?post=255"}],"curies":[{"name":"wp","href":"https:\/\/api.w.org\/{rel}","templated":true}]}}