{"id":258,"date":"2012-06-13T20:16:40","date_gmt":"2012-06-13T18:16:40","guid":{"rendered":"http:\/\/blogs.hoy.es\/lamiradaatenta\/?p=258"},"modified":"2012-06-13T20:16:40","modified_gmt":"2012-06-13T18:16:40","slug":"sin-buen-rollo-no-hay-foto-de-buen-rollo","status":"publish","type":"post","link":"https:\/\/blogs.hoy.es\/lamiradaatenta\/2012\/06\/13\/sin-buen-rollo-no-hay-foto-de-buen-rollo\/","title":{"rendered":"Sin buen rollo, no hay foto de buen rollo"},"content":{"rendered":"<div id=\"attachment_260\" style=\"width: 660px\" class=\"wp-caption aligncenter\"><img aria-describedby=\"caption-attachment-260\" loading=\"lazy\" class=\"size-large wp-image-260\" title=\"Fiesta del D\u00eda de Orgullo Gay de C\u00e1ceres (junio de 2001).\" src=\"\/lamiradaatenta\/wp-content\/uploads\/sites\/24\/2012\/06\/ORGULLO-CC-2011-031.jpg\" alt=\"Fiesta del D\u00eda de Orgullo Gay de C\u00e1ceres (junio de 2001).\" width=\"650\" height=\"453\" srcset=\"https:\/\/static-blogs.hoy.es\/wp-content\/uploads\/sites\/24\/2012\/06\/ORGULLO-CC-2011-031.jpg 3116w, https:\/\/static-blogs.hoy.es\/wp-content\/uploads\/sites\/24\/2012\/06\/ORGULLO-CC-2011-031-150x105.jpg 150w, https:\/\/static-blogs.hoy.es\/wp-content\/uploads\/sites\/24\/2012\/06\/ORGULLO-CC-2011-031-300x209.jpg 300w, https:\/\/static-blogs.hoy.es\/wp-content\/uploads\/sites\/24\/2012\/06\/ORGULLO-CC-2011-031-768x535.jpg 768w, https:\/\/static-blogs.hoy.es\/wp-content\/uploads\/sites\/24\/2012\/06\/ORGULLO-CC-2011-031-650x453.jpg 650w\" sizes=\"(max-width: 650px) 100vw, 650px\" \/><p id=\"caption-attachment-260\" class=\"wp-caption-text\">Fiesta del D\u00eda de Orgullo Gay de C\u00e1ceres (junio de 2001).<\/p><\/div>\n<p><a href=\"http:\/\/www.hoy.es\/multimedia\/fotos\/ultimos\/79208-orgullo-caceres-0.html\" target=\"_blank\" rel=\"external nofollow\"><span style=\"text-decoration: underline;\"><strong>FOTOS DEL D\u00cdA DEL ORGULLO GAY EN C\u00c1CERES<\/strong><\/span><\/a>.<\/p>\n<p><strong>\u00bfC\u00f3mo hacer una foto buena en la que sale gente cuando esa gente no quiere salir?<\/strong> Este problema, al que se enfrenta cualquier reportero, s\u00f3lo tiene una soluci\u00f3n: la empat\u00eda, una habilidad que ahora est\u00e1 de moda en los cursos de directivos, pero que la <strong>Mirada Atenta<\/strong> aprendi\u00f3 en su <strong>mejor universidad, &#8220;la calle<\/strong>&#8220;.<\/p>\n<p><strong>Sin buen rollo, no hay foto de buen rollo<\/strong>, en la que los retratados se entreguen libremente a su c\u00e1mara, por lo que cuando hay alg\u00fan acontecimiento protagonizado por personas, <strong>Lorenzo Cordero<\/strong> tiene que concentrarse primero en s\u00ed mismo, trabajar su lado m\u00e1s asertivo, que dir\u00edan los psic\u00f3logos, y exhibir una sincera amabilidad con sus objetivos. No una falsa sonrisa, ni una frase simplemente simp\u00e1tica. La empat\u00eda, <strong>como truco no funciona<\/strong>. Tiene que ser real, porque si no, se nota.<\/p>\n<p>Ello implica un <strong>claro respeto a sus retratados<\/strong>, no tirarse a deg\u00fcello con los protagonistas, no arrebatarles una foto a la fuerza, sino camelarles para que sean ellos los que se dejen fotografiar. Una vez seducido el objetivo, empieza el baile, y todo va como la seda, mejorando de forma exponencial los resultados.<\/p>\n<p>Esta forma de trabajar, que conlleva un esfuerzo previo, <strong>nunca le ha fallado hasta el momento a Cordero<\/strong>. As\u00ed lo hizo el a\u00f1o pasado, por ejemplo, en la <a href=\"http:\/\/www.hoy.es\/v\/20110619\/caceres\/conce-baila-orgullo-20110619.html\" target=\"_blank\" rel=\"external nofollow\"><strong>fiesta del D\u00eda del Orgullo Gay de C\u00e1ceres<\/strong><\/a>, un evento al que asistieron muchos cacere\u00f1os, pero de los cuales un buen porcentaje no quer\u00eda salir en la foto del HOY por pudor. Lorenzo Cordero respet\u00f3 la voluntad de los protagonistas, y convenci\u00f3 a otros, consiguiendo as\u00ed su objetivo sin molestar a nadie.<\/p>\n<p>No es lo mismo fotografiar el ambiente bullicioso que puede encontrarse en cualquier concentraci\u00f3n festiva, que reflejar en una imagen el esp\u00edritu reivindicativo de dos personas que muestran, desafiantes, que el amor y la atracci\u00f3n no conoce ni quiere reglas. <strong>Y a los que no les gusten, que no miren, dijeron sus ojos a la c\u00e1mara de la Mirada Atenta<\/strong>.<\/p>\n<!-- AddThis Advanced Settings generic via filter on the_content --><!-- AddThis Share Buttons generic via filter on the_content -->","protected":false},"excerpt":{"rendered":"<p>FOTOS DEL D\u00cdA DEL ORGULLO GAY EN C\u00c1CERES. \u00bfC\u00f3mo hacer una foto buena en la que sale gente cuando esa gente no quiere salir? Este problema, al que se enfrenta cualquier reportero, s\u00f3lo tiene una soluci\u00f3n: la empat\u00eda, una habilidad que ahora est\u00e1 de moda en los cursos de directivos, pero que la Mirada Atenta [&hellip;]<!-- AddThis Advanced Settings generic via filter on get_the_excerpt --><!-- AddThis Share Buttons generic via filter on get_the_excerpt --><\/p>\n","protected":false},"author":29,"featured_media":0,"comment_status":"open","ping_status":"closed","sticky":false,"template":"","format":"standard","meta":[],"categories":[2],"tags":[89,98,124,126,197,229,265,267],"_links":{"self":[{"href":"https:\/\/blogs.hoy.es\/lamiradaatenta\/wp-json\/wp\/v2\/posts\/258"}],"collection":[{"href":"https:\/\/blogs.hoy.es\/lamiradaatenta\/wp-json\/wp\/v2\/posts"}],"about":[{"href":"https:\/\/blogs.hoy.es\/lamiradaatenta\/wp-json\/wp\/v2\/types\/post"}],"author":[{"embeddable":true,"href":"https:\/\/blogs.hoy.es\/lamiradaatenta\/wp-json\/wp\/v2\/users\/29"}],"replies":[{"embeddable":true,"href":"https:\/\/blogs.hoy.es\/lamiradaatenta\/wp-json\/wp\/v2\/comments?post=258"}],"version-history":[{"count":0,"href":"https:\/\/blogs.hoy.es\/lamiradaatenta\/wp-json\/wp\/v2\/posts\/258\/revisions"}],"wp:attachment":[{"href":"https:\/\/blogs.hoy.es\/lamiradaatenta\/wp-json\/wp\/v2\/media?parent=258"}],"wp:term":[{"taxonomy":"category","embeddable":true,"href":"https:\/\/blogs.hoy.es\/lamiradaatenta\/wp-json\/wp\/v2\/categories?post=258"},{"taxonomy":"post_tag","embeddable":true,"href":"https:\/\/blogs.hoy.es\/lamiradaatenta\/wp-json\/wp\/v2\/tags?post=258"}],"curies":[{"name":"wp","href":"https:\/\/api.w.org\/{rel}","templated":true}]}}