{"id":263,"date":"2012-06-15T18:37:31","date_gmt":"2012-06-15T16:37:31","guid":{"rendered":"http:\/\/blogs.hoy.es\/lamiradaatenta\/?p=263"},"modified":"2012-06-15T18:37:31","modified_gmt":"2012-06-15T16:37:31","slug":"cuando-el-objetivo-quema","status":"publish","type":"post","link":"https:\/\/blogs.hoy.es\/lamiradaatenta\/2012\/06\/15\/cuando-el-objetivo-quema\/","title":{"rendered":"Cuando el objetivo se quema"},"content":{"rendered":"<div id=\"attachment_270\" style=\"width: 528px\" class=\"wp-caption aligncenter\"><img aria-describedby=\"caption-attachment-270\" loading=\"lazy\" class=\"size-full wp-image-270   \" title=\"Felipe Mart\u00edn fue el \u00faltimo vecino que sali\u00f3 de Grimaldo el d\u00eda que fue arrasado por el fuego (2 de agosto de 2003).\" src=\"\/lamiradaatenta\/wp-content\/uploads\/sites\/24\/2012\/06\/grimaldofeten3.jpg\" alt=\"Felipe Mart\u00edn fue el \u00faltimo vecino que sali\u00f3 de Grimaldo el d\u00eda que fue arrasado por el fuego (2 de agosto de 2003).\" width=\"518\" height=\"358\" srcset=\"https:\/\/static-blogs.hoy.es\/wp-content\/uploads\/sites\/24\/2012\/06\/grimaldofeten3.jpg 900w, https:\/\/static-blogs.hoy.es\/wp-content\/uploads\/sites\/24\/2012\/06\/grimaldofeten3-150x104.jpg 150w, https:\/\/static-blogs.hoy.es\/wp-content\/uploads\/sites\/24\/2012\/06\/grimaldofeten3-300x208.jpg 300w, https:\/\/static-blogs.hoy.es\/wp-content\/uploads\/sites\/24\/2012\/06\/grimaldofeten3-768x532.jpg 768w, https:\/\/static-blogs.hoy.es\/wp-content\/uploads\/sites\/24\/2012\/06\/grimaldofeten3-650x450.jpg 650w\" sizes=\"(max-width: 518px) 100vw, 518px\" \/><p id=\"caption-attachment-270\" class=\"wp-caption-text\">Felipe Mart\u00edn fue el \u00faltimo vecino que sali\u00f3 de Grimaldo el d\u00eda que fue arrasado por el fuego (2 de agosto de 2003).<\/p><\/div>\n<p><span style=\"text-decoration: underline;\"><strong><a href=\"http:\/\/www.hoy.es\/multimedia\/fotos\/caceres\/100700-mirada-atenta-incendios-forestales-provincia-caceres-ultimos-anos-0.html\" target=\"_blank\" rel=\"external nofollow\">IM\u00c1GENES DE INCENDIOS DE LA \u00daLTIMA D\u00c9CADA OCURRIDOS EN LA PROVINCIA DE C\u00c1CERES<\/a>, fotografiados por\u00a0 LA MIRADA ATENTA.<\/strong><\/span><\/p>\n<p>&nbsp;<\/p>\n<p>Quien no se moja el culo, no pesca peces, dice refr\u00e1n. <strong>Si no te parece que el calor est\u00e1 a punto de derretir el objetivo de la c\u00e1mara, no hay buena foto de un incendio<\/strong>, dice y aplica <strong>Lorenzo Cordero<\/strong>, quien ha visto cuatro veces la <strong>muerte de cerca<\/strong> por el deseo de conseguir <strong>la mejor imagen<\/strong> en algunos de los <strong>incendios m\u00e1s importantes que han asolado Extremadura<\/strong>.<\/p>\n<p>Cuando lo reflexiona en fr\u00edo, se pregunta a s\u00ed mismo <strong>si no ser\u00e1 una tonter\u00eda jugarse la vida s\u00f3lo para conseguir una buena foto<\/strong>, pero cuando est\u00e1 en plena misi\u00f3n, reconoce que<strong> la adredalina le ciega,<\/strong> y que en esos momentos s\u00f3lo piensa en la caza de la imagen. Y una buena foto no se hace de lejos, como si se tratara de un turista que quiere llevarse una an\u00e9cdota de recuerdo.<strong> La Mirada Atenta<\/strong> pertenece a la categor\u00eda de los reporteros que piensan que si no lo vive, no puede fotografiarlo.<\/p>\n<p>El <strong>2 de agosto de 2003<\/strong> fue una de las veces en las que se la jug\u00f3 a cara o cruz. Un gran incendio asolaba el pueblo de <strong>Grimaldo, y todos sus habitantes fueron desalojados<\/strong>. El p\u00e1nico se ol\u00eda, como el humo, a kil\u00f3metros de distancia. Antes de llegar al pueblo, la carretera ya estaba rodeada por las llamas. <strong>Lorenzo y el redactor\u00a0 J. J. Gonz\u00e1lez<\/strong> dejaron el coche a las afueras, y antes de que se pudiera dar cuenta su compa\u00f1ero,<strong> La Mirada Atenta hab\u00eda atravesado como una sombra el cerco al pueblo de la Guardia Civil<\/strong>, y se metido dentro del infierno, dispuesto a fotografiarlo mientras millones de pavesas ca\u00edan sobre \u00e9l poni\u00e9ndole los pelos de punta de puro pavor.<\/p>\n<p>Aquel d\u00eda le acompa\u00f1\u00f3 la suerte, y se top\u00f3 en el interior de la localidad desierta y arrasada por las llamas con el \u00fanico vecino, <strong>otro loco como \u00e9l<\/strong>, que a\u00fan no hab\u00eda abandonado el lugar, <strong>Felipe Mart\u00edn<\/strong>, que se hab\u00eda quedado hasta el final para ayudar a los bomberos a desenvolverse por el interior de un pueblo que se hab\u00eda convertido en un horno. Su imagen saliendo de una cama en llamas, en cuyo interior tambi\u00e9n estuvo Lorenzo haciendo fotos, sali\u00f3 en la portada del d\u00eda siguiente.<\/p>\n<p>Eso s\u00ed, dio a los bomberos, guardia civil y a su compa\u00f1ero un susto de muerte, ya que <strong>durante varias horas le dieron por desaparecido en el incendio<\/strong>.<\/p>\n<div id=\"attachment_274\" style=\"width: 730px\" class=\"wp-caption aligncenter\"><img aria-describedby=\"caption-attachment-274\" loading=\"lazy\" class=\"size-full wp-image-274 \" title=\"Un bombero tratando de apagar uno de los incendios m\u00e1s desvastadores que ha sufrido Extremadura, el de Valencia de Alc\u00e1ntara.\" src=\"\/lamiradaatenta\/wp-content\/uploads\/sites\/24\/2012\/06\/incendiovalencia1.jpg\" alt=\"Un bombero tratando de apagar uno de los incendios m\u00e1s desvastadores que ha sufrido Extremadura, el de Valencia de Alc\u00e1ntara.\" width=\"720\" height=\"478\" srcset=\"https:\/\/static-blogs.hoy.es\/wp-content\/uploads\/sites\/24\/2012\/06\/incendiovalencia1.jpg 900w, https:\/\/static-blogs.hoy.es\/wp-content\/uploads\/sites\/24\/2012\/06\/incendiovalencia1-150x100.jpg 150w, https:\/\/static-blogs.hoy.es\/wp-content\/uploads\/sites\/24\/2012\/06\/incendiovalencia1-300x199.jpg 300w, https:\/\/static-blogs.hoy.es\/wp-content\/uploads\/sites\/24\/2012\/06\/incendiovalencia1-768x510.jpg 768w, https:\/\/static-blogs.hoy.es\/wp-content\/uploads\/sites\/24\/2012\/06\/incendiovalencia1-650x432.jpg 650w\" sizes=\"(max-width: 720px) 100vw, 720px\" \/><p id=\"caption-attachment-274\" class=\"wp-caption-text\">Un vecino tratando de apagar uno de los incendios m\u00e1s devastadores que ha sufrido Extremadura, el de Valencia de Alc\u00e1ntara.<\/p><\/div>\n<p>Al d\u00eda siguiente, cuando todav\u00eda no hab\u00eda tenido de calibrar la fortuna que tuvo de haber salido vivo e ileso, tuvo que acudir corriendo a otro de los tremendos incendios que recuerda Extremadura, el que arras\u00f3 miles de hect\u00e1reas en <strong>Valencia de Alc\u00e1ntar<\/strong>a. All\u00ed se empe\u00f1\u00f3 en ir detr\u00e1s de los bomberos todo el rato hasta que, de repente, el viento cambi\u00f3 de repente de sentido, y se fue hacia ellos tan deprisa como una sombra oscura y asfixiante. Su compa\u00f1ero <strong>Antonio Armero<\/strong> puso en marcha el coche mientras \u00e9l hac\u00eda las \u00faltimas fotograf\u00edas de los bomberos que corr\u00edan para salvar la vida.<\/p>\n<p><strong>Antonio Armero<\/strong>, que tambi\u00e9n estuvo a punto de quemarse el bigote, <strong>a\u00fan recordaba el miedo y la amenazante sensaci\u00f3n de calor<\/strong>, <strong><a href=\"http:\/\/www.hoy.es\/pg060716\/prensa\/noticias\/Merida\/200607\/16\/HOY-MER-043.html\" target=\"_blank\" rel=\"external nofollow\">tres a\u00f1os despu\u00e9s<\/a><\/strong>: &#8220;El fuego se ve. Cuando corre a su aire por el monte, de \u00e1rbol en \u00e1rbol, se dibuja como una columna informe que se estira hacia el cielo y se aprecia a kil\u00f3metros. Tambi\u00e9n huele. Si es grande, huele desde lejos&#8221;.<\/p>\n<p>A lo largo de los a\u00f1os posteriores <strong>Lorenzo Cordero volvi\u00f3 a jugarse la vida en el fuego<\/strong> unas cuantas veces m\u00e1s. Aprendi\u00f3 a ir con m\u00e1s tiento, y a tomar algunas medidas de seguridad, como <strong>colocar el veh\u00edculo siempre en posici\u00f3n de salida<\/strong> por si hubiera que salir corriendo, como le ocurri\u00f3 <strong>en los Llanos de C\u00e1ceres en 2004<\/strong>.<\/p>\n<p>&nbsp;<\/p>\n<p>En <strong>2009<\/strong>, en el terrible<strong> incendio del entorno del Residencial Universidad, en C\u00e1cere<\/strong>s, se intern\u00f3 tanto dentro del \u00e1rea de peligro, que le cayeron encima los 500 litros de agua que volc\u00f3 en una pasada el helic\u00f3ptero que colaboraba en las tareas de extinci\u00f3n. Le salv\u00f3 la vida el hecho de que se hubiera puesto en la cabeza el casco de la moto.<\/p>\n<p>Pod\u00eda haberse quedado lejos, haciendo fotos de los helic\u00f3pteros que sobrevolaban la zona, pero a Lorenzo no le gusta ir de turista. &#8220;<strong>Cuando notas el calorcito del fuego, es cuando se pueden hacer ya buenas fotos<\/strong>&#8220;.<\/p>\n<p>&nbsp;<\/p>\n<div id=\"attachment_282\" style=\"width: 660px\" class=\"wp-caption aligncenter\"><a href=\"https:\/\/blogs.hoy.es\/lamiradaatenta\/2012\/06\/15\/cuando-el-objetivo-quema\/helicoptero-2\/\" rel=\"attachment wp-att-282\"><img aria-describedby=\"caption-attachment-282\" loading=\"lazy\" class=\"size-large wp-image-282\" title=\"helicoptero\" src=\"\/lamiradaatenta\/wp-content\/uploads\/sites\/24\/2012\/06\/helicoptero2.jpg\" alt=\"\" width=\"650\" height=\"433\" srcset=\"https:\/\/static-blogs.hoy.es\/wp-content\/uploads\/sites\/24\/2012\/06\/helicoptero2.jpg 3504w, https:\/\/static-blogs.hoy.es\/wp-content\/uploads\/sites\/24\/2012\/06\/helicoptero2-150x100.jpg 150w, https:\/\/static-blogs.hoy.es\/wp-content\/uploads\/sites\/24\/2012\/06\/helicoptero2-300x200.jpg 300w, https:\/\/static-blogs.hoy.es\/wp-content\/uploads\/sites\/24\/2012\/06\/helicoptero2-768x512.jpg 768w, https:\/\/static-blogs.hoy.es\/wp-content\/uploads\/sites\/24\/2012\/06\/helicoptero2-650x433.jpg 650w\" sizes=\"(max-width: 650px) 100vw, 650px\" \/><\/a><p id=\"caption-attachment-282\" class=\"wp-caption-text\">Uno de los helic\u00f3pteros que participan en la extinci\u00f3n de incendios, descargando 500 litros de agua.<\/p><\/div>\n<p>&nbsp;<\/p>\n<!-- AddThis Advanced Settings generic via filter on the_content --><!-- AddThis Share Buttons generic via filter on the_content -->","protected":false},"excerpt":{"rendered":"<p>IM\u00c1GENES DE INCENDIOS DE LA \u00daLTIMA D\u00c9CADA OCURRIDOS EN LA PROVINCIA DE C\u00c1CERES, fotografiados por\u00a0 LA MIRADA ATENTA. &nbsp; Quien no se moja el culo, no pesca peces, dice refr\u00e1n. Si no te parece que el calor est\u00e1 a punto de derretir el objetivo de la c\u00e1mara, no hay buena foto de un incendio, dice [&hellip;]<!-- AddThis Advanced Settings generic via filter on get_the_excerpt --><!-- AddThis Share Buttons generic via filter on get_the_excerpt --><\/p>\n","protected":false},"author":29,"featured_media":0,"comment_status":"open","ping_status":"closed","sticky":false,"template":"","format":"standard","meta":[],"categories":[2],"tags":[19,31,34,124,126,134,137,138,146,153,176,229,306],"_links":{"self":[{"href":"https:\/\/blogs.hoy.es\/lamiradaatenta\/wp-json\/wp\/v2\/posts\/263"}],"collection":[{"href":"https:\/\/blogs.hoy.es\/lamiradaatenta\/wp-json\/wp\/v2\/posts"}],"about":[{"href":"https:\/\/blogs.hoy.es\/lamiradaatenta\/wp-json\/wp\/v2\/types\/post"}],"author":[{"embeddable":true,"href":"https:\/\/blogs.hoy.es\/lamiradaatenta\/wp-json\/wp\/v2\/users\/29"}],"replies":[{"embeddable":true,"href":"https:\/\/blogs.hoy.es\/lamiradaatenta\/wp-json\/wp\/v2\/comments?post=263"}],"version-history":[{"count":0,"href":"https:\/\/blogs.hoy.es\/lamiradaatenta\/wp-json\/wp\/v2\/posts\/263\/revisions"}],"wp:attachment":[{"href":"https:\/\/blogs.hoy.es\/lamiradaatenta\/wp-json\/wp\/v2\/media?parent=263"}],"wp:term":[{"taxonomy":"category","embeddable":true,"href":"https:\/\/blogs.hoy.es\/lamiradaatenta\/wp-json\/wp\/v2\/categories?post=263"},{"taxonomy":"post_tag","embeddable":true,"href":"https:\/\/blogs.hoy.es\/lamiradaatenta\/wp-json\/wp\/v2\/tags?post=263"}],"curies":[{"name":"wp","href":"https:\/\/api.w.org\/{rel}","templated":true}]}}