{"id":28,"date":"2012-03-15T10:25:59","date_gmt":"2012-03-15T10:25:59","guid":{"rendered":"http:\/\/blogs.hoy.es\/lamiradaatenta\/?p=28"},"modified":"2012-03-15T10:25:59","modified_gmt":"2012-03-15T10:25:59","slug":"huyendo-del-fuego","status":"publish","type":"post","link":"https:\/\/blogs.hoy.es\/lamiradaatenta\/2012\/03\/15\/huyendo-del-fuego\/","title":{"rendered":"Huyendo del fuego"},"content":{"rendered":"<div id=\"attachment_29\" style=\"width: 660px\" class=\"wp-caption aligncenter\"><a href=\"https:\/\/blogs.hoy.es\/lamiradaatenta\/2012\/03\/15\/huyendo-del-fuego\/attachment\/003\/\" rel=\"attachment wp-att-29\"><img aria-describedby=\"caption-attachment-29\" loading=\"lazy\" class=\"size-large wp-image-29\" title=\"La fuerza de la naturaleza hace retroceder al hombre (2005).\" src=\"\/lamiradaatenta\/wp-content\/uploads\/sites\/24\/2012\/03\/003.jpg\" alt=\"La fuerza de la naturaleza hace retroceder al hombre (2005).\" width=\"650\" height=\"464\" srcset=\"https:\/\/static-blogs.hoy.es\/wp-content\/uploads\/sites\/24\/2012\/03\/003.jpg 787w, https:\/\/static-blogs.hoy.es\/wp-content\/uploads\/sites\/24\/2012\/03\/003-150x107.jpg 150w, https:\/\/static-blogs.hoy.es\/wp-content\/uploads\/sites\/24\/2012\/03\/003-300x214.jpg 300w, https:\/\/static-blogs.hoy.es\/wp-content\/uploads\/sites\/24\/2012\/03\/003-768x548.jpg 768w, https:\/\/static-blogs.hoy.es\/wp-content\/uploads\/sites\/24\/2012\/03\/003-650x464.jpg 650w\" sizes=\"(max-width: 650px) 100vw, 650px\" \/><\/a><p id=\"caption-attachment-29\" class=\"wp-caption-text\">La fuerza de la naturaleza hace retroceder al hombre (2005).<\/p><\/div>\n<p>En su trabajo como fotoperiodista, Lorenzo Cordero ha sido capaz de percibir el riesgo y el valor de los hombres que luchan a cuerpo limpio contra el fuego voraz, y ha tenido que huir tambi\u00e9n de las llamas que se apoderaron del monte en el verano de 2005. El calor que sintieron los bomberos en su cara, tambi\u00e9n lo sinti\u00f3 Cordero en su rostro, pero antes de echar a correr, hizo la foto.<\/p>\n<!-- AddThis Advanced Settings generic via filter on the_content --><!-- AddThis Share Buttons generic via filter on the_content -->","protected":false},"excerpt":{"rendered":"<p>En su trabajo como fotoperiodista, Lorenzo Cordero ha sido capaz de percibir el riesgo y el valor de los hombres que luchan a cuerpo limpio contra el fuego voraz, y ha tenido que huir tambi\u00e9n de las llamas que se apoderaron del monte en el verano de 2005. El calor que sintieron los bomberos en [&hellip;]<!-- AddThis Advanced Settings generic via filter on get_the_excerpt --><!-- AddThis Share Buttons generic via filter on get_the_excerpt --><\/p>\n","protected":false},"author":29,"featured_media":0,"comment_status":"open","ping_status":"closed","sticky":false,"template":"","format":"standard","meta":[],"categories":[2],"tags":[110,124,126,146,179,229],"_links":{"self":[{"href":"https:\/\/blogs.hoy.es\/lamiradaatenta\/wp-json\/wp\/v2\/posts\/28"}],"collection":[{"href":"https:\/\/blogs.hoy.es\/lamiradaatenta\/wp-json\/wp\/v2\/posts"}],"about":[{"href":"https:\/\/blogs.hoy.es\/lamiradaatenta\/wp-json\/wp\/v2\/types\/post"}],"author":[{"embeddable":true,"href":"https:\/\/blogs.hoy.es\/lamiradaatenta\/wp-json\/wp\/v2\/users\/29"}],"replies":[{"embeddable":true,"href":"https:\/\/blogs.hoy.es\/lamiradaatenta\/wp-json\/wp\/v2\/comments?post=28"}],"version-history":[{"count":0,"href":"https:\/\/blogs.hoy.es\/lamiradaatenta\/wp-json\/wp\/v2\/posts\/28\/revisions"}],"wp:attachment":[{"href":"https:\/\/blogs.hoy.es\/lamiradaatenta\/wp-json\/wp\/v2\/media?parent=28"}],"wp:term":[{"taxonomy":"category","embeddable":true,"href":"https:\/\/blogs.hoy.es\/lamiradaatenta\/wp-json\/wp\/v2\/categories?post=28"},{"taxonomy":"post_tag","embeddable":true,"href":"https:\/\/blogs.hoy.es\/lamiradaatenta\/wp-json\/wp\/v2\/tags?post=28"}],"curies":[{"name":"wp","href":"https:\/\/api.w.org\/{rel}","templated":true}]}}