{"id":283,"date":"2012-06-18T20:01:01","date_gmt":"2012-06-18T18:01:01","guid":{"rendered":"http:\/\/blogs.hoy.es\/lamiradaatenta\/?p=283"},"modified":"2012-06-18T20:01:01","modified_gmt":"2012-06-18T18:01:01","slug":"un-partido-de-la-seleccion-acomplejante","status":"publish","type":"post","link":"https:\/\/blogs.hoy.es\/lamiradaatenta\/2012\/06\/18\/un-partido-de-la-seleccion-acomplejante\/","title":{"rendered":"Un partido de Espa\u00f1a con c\u00e1mara de juguete"},"content":{"rendered":"<div id=\"attachment_287\" style=\"width: 690px\" class=\"wp-caption aligncenter\"><img aria-describedby=\"caption-attachment-287\" loading=\"lazy\" class=\"size-full wp-image-287 \" title=\"Butrague\u00f1o entrando en el campo del Pr\u00edncipe de C\u00e1ceres (17 de abril de 1991).\" src=\"\/lamiradaatenta\/wp-content\/uploads\/sites\/24\/2012\/06\/SELECCION-ESP-02valida.jpg\" alt=\"Butrague\u00f1o entrando en el campo del Pr\u00edncipe de C\u00e1ceres (17 de abril de 1991).\" width=\"680\" height=\"439\" srcset=\"https:\/\/static-blogs.hoy.es\/wp-content\/uploads\/sites\/24\/2012\/06\/SELECCION-ESP-02valida.jpg 850w, https:\/\/static-blogs.hoy.es\/wp-content\/uploads\/sites\/24\/2012\/06\/SELECCION-ESP-02valida-150x97.jpg 150w, https:\/\/static-blogs.hoy.es\/wp-content\/uploads\/sites\/24\/2012\/06\/SELECCION-ESP-02valida-300x194.jpg 300w, https:\/\/static-blogs.hoy.es\/wp-content\/uploads\/sites\/24\/2012\/06\/SELECCION-ESP-02valida-768x496.jpg 768w, https:\/\/static-blogs.hoy.es\/wp-content\/uploads\/sites\/24\/2012\/06\/SELECCION-ESP-02valida-650x420.jpg 650w\" sizes=\"(max-width: 680px) 100vw, 680px\" \/><p id=\"caption-attachment-287\" class=\"wp-caption-text\">Butrague\u00f1o entrando en el campo del Pr\u00edncipe de C\u00e1ceres (17 de abril de 1991).<\/p><\/div>\n<p>Profesionalmente hablando, Lorenzo Cordero nunca ha tenido razones para estar acomplejado. Es un fot\u00f3grafo de provincias, s\u00ed, pero <strong>ha trabajado para los medios m\u00e1s importantes del pa\u00eds, y ha ganado numerosos premios<\/strong>. Sin embargo, como todos los grandes, <strong>Cordero un d\u00eda se sinti\u00f3 peque\u00f1o<\/strong>. Fue el <strong>17 de abril de 1991<\/strong>, cuando Lorenzo llevaba poco tiempo como fot\u00f3grafo del HOY en C\u00e1ceres, y <strong>se apa\u00f1aba en todos sus trabajos con su vieja Yashika<\/strong>, que ya era su segunda c\u00e1mara profesional.<\/p>\n<p>Con ella, y como si tal cosa, le enviaron a cubrir la <strong>llegada de la Selecci\u00f3n Espa\u00f1ola de F\u00fatbol a C\u00e1ceres<\/strong>, donde iba a jugar un <strong>partido contra Ruman\u00eda<\/strong>. C\u00e1ceres fue ese d\u00eda una locura. Admiradores y curiosos segu\u00edan a los jugadores a todas partes, y el campo del &#8216;<strong>Pr\u00edncipe Felipe&#8217;<\/strong> se llen\u00f3 a rebosar.<\/p>\n<p>Aunque a Cordero no le gusta el f\u00fatbol especialmente, <strong>hizo todo lo que ten\u00eda que hacer como reportero profesional<\/strong>: esper\u00f3 a los jugadores a la puerta del <strong>Parador<\/strong>, donde se alojaban, corri\u00f3 marcha atr\u00e1s mientras hac\u00eda fotos en medio de la vor\u00e1gine, se col\u00f3 en el campo para captar los mejores momentos de la entrada del equipo al c\u00e9sped, entre los que se encontraba el cacere\u00f1o Manolo&#8230; y de repente, mir\u00f3 alrededor, y se dio cuenta: estaba trabajando <strong>con una m\u00e1quina de juguete<\/strong>, rid\u00edcula en comparaci\u00f3n con los tanques que portaban los fot\u00f3grafos de los grandes medios, que estaban all\u00ed haciendo lo mismo que \u00e9l, pero <strong>con medios mil veces mejores<\/strong>.<\/p>\n<p>Y no s\u00f3lo era que su maquinaria era muy inferior respecto al resto de profesionales, lo que le acomplej\u00f3. Es que se dio cuenta de que, <strong>con su objetivo, peque\u00f1o, los jugadores en medio del campo se ve\u00edan como hormigas<\/strong>, por lo que cuando lleg\u00f3 al laboratorio parte de su trabajo consisti\u00f3 en ampliar las im\u00e1genes y recuadrar las fotograf\u00edas para poder obtener algo decente.<\/p>\n<p><strong>La Mirada Atenta abri\u00f3 aquel d\u00eda m\u00e1s los ojos<\/strong>, pero hacia dentro. Si quer\u00eda mejorar su trabajo, en condiciones especiales, tendr\u00eda que mejorar su equipo para seguir creciendo profesionalmente.<\/p>\n<!-- AddThis Advanced Settings generic via filter on the_content --><!-- AddThis Share Buttons generic via filter on the_content -->","protected":false},"excerpt":{"rendered":"<p>Profesionalmente hablando, Lorenzo Cordero nunca ha tenido razones para estar acomplejado. Es un fot\u00f3grafo de provincias, s\u00ed, pero ha trabajado para los medios m\u00e1s importantes del pa\u00eds, y ha ganado numerosos premios. Sin embargo, como todos los grandes, Cordero un d\u00eda se sinti\u00f3 peque\u00f1o. Fue el 17 de abril de 1991, cuando Lorenzo llevaba poco [&hellip;]<!-- AddThis Advanced Settings generic via filter on get_the_excerpt --><!-- AddThis Share Buttons generic via filter on get_the_excerpt --><\/p>\n","protected":false},"author":29,"featured_media":0,"comment_status":"open","ping_status":"closed","sticky":false,"template":"","format":"standard","meta":[],"categories":[2],"tags":[33,34,47,124,125,126,186,212,225,274,283,321],"_links":{"self":[{"href":"https:\/\/blogs.hoy.es\/lamiradaatenta\/wp-json\/wp\/v2\/posts\/283"}],"collection":[{"href":"https:\/\/blogs.hoy.es\/lamiradaatenta\/wp-json\/wp\/v2\/posts"}],"about":[{"href":"https:\/\/blogs.hoy.es\/lamiradaatenta\/wp-json\/wp\/v2\/types\/post"}],"author":[{"embeddable":true,"href":"https:\/\/blogs.hoy.es\/lamiradaatenta\/wp-json\/wp\/v2\/users\/29"}],"replies":[{"embeddable":true,"href":"https:\/\/blogs.hoy.es\/lamiradaatenta\/wp-json\/wp\/v2\/comments?post=283"}],"version-history":[{"count":0,"href":"https:\/\/blogs.hoy.es\/lamiradaatenta\/wp-json\/wp\/v2\/posts\/283\/revisions"}],"wp:attachment":[{"href":"https:\/\/blogs.hoy.es\/lamiradaatenta\/wp-json\/wp\/v2\/media?parent=283"}],"wp:term":[{"taxonomy":"category","embeddable":true,"href":"https:\/\/blogs.hoy.es\/lamiradaatenta\/wp-json\/wp\/v2\/categories?post=283"},{"taxonomy":"post_tag","embeddable":true,"href":"https:\/\/blogs.hoy.es\/lamiradaatenta\/wp-json\/wp\/v2\/tags?post=283"}],"curies":[{"name":"wp","href":"https:\/\/api.w.org\/{rel}","templated":true}]}}