{"id":288,"date":"2012-06-19T20:42:22","date_gmt":"2012-06-19T18:42:22","guid":{"rendered":"http:\/\/blogs.hoy.es\/lamiradaatenta\/?p=288"},"modified":"2012-06-19T20:42:22","modified_gmt":"2012-06-19T18:42:22","slug":"descubriendo-a-sara-carbonero","status":"publish","type":"post","link":"https:\/\/blogs.hoy.es\/lamiradaatenta\/2012\/06\/19\/descubriendo-a-sara-carbonero\/","title":{"rendered":"Descubriendo a Sara Carbonero"},"content":{"rendered":"<div id=\"attachment_290\" style=\"width: 640px\" class=\"wp-caption aligncenter\"><img aria-describedby=\"caption-attachment-290\" loading=\"lazy\" class=\"size-full wp-image-290 \" title=\"Sara Carbonero participando en una sesi\u00f3n con la Selecci\u00f3n Espa\u00f1ola de Baloncesto (julio de 2007).\" src=\"\/lamiradaatenta\/wp-content\/uploads\/sites\/24\/2012\/06\/LOREN_SARA-CARBONERO.jpg\" alt=\"Sara Carbonero participando en una sesi\u00f3n con la Selecci\u00f3n Espa\u00f1ola de Baloncesto (julio de 2007).\" width=\"630\" height=\"410\" srcset=\"https:\/\/static-blogs.hoy.es\/wp-content\/uploads\/sites\/24\/2012\/06\/LOREN_SARA-CARBONERO.jpg 900w, https:\/\/static-blogs.hoy.es\/wp-content\/uploads\/sites\/24\/2012\/06\/LOREN_SARA-CARBONERO-150x98.jpg 150w, https:\/\/static-blogs.hoy.es\/wp-content\/uploads\/sites\/24\/2012\/06\/LOREN_SARA-CARBONERO-300x195.jpg 300w, https:\/\/static-blogs.hoy.es\/wp-content\/uploads\/sites\/24\/2012\/06\/LOREN_SARA-CARBONERO-768x499.jpg 768w, https:\/\/static-blogs.hoy.es\/wp-content\/uploads\/sites\/24\/2012\/06\/LOREN_SARA-CARBONERO-650x423.jpg 650w\" sizes=\"(max-width: 630px) 100vw, 630px\" \/><p id=\"caption-attachment-290\" class=\"wp-caption-text\">Sara Carbonero participando en una sesi\u00f3n con la Selecci\u00f3n Espa\u00f1ola de Baloncesto (julio de 2007).<\/p><\/div>\n<p><a href=\"http:\/\/www.hoy.es\/multimedia\/fotos\/ultimos\/100965-mirada-atenta-sara-carbonero-seleccion-espanola-baloncesto-2007-0-0.html\" target=\"_blank\" rel=\"external nofollow\"><span style=\"text-decoration: underline;\"><strong>M\u00c1S FOTOS DE SARA CARBONERO EN LA SESI\u00d3N CON LA SELECCI\u00d3N ESPA\u00d1OLA EN JULIO DE 2007<\/strong><\/span><\/a><\/p>\n<p>Era el a\u00f1o 2007, y <strong>La Mirada Atenta<\/strong> , que lo mira todo con detalle, <strong>se qued\u00f3 prendado de los ojos de una jovencita<\/strong> <strong>y casi desconocida <a href=\"http:\/\/www.hoy.es\/20120619\/deportes\/futbol\/internautas-ceban-nuevo-sara-201206191400.html\" target=\"_blank\" rel=\"external nofollow\">Sara Carbonero<\/a><\/strong>, con la que coincidi\u00f3 en Madrid en un <strong>evento de la Selecci\u00f3n Espa\u00f1ola de Baloncesto<\/strong>. El pabell\u00f3n deportivo <strong>Telef\u00f3nica Arena<\/strong> estaba lleno aqu\u00e9l d\u00eda de rostros conocidos, mientras la Selecci\u00f3n se hac\u00eda las fotos oficiales bajo la coordinaci\u00f3n del <strong>fot\u00f3grafo Joanjo Molina<\/strong>, amigo de <strong>Lorenzo Cordero<\/strong>, al que \u00e9ste acudi\u00f3 a ayudar en su trabajo.<\/p>\n<p>La periodista particip\u00f3 en el evento porque <a href=\"http:\/\/www.lasexta.com\/inicio\" target=\"_blank\" rel=\"external nofollow\">La Sexta<\/a> era una de las empresas patrocinadoras de la Selecci\u00f3n, y Sara Carbonero <strong>no era en ning\u00fan caso la protagonista, sino que se mov\u00eda con libertad y naturalidad<\/strong> en el bullicio, sin la carga de todas las miradas y las lenguas viperinas que ahora soporta. La cara conocida de los informativos en aquel momento era la de <strong>Mamen Mendiz\u00e1ba<\/strong>l, con la que aparece en varias instant\u00e1neas. Pero a la Mirada Atenta se le fue todo el rato el enfoque detr\u00e1s de Sara, <strong>tal como delatan sus fotos<\/strong>.<\/p>\n<p>Si tuviera que elegir entre la imagen que capt\u00f3 <strong>en 2007<\/strong> y la que ofrece ahora la periodista, <strong>Cordero se queda con la Carbonero que retrat\u00f3 entonces<\/strong>, &#8220;m\u00e1s natural, menos tuneada y maquillada&#8221;, la que particip\u00f3 en la sesi\u00f3n de fotos de la Selecci\u00f3n como en un juego, en el que <strong>no exist\u00eda Twitter ni prensa del coraz\u00f3n dispuesta a diseccionarla<\/strong>.<\/p>\n<p>&nbsp;<\/p>\n<!-- AddThis Advanced Settings generic via filter on the_content --><!-- AddThis Share Buttons generic via filter on the_content -->","protected":false},"excerpt":{"rendered":"<p>M\u00c1S FOTOS DE SARA CARBONERO EN LA SESI\u00d3N CON LA SELECCI\u00d3N ESPA\u00d1OLA EN JULIO DE 2007 Era el a\u00f1o 2007, y La Mirada Atenta , que lo mira todo con detalle, se qued\u00f3 prendado de los ojos de una jovencita y casi desconocida Sara Carbonero, con la que coincidi\u00f3 en Madrid en un evento de [&hellip;]<!-- AddThis Advanced Settings generic via filter on get_the_excerpt --><!-- AddThis Share Buttons generic via filter on get_the_excerpt --><\/p>\n","protected":false},"author":29,"featured_media":0,"comment_status":"open","ping_status":"closed","sticky":false,"template":"","format":"standard","meta":[],"categories":[2],"tags":[39,124,126,133,156,171,184,217,229,230,248,279,282,303],"_links":{"self":[{"href":"https:\/\/blogs.hoy.es\/lamiradaatenta\/wp-json\/wp\/v2\/posts\/288"}],"collection":[{"href":"https:\/\/blogs.hoy.es\/lamiradaatenta\/wp-json\/wp\/v2\/posts"}],"about":[{"href":"https:\/\/blogs.hoy.es\/lamiradaatenta\/wp-json\/wp\/v2\/types\/post"}],"author":[{"embeddable":true,"href":"https:\/\/blogs.hoy.es\/lamiradaatenta\/wp-json\/wp\/v2\/users\/29"}],"replies":[{"embeddable":true,"href":"https:\/\/blogs.hoy.es\/lamiradaatenta\/wp-json\/wp\/v2\/comments?post=288"}],"version-history":[{"count":0,"href":"https:\/\/blogs.hoy.es\/lamiradaatenta\/wp-json\/wp\/v2\/posts\/288\/revisions"}],"wp:attachment":[{"href":"https:\/\/blogs.hoy.es\/lamiradaatenta\/wp-json\/wp\/v2\/media?parent=288"}],"wp:term":[{"taxonomy":"category","embeddable":true,"href":"https:\/\/blogs.hoy.es\/lamiradaatenta\/wp-json\/wp\/v2\/categories?post=288"},{"taxonomy":"post_tag","embeddable":true,"href":"https:\/\/blogs.hoy.es\/lamiradaatenta\/wp-json\/wp\/v2\/tags?post=288"}],"curies":[{"name":"wp","href":"https:\/\/api.w.org\/{rel}","templated":true}]}}