{"id":292,"date":"2012-06-26T13:21:15","date_gmt":"2012-06-26T11:21:15","guid":{"rendered":"http:\/\/blogs.hoy.es\/lamiradaatenta\/?p=292"},"modified":"2012-06-26T13:21:15","modified_gmt":"2012-06-26T11:21:15","slug":"para-descansar-fotos-de-moda","status":"publish","type":"post","link":"https:\/\/blogs.hoy.es\/lamiradaatenta\/2012\/06\/26\/para-descansar-fotos-de-moda\/","title":{"rendered":"Para descansar, fotos de moda"},"content":{"rendered":"<div id=\"attachment_294\" style=\"width: 514px\" class=\"wp-caption aligncenter\"><a href=\"https:\/\/blogs.hoy.es\/lamiradaatenta\/2012\/06\/26\/para-descansar-fotos-de-moda\/chicaguapa11\/\" rel=\"attachment wp-att-294\"><img aria-describedby=\"caption-attachment-294\" loading=\"lazy\" class=\"size-full wp-image-294   \" title=\"Uno de sus \u00faltimos reportajes en Los Batuecos.\" src=\"\/lamiradaatenta\/wp-content\/uploads\/sites\/24\/2012\/06\/CHICAGUAPA11.jpg\" alt=\"Uno de sus \u00faltimos reportajes en Los Batuecos.\" width=\"504\" height=\"328\" srcset=\"https:\/\/static-blogs.hoy.es\/wp-content\/uploads\/sites\/24\/2012\/06\/CHICAGUAPA11.jpg 900w, https:\/\/static-blogs.hoy.es\/wp-content\/uploads\/sites\/24\/2012\/06\/CHICAGUAPA11-150x98.jpg 150w, https:\/\/static-blogs.hoy.es\/wp-content\/uploads\/sites\/24\/2012\/06\/CHICAGUAPA11-300x195.jpg 300w, https:\/\/static-blogs.hoy.es\/wp-content\/uploads\/sites\/24\/2012\/06\/CHICAGUAPA11-768x499.jpg 768w, https:\/\/static-blogs.hoy.es\/wp-content\/uploads\/sites\/24\/2012\/06\/CHICAGUAPA11-650x423.jpg 650w\" sizes=\"(max-width: 504px) 100vw, 504px\" \/><\/a><p id=\"caption-attachment-294\" class=\"wp-caption-text\">Uno de sus \u00faltimos reportajes en Los Barruecos.<\/p><\/div>\n<p><a href=\"http:\/\/www.hoy.es\/multimedia\/fotos\/ultimos\/101319-mirada-atenta-fotografo-moda-0.html\" target=\"_blank\" rel=\"external nofollow\"><span style=\"text-decoration: underline;\"><strong>ALGUNOS EJEMPLOS DE SUS REPORTAJES FOTOGRAF\u00cdA DE MODA. VER AQU\u00cd<\/strong><\/span><\/a><\/p>\n<p><strong>Lorenzo Cordero<\/strong> ha estado unos d\u00edas de descanso, y por eso el blog ha estado tambi\u00e9n parado. Dedicamos este post a contar q<strong>u\u00e9 hace un fotorreportero cuando puede cogerse tres d\u00edas seguidos de vacaciones<\/strong> tras casi dos semanas sin descansar:\u00a0 <strong>seguir haciendo fotos<\/strong>, pero de otro tipo.<\/p>\n<p>Todo el mundo sabe que Lorenzo Cordero lleva 23 a\u00f1os trabajando como fot\u00f3grafo de prensa, pero pocos conocen que lleva <strong>otros 13 haciendo pinitos en el campo de la moda<\/strong>, un mundo totalmente ajeno al ambiente en el que suele desenvolverse, pero en el que empieza a ser conocido entre los los profesionales del sector.<\/p>\n<p>Sus pinitos en la fotograf\u00eda del modelaje no nacieron por afici\u00f3n, sino p<strong>or af\u00e1n de aprender m\u00e1s<\/strong> y mejorar su t\u00e9cnica. De la mano de su amigo fot\u00f3grafo <strong>Joanjo Molina<\/strong>, quien tambi\u00e9n le introdujo en c\u00edrculos importantes de Madrid, descubri\u00f3 que la fotograf\u00eda de moda exig\u00eda una <strong>t\u00e9cnica muy depurada<\/strong>, y un perfecto dominio de las luces, la iluminaci\u00f3n, y la ambientaci\u00f3n.<\/p>\n<p>El control de estas habilidades y recursos le permite\u00a0 a su vez hacer mejores fotograf\u00edas cuando trabaja en la calle, cubriendo eventos r\u00e1pidos, en los que existe poco tiempo para la preparaci\u00f3n previa. El fotoperiodista <strong>tiene que cazar al vuelo la foto buena s\u00ed o s\u00ed<\/strong>, sin que valgan las repeticiones.<\/p>\n<p>Es as\u00ed como lleva 13 a\u00f1os dedicando parte de su tiempo libre a <strong>fotografiar a chicas guapas<\/strong>, muchas de ellas espectaculares, levantando envidias y risitas maliciosas a partes iguales entre sus compa\u00f1eros, acostumbrados ya a ver su trabajo diario jalonado con fotos sueltas de modelos que posan con sus largas piernas en todo tipo de lugares, desde paisajes de Los Barruecos, hasta casas viejas o v\u00edas abandonadas del tren.<\/p>\n<div id=\"attachment_296\" style=\"width: 640px\" class=\"wp-caption aligncenter\"><a href=\"https:\/\/blogs.hoy.es\/lamiradaatenta\/2012\/06\/26\/para-descansar-fotos-de-moda\/chicaguapa21\/\" rel=\"attachment wp-att-296\"><img aria-describedby=\"caption-attachment-296\" loading=\"lazy\" class=\"size-full wp-image-296 \" title=\"En las v\u00edas del tren, tratando de sacar el m\u00e1ximo aprovechamiento de la ambientaci\u00f3n y las luces naturales.\" src=\"\/lamiradaatenta\/wp-content\/uploads\/sites\/24\/2012\/06\/CHICAGUAPA21.jpg\" alt=\"En las v\u00edas del tren, tratando de sacar el m\u00e1ximo aprovechamiento de la ambientaci\u00f3n y las luces naturales.\" width=\"630\" height=\"420\" srcset=\"https:\/\/static-blogs.hoy.es\/wp-content\/uploads\/sites\/24\/2012\/06\/CHICAGUAPA21.jpg 900w, https:\/\/static-blogs.hoy.es\/wp-content\/uploads\/sites\/24\/2012\/06\/CHICAGUAPA21-150x100.jpg 150w, https:\/\/static-blogs.hoy.es\/wp-content\/uploads\/sites\/24\/2012\/06\/CHICAGUAPA21-300x200.jpg 300w, https:\/\/static-blogs.hoy.es\/wp-content\/uploads\/sites\/24\/2012\/06\/CHICAGUAPA21-768x512.jpg 768w, https:\/\/static-blogs.hoy.es\/wp-content\/uploads\/sites\/24\/2012\/06\/CHICAGUAPA21-650x433.jpg 650w\" sizes=\"(max-width: 630px) 100vw, 630px\" \/><\/a><p id=\"caption-attachment-296\" class=\"wp-caption-text\">En las v\u00edas del tren, tratando de sacar el m\u00e1ximo aprovechamiento de la ambientaci\u00f3n y las luces naturales.<\/p><\/div>\n<p>Uno de sus primeros trabajos como fot\u00f3grafo de moda lo realiz\u00f3 con <strong>Miss C\u00e1ceres<\/strong>, y haciendo estas fotos fue como se dio cuenta de que a\u00fan le quedaba mucho por aprender a nivel t\u00e9cnico, por lo que decidi\u00f3 continuar en esta l\u00ednea en plan <strong>autodidacta<\/strong>. La mayor\u00eda de las veces realiza estos reportajes como una sesi\u00f3n de aprendizaje y no cobra a las modelos, que se van pasando su tel\u00e9fono de mano en mano.<\/p>\n<p>La ambientaci\u00f3n y el m\u00e1ximo aprovechamiento del entorno en la fotograf\u00eda de moda es uno de los objetivos en los que trabaja <strong>La Mirada Atenta<\/strong>, aunque los compa\u00f1eros de trabajo de Lorenzo suelen fijarse m\u00e1s en las bellas protagonistas de sus reportajes. Sin embargo, \u00e9l se muestra muy orgulloso de sus avances, y reivindica la fotograf\u00eda de moda como un campo en el que est\u00e1 creciendo profesionalmente de forma paralela a su faceta m\u00e1s conocida como fotoperiodista.<\/p>\n<p>En uno de sus \u00faltimos trabajos, realizado en el entorno de <strong>Los Barruecos<\/strong>, pas\u00f3 un d\u00eda entero haciendo fotograf\u00edas, meti\u00e9ndose incluso en el agua de un lago para coger las mejores tomas. El resultado, un bonito book para la modelo, ha sido <strong>objeto de risas maliciosas<\/strong> entre sus compa\u00f1eros periodistas. Sin embargo, \u00e9l reivindica la seriedad del trabajo y la profesionalidad con la que la desarrolla. Eso s\u00ed, la Mirada Atenta tiene ojo, y <strong>para fotografiar, tambi\u00e9n hay que mirar<\/strong>. Es fot\u00f3grafo, no ciego.<\/p>\n<div id=\"attachment_297\" style=\"width: 640px\" class=\"wp-caption aligncenter\"><a href=\"https:\/\/blogs.hoy.es\/lamiradaatenta\/2012\/06\/26\/para-descansar-fotos-de-moda\/chicaguapa31\/\" rel=\"attachment wp-att-297\"><img aria-describedby=\"caption-attachment-297\" loading=\"lazy\" class=\"size-full wp-image-297 \" title=\"En una casa vieja y derruida destaca la juventud y belleza de la modelo.\" src=\"\/lamiradaatenta\/wp-content\/uploads\/sites\/24\/2012\/06\/CHICAGUAPA31.jpg\" alt=\"En una casa vieja y derruida destaca la juventud y belleza de la modelo.\" width=\"630\" height=\"945\" srcset=\"https:\/\/static-blogs.hoy.es\/wp-content\/uploads\/sites\/24\/2012\/06\/CHICAGUAPA31.jpg 900w, https:\/\/static-blogs.hoy.es\/wp-content\/uploads\/sites\/24\/2012\/06\/CHICAGUAPA31-100x150.jpg 100w, https:\/\/static-blogs.hoy.es\/wp-content\/uploads\/sites\/24\/2012\/06\/CHICAGUAPA31-200x300.jpg 200w, https:\/\/static-blogs.hoy.es\/wp-content\/uploads\/sites\/24\/2012\/06\/CHICAGUAPA31-768x1152.jpg 768w, https:\/\/static-blogs.hoy.es\/wp-content\/uploads\/sites\/24\/2012\/06\/CHICAGUAPA31-650x975.jpg 650w\" sizes=\"(max-width: 630px) 100vw, 630px\" \/><\/a><p id=\"caption-attachment-297\" class=\"wp-caption-text\">En una casa vieja y derruida destaca la juventud y belleza de la modelo.<\/p><\/div>\n<p>&nbsp;<\/p>\n<p>&nbsp;<\/p>\n<!-- AddThis Advanced Settings generic via filter on the_content --><!-- AddThis Share Buttons generic via filter on the_content -->","protected":false},"excerpt":{"rendered":"<p>ALGUNOS EJEMPLOS DE SUS REPORTAJES FOTOGRAF\u00cdA DE MODA. VER AQU\u00cd Lorenzo Cordero ha estado unos d\u00edas de descanso, y por eso el blog ha estado tambi\u00e9n parado. Dedicamos este post a contar qu\u00e9 hace un fotorreportero cuando puede cogerse tres d\u00edas seguidos de vacaciones tras casi dos semanas sin descansar:\u00a0 seguir haciendo fotos, pero de [&hellip;]<!-- AddThis Advanced Settings generic via filter on get_the_excerpt --><!-- AddThis Share Buttons generic via filter on get_the_excerpt --><\/p>\n","protected":false},"author":29,"featured_media":0,"comment_status":"open","ping_status":"closed","sticky":false,"template":"","format":"standard","meta":[],"categories":[2],"tags":[14,25,124,126,144,156,199,201,202,229,266,289],"_links":{"self":[{"href":"https:\/\/blogs.hoy.es\/lamiradaatenta\/wp-json\/wp\/v2\/posts\/292"}],"collection":[{"href":"https:\/\/blogs.hoy.es\/lamiradaatenta\/wp-json\/wp\/v2\/posts"}],"about":[{"href":"https:\/\/blogs.hoy.es\/lamiradaatenta\/wp-json\/wp\/v2\/types\/post"}],"author":[{"embeddable":true,"href":"https:\/\/blogs.hoy.es\/lamiradaatenta\/wp-json\/wp\/v2\/users\/29"}],"replies":[{"embeddable":true,"href":"https:\/\/blogs.hoy.es\/lamiradaatenta\/wp-json\/wp\/v2\/comments?post=292"}],"version-history":[{"count":0,"href":"https:\/\/blogs.hoy.es\/lamiradaatenta\/wp-json\/wp\/v2\/posts\/292\/revisions"}],"wp:attachment":[{"href":"https:\/\/blogs.hoy.es\/lamiradaatenta\/wp-json\/wp\/v2\/media?parent=292"}],"wp:term":[{"taxonomy":"category","embeddable":true,"href":"https:\/\/blogs.hoy.es\/lamiradaatenta\/wp-json\/wp\/v2\/categories?post=292"},{"taxonomy":"post_tag","embeddable":true,"href":"https:\/\/blogs.hoy.es\/lamiradaatenta\/wp-json\/wp\/v2\/tags?post=292"}],"curies":[{"name":"wp","href":"https:\/\/api.w.org\/{rel}","templated":true}]}}