{"id":299,"date":"2012-06-28T21:02:46","date_gmt":"2012-06-28T19:02:46","guid":{"rendered":"http:\/\/blogs.hoy.es\/lamiradaatenta\/?p=299"},"modified":"2012-06-28T21:02:46","modified_gmt":"2012-06-28T19:02:46","slug":"el-dia-en-que-depardieu-se-le-ofrecio-a-lorenzo-cordero","status":"publish","type":"post","link":"https:\/\/blogs.hoy.es\/lamiradaatenta\/2012\/06\/28\/el-dia-en-que-depardieu-se-le-ofrecio-a-lorenzo-cordero\/","title":{"rendered":"El d\u00eda en que Depardieu se le &#8220;ofreci\u00f3&#8221; a Lorenzo Cordero"},"content":{"rendered":"<div id=\"attachment_302\" style=\"width: 660px\" class=\"wp-caption aligncenter\"><a href=\"https:\/\/blogs.hoy.es\/lamiradaatenta\/2012\/06\/28\/el-dia-en-que-depardieu-se-le-ofrecio-a-lorenzo-cordero\/depardieu\/\" rel=\"attachment wp-att-302\"><img aria-describedby=\"caption-attachment-302\" loading=\"lazy\" class=\"size-large wp-image-302\" title=\"Gerard Depardieu con Enrique Caldera, ya fallecido, durante su rodaje en C\u00e1ceres de la pel\u00edcula sobre Col\u00f3n (1991).\" src=\"\/lamiradaatenta\/wp-content\/uploads\/sites\/24\/2012\/06\/depardieu.jpg\" alt=\"Gerard Depardieu con Enrique Caldera, ya fallecido, durante su rodaje en C\u00e1ceres de la pel\u00edcula sobre Col\u00f3n (1991).\" width=\"650\" height=\"480\" srcset=\"https:\/\/static-blogs.hoy.es\/wp-content\/uploads\/sites\/24\/2012\/06\/depardieu.jpg 2832w, https:\/\/static-blogs.hoy.es\/wp-content\/uploads\/sites\/24\/2012\/06\/depardieu-150x111.jpg 150w, https:\/\/static-blogs.hoy.es\/wp-content\/uploads\/sites\/24\/2012\/06\/depardieu-300x222.jpg 300w, https:\/\/static-blogs.hoy.es\/wp-content\/uploads\/sites\/24\/2012\/06\/depardieu-768x567.jpg 768w, https:\/\/static-blogs.hoy.es\/wp-content\/uploads\/sites\/24\/2012\/06\/depardieu-650x480.jpg 650w\" sizes=\"(max-width: 650px) 100vw, 650px\" \/><\/a><p id=\"caption-attachment-302\" class=\"wp-caption-text\">Gerard Depardieu con Enrique Caldera, ya fallecido, durante su rodaje en C\u00e1ceres de la pel\u00edcula &#39;1492, La Conquista del Para\u00edso (1991).<\/p><\/div>\n<p><a href=\"http:\/\/www.hoy.es\/multimedia\/fotos\/caceres\/101512-mirada-atenta-caceres-plato-cine-0.html\" target=\"_blank\" rel=\"external nofollow\"><span style=\"text-decoration: underline;\"><strong>FOTOGRAF\u00cdAS DEL ARCHIVO DE LORENZO CORDERO SOBRE RODAJES EN CACERES. VER AQU\u00cd<\/strong><\/span><\/a>.<\/p>\n<p><a href=\"http:\/\/www.hoy.es\/multimedia\/fotos\/ultimos\/86379-rodaje-isabel-reina-vuelve-caceres-0.html\" target=\"_blank\" rel=\"external nofollow\">FOTOGRAF\u00cdAS DEL RODAJE DE &#8216;ISABEL, MI REINA&#8217;. VER AQU\u00cd<\/a>.<\/p>\n<p>Entre las aventuras profesionales de <strong>Lorenzo Cordero<\/strong>, al intr\u00e9pido reportero le gusta recordar sus an\u00e9cdotas con actores, actrices y directores de cine en las ocasiones en las que Extremadura, y el entorno de C\u00e1ceres en particular, han sido<strong> escenario de pel\u00edculas<\/strong> como &#8216;<a href=\"http:\/\/www.youtube.com\/watch?v=MW2UvrMP7MI\" target=\"_blank\" rel=\"external nofollow\">1942, la Conquista del Para\u00edso<\/a>&#8216; (1991), <a href=\"http:\/\/www.youtube.com\/watch?v=plnJ_tNbWMo\" target=\"_blank\" rel=\"external nofollow\">La Marrana<\/a> (1992), <a href=\"http:\/\/www.rtve.es\/alacarta\/videos\/isabel\/trailer-isabel\/1279058\/\" target=\"_blank\" rel=\"external nofollow\">Isabel, mi Reina<\/a> (2011),\u00a0 <a href=\"http:\/\/www.youtube.com\/watch?v=o5XQlor-jZM\" target=\"_blank\" rel=\"external nofollow\">La Celestina<\/a> (1996), o <a href=\"http:\/\/www.youtube.com\/watch?v=RcGlAp4pU1g\" target=\"_blank\" rel=\"external nofollow\">Teresa, el Cuerpo de Cristo<\/a> (2007), entre otras.<\/p>\n<p>En estos d\u00edas, Cordero echa de menos el <strong>glamour<\/strong> de la \u00e9poca en la que C\u00e1ceres era el <strong>plat\u00f3 perfecto para rodar pel\u00edculas de \u00e9poca<\/strong>, justo ahora, cuando se dedica m\u00e1s de lo que querr\u00eda a cubrir como reportero eventos de desahucios, protestas por recortes sociales, y las historias amargas de los que conocen, sde repente, la pobreza. La crisis ha alejado a la <strong>Mirada Atenta<\/strong> de las estrellas rutilantes, brillantes, no siempre f\u00e1ciles de fotografiar, como ocurri\u00f3 durante <strong>Teresa, el Cuerpo de Cristo<\/strong>.<\/p>\n<div id=\"attachment_306\" style=\"width: 400px\" class=\"wp-caption aligncenter\"><a href=\"https:\/\/blogs.hoy.es\/lamiradaatenta\/2012\/06\/28\/el-dia-en-que-depardieu-se-le-ofrecio-a-lorenzo-cordero\/teresa-11012006_11\/\" rel=\"attachment wp-att-306\"><img aria-describedby=\"caption-attachment-306\" loading=\"lazy\" class=\"size-large wp-image-306 \" title=\"Paz Vega y Leonor Walting durante el rodaje de la pel\u00edcula sobre Santa Teresa.\" src=\"\/lamiradaatenta\/wp-content\/uploads\/sites\/24\/2012\/06\/TERESA-11012006_11.jpg\" alt=\"Paz Vega y Leonor Walting durante el rodaje de la pel\u00edcula sobre Santa Teresa.\" width=\"390\" height=\"259\" srcset=\"https:\/\/static-blogs.hoy.es\/wp-content\/uploads\/sites\/24\/2012\/06\/TERESA-11012006_11.jpg 3008w, https:\/\/static-blogs.hoy.es\/wp-content\/uploads\/sites\/24\/2012\/06\/TERESA-11012006_11-150x100.jpg 150w, https:\/\/static-blogs.hoy.es\/wp-content\/uploads\/sites\/24\/2012\/06\/TERESA-11012006_11-300x199.jpg 300w, https:\/\/static-blogs.hoy.es\/wp-content\/uploads\/sites\/24\/2012\/06\/TERESA-11012006_11-768x511.jpg 768w, https:\/\/static-blogs.hoy.es\/wp-content\/uploads\/sites\/24\/2012\/06\/TERESA-11012006_11-650x432.jpg 650w\" sizes=\"(max-width: 390px) 100vw, 390px\" \/><\/a><p id=\"caption-attachment-306\" class=\"wp-caption-text\">Paz Vega y Leonor Walting durante el rodaje de la pel\u00edcula sobre Santa Teresa (2007).<\/p><\/div>\n<p>La Mirada Atenta recuerda con nostalgia los momentos en los que se lanzaba a <strong>saltarse todas las reglas que suelen imponerse a los fot\u00f3grafos en los rodajes de pel\u00edculas,<\/strong> que suelen ser muchas y variadas, dependiendo tambi\u00e9n del celo y el secretismo con el que se plantean la filmaci\u00f3n de las pel\u00edculas.<\/p>\n<p>A mayor secretismo, m\u00e1s dif\u00edcil es hacer fotos, y mayor esfuerzo e ingenio hay que desplegar para conseguir la instant\u00e1nea perseguida. Fueron por tanto las pel\u00edculas m\u00e1s estrictas con la prensa<strong> las m\u00e1s divertidas<\/strong> para el travieso reportero, que lleva fatal eso de que le impongan desde fuera l\u00edmites para desarrollar su trabajo.<\/p>\n<p>Durante el rodaje de <strong>&#8216;1942, la Conquista del Para\u00edso&#8217;<\/strong>, Cordero tuvo que echar mano de su ingenio y paciencia para fotografiar al protagonista de la pel\u00edcula, <strong>Gerard Depardieu<\/strong>, que hizo todo los posible para que no le vieran durante su estancia en C\u00e1ceres. Tales eran las dificultades para acercarse al rodaje, que <strong>Cordero decidi\u00f3 colarse en el hotel en el que se alojaba el\u00a0 famoso actor<\/strong>, y se instal\u00f3 como un guardi\u00e1n en el pasillo en el que se encontraba la habitaci\u00f3n de Depardieu hasta que apareciera.<\/p>\n<p>Aunque intent\u00f3 ser discreto, el galo se dio cuenta de los esfuerzos de Lorenzo y al d\u00eda siguiente <strong>le cogi\u00f3 por el brazo<\/strong> tras una rueda de prensa, y le espet\u00f3 en franc\u00e9s que, <strong>si quer\u00eda acostarse con \u00e9l la noche anterior, lo \u00fanico que ten\u00eda que haber hecho era &#8220;llamar a la puerta de su habitaci\u00f3n&#8221;<\/strong>, en vez de esperar en vano en el pasillo sin decidirse a dar el paso.<\/p>\n<p>Como se lo dijo en franc\u00e9s, <strong>Cordero apenas entendi\u00f3<\/strong> lo que le dec\u00eda Depardieu tan agarradito a su brazo, por lo que sonri\u00f3 como un tonto hasta que se lo tradujeron, una vez pasada la situaci\u00f3n.<\/p>\n<div id=\"attachment_303\" style=\"width: 400px\" class=\"wp-caption aligncenter\"><a href=\"https:\/\/blogs.hoy.es\/lamiradaatenta\/2012\/06\/28\/el-dia-en-que-depardieu-se-le-ofrecio-a-lorenzo-cordero\/depardieu-y-scott\/\" rel=\"attachment wp-att-303\"><img aria-describedby=\"caption-attachment-303\" loading=\"lazy\" class=\"size-large wp-image-303 \" title=\"Scott y Depardieu en C\u00e1ceres (1991).\" src=\"\/lamiradaatenta\/wp-content\/uploads\/sites\/24\/2012\/06\/depardieu-y-scott.jpg\" alt=\"Scott y Depardieu en C\u00e1ceres (1991).\" width=\"390\" height=\"559\" srcset=\"https:\/\/static-blogs.hoy.es\/wp-content\/uploads\/sites\/24\/2012\/06\/depardieu-y-scott.jpg 1646w, https:\/\/static-blogs.hoy.es\/wp-content\/uploads\/sites\/24\/2012\/06\/depardieu-y-scott-105x150.jpg 105w, https:\/\/static-blogs.hoy.es\/wp-content\/uploads\/sites\/24\/2012\/06\/depardieu-y-scott-209x300.jpg 209w, https:\/\/static-blogs.hoy.es\/wp-content\/uploads\/sites\/24\/2012\/06\/depardieu-y-scott-768x1102.jpg 768w, https:\/\/static-blogs.hoy.es\/wp-content\/uploads\/sites\/24\/2012\/06\/depardieu-y-scott-650x933.jpg 650w\" sizes=\"(max-width: 390px) 100vw, 390px\" \/><\/a><p id=\"caption-attachment-303\" class=\"wp-caption-text\">Scott y Depardieu en C\u00e1ceres (1991).<\/p><\/div>\n<p>El caso es que, quisiera o no, <strong>el franc\u00e9s fue fotografiado por La Mirada Atenta<\/strong> en varias ocasiones en aquel rodaje, y las fotograf\u00edas que no fueron publicadas aquellos d\u00edas en el peri\u00f3dico HOY, <strong>han permanecido hasta ahora olvidadas en formato diapositiva en el desordenado archivo de Lorenzo<\/strong> hasta hoy, cuando ha empezado a recordar esos d\u00edas en los que fotografiaba con una de sus primeras m\u00e1quinas de fotos, de esas que utilizaba negativos, y no sab\u00eda muy bien cu\u00e1l iba a ser el resultado de su trabajo hasta que llegaba al laboratorio.<\/p>\n<p>Fue durante ese rodaje, horrible para los periodistas, cuando Cordero tom\u00f3 las primeras fotograf\u00edas que se hicieron al brit\u00e1nico <strong>Ridley Scott en Espa\u00f1a<\/strong>. La Mirada Atenta no pudo evitar fijarse en el concienzudo trabajo que llevaba a cabo el director, todav\u00eda considerado de culto, y reconocido a nivel mundial despu\u00e9s por el gran p\u00fablico.<\/p>\n<div id=\"attachment_301\" style=\"width: 310px\" class=\"wp-caption aligncenter\"><a href=\"https:\/\/blogs.hoy.es\/lamiradaatenta\/2012\/06\/28\/el-dia-en-que-depardieu-se-le-ofrecio-a-lorenzo-cordero\/scott2\/\" rel=\"attachment wp-att-301\"><img aria-describedby=\"caption-attachment-301\" loading=\"lazy\" class=\"size-medium wp-image-301\" title=\"Ridley Scott grabando en C\u00e1ceres la pel\u00edcula sobre Col\u00f3n (1991).\" src=\"\/lamiradaatenta\/wp-content\/uploads\/sites\/24\/2012\/06\/scott2.jpg\" alt=\"Ridley Scott grabando en C\u00e1ceres la pel\u00edcula sobre Col\u00f3n (1991).\" width=\"300\" height=\"202\" srcset=\"https:\/\/static-blogs.hoy.es\/wp-content\/uploads\/sites\/24\/2012\/06\/scott2.jpg 3039w, https:\/\/static-blogs.hoy.es\/wp-content\/uploads\/sites\/24\/2012\/06\/scott2-150x101.jpg 150w, https:\/\/static-blogs.hoy.es\/wp-content\/uploads\/sites\/24\/2012\/06\/scott2-300x203.jpg 300w, https:\/\/static-blogs.hoy.es\/wp-content\/uploads\/sites\/24\/2012\/06\/scott2-768x519.jpg 768w, https:\/\/static-blogs.hoy.es\/wp-content\/uploads\/sites\/24\/2012\/06\/scott2-650x440.jpg 650w\" sizes=\"(max-width: 300px) 100vw, 300px\" \/><\/a><p id=\"caption-attachment-301\" class=\"wp-caption-text\">Ridley Scott grabando en C\u00e1ceres la pel\u00edcula sobre Col\u00f3n (1991).<\/p><\/div>\n<p>&nbsp;<\/p>\n<p>Mucho m\u00e1s a gusto, y sin apenas dificultades, trabaj\u00f3 Cordero durante el rodaje de <strong>La Celestina<\/strong>, cuando pr\u00e1cticamente pod\u00eda seguir con su objetivo a los c\u00e1maras que filmaban a los actores en el casco antiguo de C\u00e1ceres. Ello se nota en sus fotograf\u00edas, que parecen en muchas ocasiones <strong>los fotogramas de la propia pel\u00edcula<\/strong>, sin que le impusieran distancias imposibles de salvar durante los ensayos.<\/p>\n<div id=\"attachment_304\" style=\"width: 400px\" class=\"wp-caption aligncenter\"><a href=\"https:\/\/blogs.hoy.es\/lamiradaatenta\/2012\/06\/28\/el-dia-en-que-depardieu-se-le-ofrecio-a-lorenzo-cordero\/la-celestina-1995_09\/\" rel=\"attachment wp-att-304\"><img aria-describedby=\"caption-attachment-304\" loading=\"lazy\" class=\"size-large wp-image-304 \" title=\"Pen\u00e9lope Cruz mirando directamente a Lorenzo Cordero durante el rodaje de La Celestina en C\u00e1ceres (1995).\" src=\"\/lamiradaatenta\/wp-content\/uploads\/sites\/24\/2012\/06\/LA-CELESTINA-1995_09.jpg\" alt=\"Pen\u00e9lope Cruz mirando directamente a Lorenzo Cordero durante el rodaje de La Celestina en C\u00e1ceres (1995).\" width=\"390\" height=\"246\" srcset=\"https:\/\/static-blogs.hoy.es\/wp-content\/uploads\/sites\/24\/2012\/06\/LA-CELESTINA-1995_09.jpg 2202w, https:\/\/static-blogs.hoy.es\/wp-content\/uploads\/sites\/24\/2012\/06\/LA-CELESTINA-1995_09-150x95.jpg 150w, https:\/\/static-blogs.hoy.es\/wp-content\/uploads\/sites\/24\/2012\/06\/LA-CELESTINA-1995_09-300x190.jpg 300w, https:\/\/static-blogs.hoy.es\/wp-content\/uploads\/sites\/24\/2012\/06\/LA-CELESTINA-1995_09-768x485.jpg 768w, https:\/\/static-blogs.hoy.es\/wp-content\/uploads\/sites\/24\/2012\/06\/LA-CELESTINA-1995_09-650x411.jpg 650w\" sizes=\"(max-width: 390px) 100vw, 390px\" \/><\/a><p id=\"caption-attachment-304\" class=\"wp-caption-text\">Pen\u00e9lope Cruz mirando directamente a Lorenzo Cordero durante el rodaje de La Celestina en C\u00e1ceres (1995).<\/p><\/div>\n<p>Una de las primeras reglas que se impone a los fot\u00f3grafos de prensa en los rodajes es que <strong>s\u00f3lo pueden acercarse a la zona durante los ensayos<\/strong>, ya que durante la grabaci\u00f3n de las escenas el silencio debe ser tan absoluto que hasta el click de una c\u00e1mara de fotos molesta. Para saltarse esta prohibici\u00f3n, Lorenzo Cordero se fij\u00f3 con atenci\u00f3n en el artilugio que llevaba uno de los fot\u00f3grafos que participaban en la pel\u00edcula <strong>Isabel, Mi Reina<\/strong>, y que trabajaba con una c\u00e1mara colocada en el interior de una caja insonorizada.<\/p>\n<div id=\"attachment_305\" style=\"width: 400px\" class=\"wp-caption aligncenter\"><a href=\"https:\/\/blogs.hoy.es\/lamiradaatenta\/2012\/06\/28\/el-dia-en-que-depardieu-se-le-ofrecio-a-lorenzo-cordero\/isabel-2011_19\/\" rel=\"attachment wp-att-305\"><img aria-describedby=\"caption-attachment-305\" loading=\"lazy\" class=\"size-large wp-image-305 \" title=\"Michelle Jenner bromenado durante el rodaje de Isabel, Mi Reina (2011).\" src=\"\/lamiradaatenta\/wp-content\/uploads\/sites\/24\/2012\/06\/isabel-2011_19.jpg\" alt=\"Michelle Jenner bromenado durante el rodaje de Isabel, Mi Reina (2011).\" width=\"390\" height=\"290\" srcset=\"https:\/\/static-blogs.hoy.es\/wp-content\/uploads\/sites\/24\/2012\/06\/isabel-2011_19.jpg 2362w, https:\/\/static-blogs.hoy.es\/wp-content\/uploads\/sites\/24\/2012\/06\/isabel-2011_19-150x112.jpg 150w, https:\/\/static-blogs.hoy.es\/wp-content\/uploads\/sites\/24\/2012\/06\/isabel-2011_19-300x223.jpg 300w, https:\/\/static-blogs.hoy.es\/wp-content\/uploads\/sites\/24\/2012\/06\/isabel-2011_19-768x572.jpg 768w, https:\/\/static-blogs.hoy.es\/wp-content\/uploads\/sites\/24\/2012\/06\/isabel-2011_19-650x484.jpg 650w\" sizes=\"(max-width: 390px) 100vw, 390px\" \/><\/a><p id=\"caption-attachment-305\" class=\"wp-caption-text\">Michelle Jenner bromenado durante el rodaje de Isabel, Mi Reina (2011).<\/p><\/div>\n<p>Sin caja insonorizada, y sali\u00e9ndose en muchas ocasiones de los puntos fijos establecidos para la prensa, Lorenzo Cordero ha disfrutado como un ni\u00f1o jugando con la mirada c\u00f3mplice de <strong>Pen\u00e9lope Cruz<\/strong>, la sonrisa abierta de <strong>Maribel Verd\u00fa<\/strong>, las bromas de<strong> Michelle Jenner<\/strong>, la camarader\u00eda de <strong>Alfredo Landa y Antonio Resines<\/strong>, el recogimiento impostado de<strong> Paz Vega<\/strong>, la belleza de <strong>Lenonor Waltin<\/strong>g, la sabidur\u00eda de <strong>Geraldine Chaplin<\/strong>&#8230;<\/p>\n<p>Eran otros tiempos, y <strong>La Mirada Atenta est\u00e1 deseando que vuelvan<\/strong>.<\/p>\n<p>&nbsp;<\/p>\n<!-- AddThis Advanced Settings generic via filter on the_content --><!-- AddThis Share Buttons generic via filter on the_content -->","protected":false},"excerpt":{"rendered":"<p>FOTOGRAF\u00cdAS DEL ARCHIVO DE LORENZO CORDERO SOBRE RODAJES EN CACERES. VER AQU\u00cd. FOTOGRAF\u00cdAS DEL RODAJE DE &#8216;ISABEL, MI REINA&#8217;. VER AQU\u00cd. Entre las aventuras profesionales de Lorenzo Cordero, al intr\u00e9pido reportero le gusta recordar sus an\u00e9cdotas con actores, actrices y directores de cine en las ocasiones en las que Extremadura, y el entorno de C\u00e1ceres [&hellip;]<!-- AddThis Advanced Settings generic via filter on get_the_excerpt --><!-- AddThis Share Buttons generic via filter on get_the_excerpt --><\/p>\n","protected":false},"author":29,"featured_media":0,"comment_status":"open","ping_status":"closed","sticky":false,"template":"","format":"standard","meta":[],"categories":[2],"tags":[],"_links":{"self":[{"href":"https:\/\/blogs.hoy.es\/lamiradaatenta\/wp-json\/wp\/v2\/posts\/299"}],"collection":[{"href":"https:\/\/blogs.hoy.es\/lamiradaatenta\/wp-json\/wp\/v2\/posts"}],"about":[{"href":"https:\/\/blogs.hoy.es\/lamiradaatenta\/wp-json\/wp\/v2\/types\/post"}],"author":[{"embeddable":true,"href":"https:\/\/blogs.hoy.es\/lamiradaatenta\/wp-json\/wp\/v2\/users\/29"}],"replies":[{"embeddable":true,"href":"https:\/\/blogs.hoy.es\/lamiradaatenta\/wp-json\/wp\/v2\/comments?post=299"}],"version-history":[{"count":0,"href":"https:\/\/blogs.hoy.es\/lamiradaatenta\/wp-json\/wp\/v2\/posts\/299\/revisions"}],"wp:attachment":[{"href":"https:\/\/blogs.hoy.es\/lamiradaatenta\/wp-json\/wp\/v2\/media?parent=299"}],"wp:term":[{"taxonomy":"category","embeddable":true,"href":"https:\/\/blogs.hoy.es\/lamiradaatenta\/wp-json\/wp\/v2\/categories?post=299"},{"taxonomy":"post_tag","embeddable":true,"href":"https:\/\/blogs.hoy.es\/lamiradaatenta\/wp-json\/wp\/v2\/tags?post=299"}],"curies":[{"name":"wp","href":"https:\/\/api.w.org\/{rel}","templated":true}]}}