{"id":309,"date":"2012-07-03T18:58:39","date_gmt":"2012-07-03T16:58:39","guid":{"rendered":"http:\/\/blogs.hoy.es\/lamiradaatenta\/?p=309"},"modified":"2012-07-03T18:58:39","modified_gmt":"2012-07-03T16:58:39","slug":"el-agua-como-noticia-de-la-sequia-a-la-inundacion","status":"publish","type":"post","link":"https:\/\/blogs.hoy.es\/lamiradaatenta\/2012\/07\/03\/el-agua-como-noticia-de-la-sequia-a-la-inundacion\/","title":{"rendered":"El agua como noticia: de la sequ\u00eda a la inundaci\u00f3n"},"content":{"rendered":"<div id=\"attachment_310\" style=\"width: 660px\" class=\"wp-caption aligncenter\"><a href=\"https:\/\/blogs.hoy.es\/lamiradaatenta\/2012\/07\/03\/el-agua-como-noticia-de-la-sequia-a-la-inundacion\/guadilobabvacio\/\" rel=\"attachment wp-att-310\"><img aria-describedby=\"caption-attachment-310\" loading=\"lazy\" class=\"size-large wp-image-310\" title=\"El embalse del Guadiloba cas\u00ed vac\u00edo durante la sequ\u00eda de 1991.\" src=\"\/lamiradaatenta\/wp-content\/uploads\/sites\/24\/2012\/07\/guadilobabvacio.jpg\" alt=\"El embalse del Guadiloba cas\u00ed vac\u00edo durante la sequ\u00eda de 1991.\" width=\"650\" height=\"412\" srcset=\"https:\/\/static-blogs.hoy.es\/wp-content\/uploads\/sites\/24\/2012\/07\/guadilobabvacio.jpg 3150w, https:\/\/static-blogs.hoy.es\/wp-content\/uploads\/sites\/24\/2012\/07\/guadilobabvacio-150x95.jpg 150w, https:\/\/static-blogs.hoy.es\/wp-content\/uploads\/sites\/24\/2012\/07\/guadilobabvacio-300x190.jpg 300w, https:\/\/static-blogs.hoy.es\/wp-content\/uploads\/sites\/24\/2012\/07\/guadilobabvacio-768x487.jpg 768w, https:\/\/static-blogs.hoy.es\/wp-content\/uploads\/sites\/24\/2012\/07\/guadilobabvacio-650x412.jpg 650w\" sizes=\"(max-width: 650px) 100vw, 650px\" \/><\/a><p id=\"caption-attachment-310\" class=\"wp-caption-text\">El embalse del Guadiloba cas\u00ed vac\u00edo durante la sequ\u00eda de 1991.<\/p><\/div>\n<p><span style=\"text-decoration: underline;\"><strong>FOTOS DE LA SEQU\u00cdA AL PELIGRO DE INUNDACI\u00d3N. <a href=\"http:\/\/www.hoy.es\/multimedia\/fotos\/ultimos\/101863-mirada-atenta-agua-como-noticia-0.html\" target=\"_blank\" rel=\"external nofollow\">EL AGUA COMO NOTICI<\/a><\/strong><\/span><a href=\"http:\/\/www.hoy.es\/multimedia\/fotos\/ultimos\/101863-mirada-atenta-agua-como-noticia-0.html\" target=\"_blank\" rel=\"external nofollow\">A<\/a>.<\/p>\n<p><strong>M\u00c1S FOTOS DE LORENZO CORDERO: <\/strong><a href=\"http:\/\/www.hoy.es\/multimedia\/fotos\/ultimos\/93778-sequia-deja-descubierto-varios-tesoros-arqueologicos-caceres-0.html\" target=\"_blank\" rel=\"external nofollow\"><strong>LA SEQU\u00cdA PONE AL DESCUBIERTO TESOROS ARQUEOL\u00d3GICO<\/strong>S<\/a>.<\/p>\n<p><strong>El agua<\/strong>, adem\u00e1s de ser esencial para la vida, <strong>es noticia en Extremadura<\/strong>, una regi\u00f3n en la que e se suceden per\u00edodos de\u00a0 sequ\u00edas y abundantes lluvias, a veces incluso excesivas, a lo largo de los a\u00f1os. Cuando no llueve, se secan los campos, y los extreme\u00f1os lloran. Cuando llueve m\u00e1s de lo previsto, los r\u00edos, arroyos y arroyuelos se convierten en brutales enemigos de los vecinos que viven en sus orillas.<!--more--><\/p>\n<p><strong>Lorenzo Cordero<\/strong> ha tenido que ilustrar como fotorreportero para el <a href=\"http:\/\/www.hoy.es\/\" target=\"_blank\" rel=\"external nofollow\">HOY<\/a> y <a href=\"http:\/\/elpais.com\/\" target=\"_blank\" rel=\"external nofollow\">El Pa\u00eds<\/a> la cara y la cruz de la realidad conformada por el agua. Pero como fotorreportero <strong>ha querido contar, m\u00e1s que fotografiar, las historias que se viven a pie de las riberas<\/strong>, muchas veces lejanas de los ciudadanos que s\u00f3lo quieren abrir el grifo, y que salga agua potable.<\/p>\n<p>A los pies <a href=\"http:\/\/blogs.hoy.es\/senderosextremadura\/2012\/04\/20\/camina-por-tu-cuenta-embalse-de-guadiloba\/\" target=\"_blank\"><strong>del embalse del Guadiloba<\/strong><\/a>, la presa que abastece a la ciudad de<strong> C\u00e1ceres y sus alrededores<\/strong>, fue donde la <strong>Mirada Atenta<\/strong> descubri\u00f3 los efectos de la <a href=\"http:\/\/www.chtajo.es\/DemarcaTajo\/SequiasyAvenidas\/Documents\/Memoria.pdf\" target=\"_blank\" rel=\"external nofollow\">desoladora sequ\u00eda que castig\u00f3 Extremadura y el sur de Espa\u00f1a entre 1991 y 1993<\/a>. Los peri\u00f3dicos y medios de comunicaci\u00f3n llevaban meses hablando de ella, los agricultores no hac\u00edan m\u00e1s que llorar sus p\u00e9rdidas, y muchos pueblos tuvieron que abastecerse ya con camiones cisternas.<\/p>\n<p>Pero hasta que Cordero no pis\u00f3 la tierra agrietada del cauce del embalse, y lo atraves\u00f3 casi de lado a lado andando por su lecho reseco, no se percat\u00f3 del drama. Por eso se propuso mostrar a los lectores lo que estaba ocurriendo de verdad en este embalse, sin querer exagerar la realidad, pero como advertencia de la situaci\u00f3n tan complicada en la que se encontraba la principal fuente de miles de personas.<\/p>\n<p>A partir de aquella sequ\u00eda fue cuando se proyect\u00f3 el <a href=\"http:\/\/www.hoy.es\/v\/20101023\/caceres\/trasvase-almonte-nuevo-activo-20101023.html\" target=\"_blank\" rel=\"external nofollow\">trasvase del Almonte al Guadioloba<\/a>, para que la situaci\u00f3n no volviera a ser en la zona tan dram\u00e1tica. En la actualidad, y con el objetivo de mejorar los recursos para afrontar otro per\u00edodo prolongado sin lluvias, est\u00e1 proyectado <a href=\"http:\/\/www.hoy.es\/multimedia\/fotos\/8211.html\" target=\"_blank\" rel=\"external nofollow\">otro trasvase desde la presa de Portaje<\/a>, aunque la falta de dinero y las dificultades t\u00e9cnicas est\u00e1n retrasando su terminaci\u00f3n.<\/p>\n<div id=\"attachment_311\" style=\"width: 660px\" class=\"wp-caption aligncenter\"><a href=\"https:\/\/blogs.hoy.es\/lamiradaatenta\/2012\/07\/03\/el-agua-como-noticia-de-la-sequia-a-la-inundacion\/guadiloballeno\/\" rel=\"attachment wp-att-311\"><img aria-describedby=\"caption-attachment-311\" loading=\"lazy\" class=\"size-large wp-image-311\" title=\"El embalse del Guadioloba con las compuertas abiertas en 1997, a punto de desbordarse.\" src=\"\/lamiradaatenta\/wp-content\/uploads\/sites\/24\/2012\/07\/guadiloballeno.jpg\" alt=\"El embalse del Guadiloba cas\u00ed vac\u00edo durante la sequ\u00eda de 1991.\" width=\"650\" height=\"441\" srcset=\"https:\/\/static-blogs.hoy.es\/wp-content\/uploads\/sites\/24\/2012\/07\/guadiloballeno.jpg 1837w, https:\/\/static-blogs.hoy.es\/wp-content\/uploads\/sites\/24\/2012\/07\/guadiloballeno-150x102.jpg 150w, https:\/\/static-blogs.hoy.es\/wp-content\/uploads\/sites\/24\/2012\/07\/guadiloballeno-300x204.jpg 300w, https:\/\/static-blogs.hoy.es\/wp-content\/uploads\/sites\/24\/2012\/07\/guadiloballeno-768x522.jpg 768w, https:\/\/static-blogs.hoy.es\/wp-content\/uploads\/sites\/24\/2012\/07\/guadiloballeno-650x442.jpg 650w\" sizes=\"(max-width: 650px) 100vw, 650px\" \/><\/a><p id=\"caption-attachment-311\" class=\"wp-caption-text\">El embalse del Guadiloba con las compuertas abiertas dejando salir agua en 1997.<\/p><\/div>\n<p>En el lado opuesto de la realidad, y en el mismo lugar, Cordero <strong>vivi\u00f3 en 1997 una situaci\u00f3n que tambi\u00e9n le puso muy nervioso por lo contrario,<\/strong> porque \u00e9l es m\u00e1s bien de secano: la presa del Guadioloba estaba a reventar tras las abundantes lluvias,\u00a0 con el agua ya casi sali\u00e9ndose del cauce e inundando terrenos aleda\u00f1os. La situaci\u00f3n era tan cr\u00edtica que los vigilantes del pantano no le dejaron bajar a la zona situada detr\u00e1s del muro.<\/p>\n<p>El agua, que sal\u00eda a presi\u00f3n de las compuertas, ya no era el elemento ausente de la imagen, sino <strong>la misma imagen de la fuerza ingobernable de la naturaleza<\/strong>; era un ruido atronador, una cascada imparable que se llev\u00f3 esos d\u00edas ganado por delante, y que amenazaba con inundar todos los campos que se encontraban aguas abajo del embalse.<\/p>\n<p>Las compuertas abiertas de par en par del embalse dejaban salir toneladas de agua que se derrumbaban, feroces, sobre el cauce del r\u00edo formando nubes y neblinas alrededor. Las fotograf\u00edas las hizo por la ma\u00f1ana, pero en las im\u00e1genes captadas ese d\u00eda era como si la jornada\u00a0 hubiera amanecido nublada por la cantidad de gotitas diminutas que ocultaban la luz matinal. A pulso, como siempre, y con una velocidad medio-alta en su vieja c\u00e1mara anal\u00f3gica, La Mirada Atenta <strong>caz\u00f3 el esp\u00edritu indomable del Guadiloba<\/strong>, ansioso de liberarse de los l\u00edmites construidos por el hombre para dominarlo.<\/p>\n<p>A pesar de los avances hidr\u00e1ulicos y t\u00e9cnicos, el agua se sigue riendo de vez en cuando, insolente, de los humanos. Nos deja sedientos o nos aterra con su fuerza. Por el momento, y durante unos cuantos lustros, <strong>los caprichos del agua seguir\u00e1n bajo la vigilancia de la Mirada Atenta<\/strong>.<\/p>\n<p>&nbsp;<\/p>\n<p>&nbsp;<\/p>\n<p>&nbsp;<\/p>\n<!-- AddThis Advanced Settings generic via filter on the_content --><!-- AddThis Share Buttons generic via filter on the_content -->","protected":false},"excerpt":{"rendered":"<p>FOTOS DE LA SEQU\u00cdA AL PELIGRO DE INUNDACI\u00d3N. EL AGUA COMO NOTICIA. M\u00c1S FOTOS DE LORENZO CORDERO: LA SEQU\u00cdA PONE AL DESCUBIERTO TESOROS ARQUEOL\u00d3GICOS. El agua, adem\u00e1s de ser esencial para la vida, es noticia en Extremadura, una regi\u00f3n en la que e se suceden per\u00edodos de\u00a0 sequ\u00edas y abundantes lluvias, a veces incluso excesivas, [&hellip;]<!-- AddThis Advanced Settings generic via filter on get_the_excerpt --><!-- AddThis Share Buttons generic via filter on get_the_excerpt --><\/p>\n","protected":false},"author":29,"featured_media":0,"comment_status":"open","ping_status":"closed","sticky":false,"template":"","format":"standard","meta":[],"categories":[2],"tags":[6,13,46,85,95,96,110,124,126,136,141,150,229,244,249,265,270,284,310],"_links":{"self":[{"href":"https:\/\/blogs.hoy.es\/lamiradaatenta\/wp-json\/wp\/v2\/posts\/309"}],"collection":[{"href":"https:\/\/blogs.hoy.es\/lamiradaatenta\/wp-json\/wp\/v2\/posts"}],"about":[{"href":"https:\/\/blogs.hoy.es\/lamiradaatenta\/wp-json\/wp\/v2\/types\/post"}],"author":[{"embeddable":true,"href":"https:\/\/blogs.hoy.es\/lamiradaatenta\/wp-json\/wp\/v2\/users\/29"}],"replies":[{"embeddable":true,"href":"https:\/\/blogs.hoy.es\/lamiradaatenta\/wp-json\/wp\/v2\/comments?post=309"}],"version-history":[{"count":0,"href":"https:\/\/blogs.hoy.es\/lamiradaatenta\/wp-json\/wp\/v2\/posts\/309\/revisions"}],"wp:attachment":[{"href":"https:\/\/blogs.hoy.es\/lamiradaatenta\/wp-json\/wp\/v2\/media?parent=309"}],"wp:term":[{"taxonomy":"category","embeddable":true,"href":"https:\/\/blogs.hoy.es\/lamiradaatenta\/wp-json\/wp\/v2\/categories?post=309"},{"taxonomy":"post_tag","embeddable":true,"href":"https:\/\/blogs.hoy.es\/lamiradaatenta\/wp-json\/wp\/v2\/tags?post=309"}],"curies":[{"name":"wp","href":"https:\/\/api.w.org\/{rel}","templated":true}]}}