{"id":315,"date":"2012-07-05T18:39:27","date_gmt":"2012-07-05T16:39:27","guid":{"rendered":"http:\/\/blogs.hoy.es\/lamiradaatenta\/?p=315"},"modified":"2012-07-05T18:39:27","modified_gmt":"2012-07-05T16:39:27","slug":"el-tiempo-sin-horas-en-la-sierra-de-gata","status":"publish","type":"post","link":"https:\/\/blogs.hoy.es\/lamiradaatenta\/2012\/07\/05\/el-tiempo-sin-horas-en-la-sierra-de-gata\/","title":{"rendered":"El tiempo sin horas en la sierra de Gata"},"content":{"rendered":"<div id=\"attachment_316\" style=\"width: 660px\" class=\"wp-caption aligncenter\"><a href=\"https:\/\/blogs.hoy.es\/lamiradaatenta\/2012\/07\/05\/el-tiempo-sin-horas-en-la-sierra-de-gata\/mujeres-villanueva-baja\/\" rel=\"attachment wp-att-316\"><img aria-describedby=\"caption-attachment-316\" loading=\"lazy\" class=\"size-large wp-image-316\" title=\"El tiempo pasa sin horas al atardecer en Villanueva de la Sierra.\" src=\"\/lamiradaatenta\/wp-content\/uploads\/sites\/24\/2012\/07\/MUJERES-VILLANUEVA-BAJA.jpg\" alt=\"El tiempo pasa sin horas al atardecer en Villanueva de la Sierra.\" width=\"650\" height=\"433\" srcset=\"https:\/\/static-blogs.hoy.es\/wp-content\/uploads\/sites\/24\/2012\/07\/MUJERES-VILLANUEVA-BAJA.jpg 2362w, https:\/\/static-blogs.hoy.es\/wp-content\/uploads\/sites\/24\/2012\/07\/MUJERES-VILLANUEVA-BAJA-150x100.jpg 150w, https:\/\/static-blogs.hoy.es\/wp-content\/uploads\/sites\/24\/2012\/07\/MUJERES-VILLANUEVA-BAJA-300x200.jpg 300w, https:\/\/static-blogs.hoy.es\/wp-content\/uploads\/sites\/24\/2012\/07\/MUJERES-VILLANUEVA-BAJA-768x512.jpg 768w, https:\/\/static-blogs.hoy.es\/wp-content\/uploads\/sites\/24\/2012\/07\/MUJERES-VILLANUEVA-BAJA-650x433.jpg 650w\" sizes=\"(max-width: 650px) 100vw, 650px\" \/><\/a><p id=\"caption-attachment-316\" class=\"wp-caption-text\">El tiempo pasa sin horas al atardecer en Villanueva de la Sierra.<\/p><\/div>\n<p>Uno de los trabajos period\u00edsticos con los que m\u00e1s ha disfrutado Lorenzo Cordero en su etapa como fotorreportero de HOY fue el <strong>Especial sobre Extremadura en 24 horas<\/strong> en el que recorri\u00f3 la regi\u00f3n de norte a sur, y de este a oeste, para tomar el pulso, imagen a imagen, al coraz\u00f3n de los extreme\u00f1os.<br \/>\n<object id=\"flashObj\" width=\"640\" height=\"360\" classid=\"clsid:d27cdb6e-ae6d-11cf-96b8-444553540000\" codebase=\"http:\/\/download.macromedia.com\/pub\/shockwave\/cabs\/flash\/swflash.cab#version=6,0,40,0\"><param name=\"flashVars\" value=\"web=externos&#038;videoId=1722313977001&#038;playerID=309010012001&#038;playerKey=AQ%2E%2E,AAAAE_Nrnlk%2E,nvezczbcIbFKkdWFPX_8YwXJCUFbI5Xb&#038;domain=embed&#038;dynamicStreaming=true\" \/><param name=\"base\" value=\"http:\/\/admin.brightcove.com\" \/><param name=\"wmode\" value=\"transparent\" \/><param name=\"seamlesstabbing\" value=\"false\" \/><param name=\"allowFullScreen\" value=\"true\" \/><param name=\"swLiveConnect\" value=\"true\" \/><param name=\"allowScriptAccess\" value=\"always\" \/><param name=\"src\" value=\"http:\/\/c.brightcove.com\/services\/viewer\/federated_f9?isVid=1&#038;isUI=1\" \/><param name=\"flashvars\" value=\"web=externos&#038;videoId=1722313977001&#038;playerID=309010012001&#038;playerKey=AQ%2E%2E,AAAAE_Nrnlk%2E,nvezczbcIbFKkdWFPX_8YwXJCUFbI5Xb&#038;domain=embed&#038;dynamicStreaming=true\" \/><param name=\"allowfullscreen\" value=\"true\" \/><param name=\"allowscriptaccess\" value=\"always\" \/><param name=\"swliveconnect\" value=\"true\" \/><param name=\"pluginspage\" value=\"http:\/\/www.macromedia.com\/shockwave\/download\/index.cgi?P1_Prod_Version=ShockwaveFlash\" \/><embed id=\"flashObj\" width=\"640\" height=\"360\" type=\"application\/x-shockwave-flash\" src=\"\/\/c.brightcove.com\/services\/viewer\/federated_f9?isVid=1&#038;isUI=1\" flashVars=\"web=externos&#038;videoId=1722313977001&#038;playerID=309010012001&#038;playerKey=AQ%2E%2E,AAAAE_Nrnlk%2E,nvezczbcIbFKkdWFPX_8YwXJCUFbI5Xb&#038;domain=embed&#038;dynamicStreaming=true\" base=\"http:\/\/admin.brightcove.com\" wmode=\"transparent\" seamlesstabbing=\"false\" allowFullScreen=\"true\" swLiveConnect=\"true\" allowScriptAccess=\"always\" flashvars=\"web=externos&#038;videoId=1722313977001&#038;playerID=309010012001&#038;playerKey=AQ%2E%2E,AAAAE_Nrnlk%2E,nvezczbcIbFKkdWFPX_8YwXJCUFbI5Xb&#038;domain=embed&#038;dynamicStreaming=true\" allowfullscreen=\"true\" allowscriptaccess=\"always\" swliveconnect=\"true\" pluginspage=\"http:\/\/www.macromedia.com\/shockwave\/download\/index.cgi?P1_Prod_Version=ShockwaveFlash\" \/><\/object><\/p>\n<p>Kil\u00f3metro a kil\u00f3metro fue descubriendo los secretos de la belleza y la idiosincrasia de una <strong>tierra que nunca duerme, trabajadora y trabajosa<\/strong>, cuyos amaneceres sorprende a los hombres del campo ya en sus puestos, y que se acuesta con ganas de beberse la noche a toda marcha de los j\u00f3venes que a\u00fan creen que la vida es eterna.<\/p>\n<p>Con el privilegio del tiempo, que siempre es escaso para un fotoperiodista de calle, la <strong>Mirada Atenta<\/strong> fotografi\u00f3 espacios y rincones a los que ten\u00eda ganas desde hac\u00eda mucho: el despertar en Talaverilla, la gravedad rocosa de los Barruecos, la nobleza de Trujillo, la honradez laboriosa de extreme\u00f1os que se levantan muy temprano para ir a trabajar todos los d\u00edas, el paso tranquilo pero siempre en marcha de los \u00faltimos habitantes de los pueblos peque\u00f1os, en los que ya no hay ni\u00f1os que gritan, s\u00f3lo la charla cotidiana de los \u00faltimos que quedan, de los vecinos de al lado que a\u00fan viven en el mismo mundo moribundo.<\/p>\n<p>La fotograf\u00eda de las mujeres que cosen en el pueblo de <strong>Villanueva de la Sierra<\/strong>, en la m\u00e1gica <strong>sierra de Gata<\/strong>, fue la instant\u00e1nea de esos momentos en los que Lorenzo se detuvo a escuchar, y oy\u00f3 el lento tic-tac del reloj atrapado en uno de esos mundos\u00a0 paralelos que se conservan en el coraz\u00f3n de la Extremadura rural, en el que el tiempo se desenvuelve a otro ritmo y con distintas razones a las que lo mueve vertiginosamente en las ciudades.<\/p>\n<p>En principio, recuerda Lorenzo Cordero, las dos mujeres sentadas al atardecer en un rinc\u00f3n bello y sencillo del pueblo pueden evocar una imagen de quietud, de aburrimiento, pero en realidad las se\u00f1oras no estaban nada aburridas: se estaban tronchando, contando sus cosas, disfrutando de su cotidianidad rota por un joven que quer\u00eda hacerles un retrato, todo un acontecimiento en las tranquilas tardes de verano de su calle.<\/p>\n<p>La Mirada Atenta se fij\u00f3 <strong>en los colores de un paisaje que parece a primera vista mon\u00f3tono<\/strong>, con la calle en cuesta, y las casas viejas, pero iluminado por\u00a0 el <strong>verde<\/strong> de la puerta de una cuadra, el <strong>rojo y el albero<\/strong> de la pared reci\u00e9n pintada que hace de fondo, la <strong>frondosidad fragante<\/strong> de las plantas que se adivinan dentro y fuera de las casas, el <strong>colorido chill\u00f3n<\/strong> de la bolsa nueva en la que la mujer guarda cuidadosa la labor, <strong>el sol tranquilo<\/strong> que ya se pone y que todav\u00eda regala sombras a los objetos inm\u00f3viles&#8230;<\/p>\n<p>Cuidadoso en los detalles, Lorenzo Cordero no quiso dejar escapar ese momento en el que la luz se escapa y vuelve oscura la tierra, y sac\u00f3 de la mochila el perfeccionismo que permite una obra sin prisas. La fotograf\u00eda la realiz\u00f3 utilizando un<strong> flash externo para resaltar los rasgos y el color de la piel de las mujeres<\/strong> a las que capt\u00f3 justo cuando no se estaban partiendo de risa.<\/p>\n<!-- AddThis Advanced Settings generic via filter on the_content --><!-- AddThis Share Buttons generic via filter on the_content -->","protected":false},"excerpt":{"rendered":"<p>Uno de los trabajos period\u00edsticos con los que m\u00e1s ha disfrutado Lorenzo Cordero en su etapa como fotorreportero de HOY fue el Especial sobre Extremadura en 24 horas en el que recorri\u00f3 la regi\u00f3n de norte a sur, y de este a oeste, para tomar el pulso, imagen a imagen, al coraz\u00f3n de los extreme\u00f1os. [&hellip;]<!-- AddThis Advanced Settings generic via filter on get_the_excerpt --><!-- AddThis Share Buttons generic via filter on get_the_excerpt --><\/p>\n","protected":false},"author":29,"featured_media":0,"comment_status":"open","ping_status":"closed","sticky":false,"template":"","format":"standard","meta":[],"categories":[2],"tags":[71,77,103,110,111,123,124,126,197,219,229,285,315],"_links":{"self":[{"href":"https:\/\/blogs.hoy.es\/lamiradaatenta\/wp-json\/wp\/v2\/posts\/315"}],"collection":[{"href":"https:\/\/blogs.hoy.es\/lamiradaatenta\/wp-json\/wp\/v2\/posts"}],"about":[{"href":"https:\/\/blogs.hoy.es\/lamiradaatenta\/wp-json\/wp\/v2\/types\/post"}],"author":[{"embeddable":true,"href":"https:\/\/blogs.hoy.es\/lamiradaatenta\/wp-json\/wp\/v2\/users\/29"}],"replies":[{"embeddable":true,"href":"https:\/\/blogs.hoy.es\/lamiradaatenta\/wp-json\/wp\/v2\/comments?post=315"}],"version-history":[{"count":0,"href":"https:\/\/blogs.hoy.es\/lamiradaatenta\/wp-json\/wp\/v2\/posts\/315\/revisions"}],"wp:attachment":[{"href":"https:\/\/blogs.hoy.es\/lamiradaatenta\/wp-json\/wp\/v2\/media?parent=315"}],"wp:term":[{"taxonomy":"category","embeddable":true,"href":"https:\/\/blogs.hoy.es\/lamiradaatenta\/wp-json\/wp\/v2\/categories?post=315"},{"taxonomy":"post_tag","embeddable":true,"href":"https:\/\/blogs.hoy.es\/lamiradaatenta\/wp-json\/wp\/v2\/tags?post=315"}],"curies":[{"name":"wp","href":"https:\/\/api.w.org\/{rel}","templated":true}]}}