{"id":319,"date":"2012-07-06T20:00:09","date_gmt":"2012-07-06T18:00:09","guid":{"rendered":"http:\/\/blogs.hoy.es\/lamiradaatenta\/?p=319"},"modified":"2012-07-06T20:00:09","modified_gmt":"2012-07-06T18:00:09","slug":"colgado-del-cielo","status":"publish","type":"post","link":"https:\/\/blogs.hoy.es\/lamiradaatenta\/2012\/07\/06\/colgado-del-cielo\/","title":{"rendered":"Colgado del cielo"},"content":{"rendered":"<p><a href=\"https:\/\/blogs.hoy.es\/lamiradaatenta\/2012\/07\/06\/colgado-del-cielo\/luna-2\/\" rel=\"attachment wp-att-321\"><img loading=\"lazy\" class=\"aligncenter size-large wp-image-321\" title=\"LUNA\" src=\"\/lamiradaatenta\/wp-content\/uploads\/sites\/24\/2012\/07\/LUNA1.jpg\" alt=\"\" width=\"650\" height=\"432\" srcset=\"https:\/\/static-blogs.hoy.es\/wp-content\/uploads\/sites\/24\/2012\/07\/LUNA1.jpg 1969w, https:\/\/static-blogs.hoy.es\/wp-content\/uploads\/sites\/24\/2012\/07\/LUNA1-150x100.jpg 150w, https:\/\/static-blogs.hoy.es\/wp-content\/uploads\/sites\/24\/2012\/07\/LUNA1-300x199.jpg 300w, https:\/\/static-blogs.hoy.es\/wp-content\/uploads\/sites\/24\/2012\/07\/LUNA1-768x511.jpg 768w, https:\/\/static-blogs.hoy.es\/wp-content\/uploads\/sites\/24\/2012\/07\/LUNA1-650x432.jpg 650w\" sizes=\"(max-width: 650px) 100vw, 650px\" \/><\/a><\/p>\n<p><a href=\"http:\/\/www.hoy.es\/multimedia\/fotos\/ultimos\/102021-mirada-atenta-prendado-cielo-0.html\" target=\"_blank\" rel=\"external nofollow\"><span style=\"text-decoration: underline;\"><strong>VER FOTOS DE ASTRONOM\u00cdA REALIZADAS POR LA MIRADA ATENTA<\/strong><\/span><\/a><\/p>\n<p><strong>Lorenzo Cordero<\/strong> es esa clase de hombre al que le gusta permanecer <strong>con los pies en el suelo<\/strong>, en pos de su c\u00e1mara, pero tambi\u00e9n <strong>tocar la luna con las manos<\/strong>, y si puede ser, tambi\u00e9n con su objetivo.<\/p>\n<p>En realidad, lo que le gusta es <strong>correr detr\u00e1s de los retos.<\/strong> Si hay algo que no sabe fotografiar, prueba y prueba hasta que le sale algo decente, y hace unos 10 a\u00f1os descubri\u00f3 que fotografiar las estrellas, nebulosas, cometas y galaxias pod\u00eda ser una de las cosas m\u00e1s dif\u00edciles del mundo. As\u00ed que se puso manos a la obra.<!--more--><\/p>\n<p>Empez\u00f3 de la mano de <strong>Juan Miguel Gonz\u00e1lez Polo<\/strong>, de la <a href=\"http:\/\/www.astrosurf.com\/caceres\/aacc2.htm\" target=\"_blank\" rel=\"external nofollow\"><strong>Agrupaci\u00f3n Astron\u00f3mica de C\u00e1ceres<\/strong><\/a>, con cuyo equipo fotogfrafi\u00f3 por primera vez el <strong>planeta Marte<\/strong>, en uno de los momentos en los que \u00e9ste pasaba m\u00e1s cerca de la Tierra. En el cielo se ve\u00eda como una moneda de cinco c\u00e9ntimos, y \u00e9l consigui\u00f3 enfocarlo lo suficiente como para que en la imagen Tfuera perceptible su casquete polar inferior, y sus conocidas fallas.<\/p>\n<div id=\"attachment_324\" style=\"width: 660px\" class=\"wp-caption aligncenter\"><a href=\"https:\/\/blogs.hoy.es\/lamiradaatenta\/2012\/07\/06\/colgado-del-cielo\/marte-2\/\" rel=\"attachment wp-att-324\"><img aria-describedby=\"caption-attachment-324\" loading=\"lazy\" class=\"size-large wp-image-324\" title=\"Una de sus primeras fotograf\u00edas del planeta Marte, una de las peores, pero de la que se siente muy orgulloso.\" src=\"\/lamiradaatenta\/wp-content\/uploads\/sites\/24\/2012\/07\/MARTE1.jpg\" alt=\"Una de sus primeras fotograf\u00edas del planeta Marte, una de las peores, pero de la que se siente muy orgulloso.\" width=\"650\" height=\"478\" srcset=\"https:\/\/static-blogs.hoy.es\/wp-content\/uploads\/sites\/24\/2012\/07\/MARTE1.jpg 1509w, https:\/\/static-blogs.hoy.es\/wp-content\/uploads\/sites\/24\/2012\/07\/MARTE1-150x110.jpg 150w, https:\/\/static-blogs.hoy.es\/wp-content\/uploads\/sites\/24\/2012\/07\/MARTE1-300x221.jpg 300w, https:\/\/static-blogs.hoy.es\/wp-content\/uploads\/sites\/24\/2012\/07\/MARTE1-768x565.jpg 768w, https:\/\/static-blogs.hoy.es\/wp-content\/uploads\/sites\/24\/2012\/07\/MARTE1-650x478.jpg 650w\" sizes=\"(max-width: 650px) 100vw, 650px\" \/><\/a><p id=\"caption-attachment-324\" class=\"wp-caption-text\">Una de sus primeras fotograf\u00edas del planeta Marte, una de las peores, pero de la que se siente muy orgulloso.<\/p><\/div>\n<p>De todas las fotos de astronom\u00eda que ha hecho, \u00e9sta es la que puede considerarse <strong>la peor conseguida<\/strong>, pero es con diferencia la que m\u00e1s ilusi\u00f3n le produjo ver el resultado. <strong>Para la Mirada Atenta fotografiar al cielo es uno de sus retos profesionales m\u00e1s complicados<\/strong> porque requiere una gran precisi\u00f3n, mucha paciencia, un buen equipo, y un gran dominio t\u00e9cnico. De hecho, en muchas de sus salidas nocturnas ha vuelto a casa con las manos vac\u00edas, y esta dificultad es la que le tiene enganchado al cielo nocturno de Extremadura.<\/p>\n<div id=\"attachment_326\" style=\"width: 660px\" class=\"wp-caption aligncenter\"><a href=\"https:\/\/blogs.hoy.es\/lamiradaatenta\/2012\/07\/06\/colgado-del-cielo\/lorenastronomo\/\" rel=\"attachment wp-att-326\"><img aria-describedby=\"caption-attachment-326\" loading=\"lazy\" class=\"size-large wp-image-326\" title=\"Lorenzo Cordero fotografiando una noche el cielo con su equipo, del que est\u00e1 muy orgulloso.\" src=\"\/lamiradaatenta\/wp-content\/uploads\/sites\/24\/2012\/07\/LORENASTRONOMO.jpg\" alt=\"Lorenzo Cordero fotografiando una noche el cielo con su equipo, del que est\u00e1 muy orgulloso.\" width=\"650\" height=\"433\" srcset=\"https:\/\/static-blogs.hoy.es\/wp-content\/uploads\/sites\/24\/2012\/07\/LORENASTRONOMO.jpg 1969w, https:\/\/static-blogs.hoy.es\/wp-content\/uploads\/sites\/24\/2012\/07\/LORENASTRONOMO-150x100.jpg 150w, https:\/\/static-blogs.hoy.es\/wp-content\/uploads\/sites\/24\/2012\/07\/LORENASTRONOMO-300x200.jpg 300w, https:\/\/static-blogs.hoy.es\/wp-content\/uploads\/sites\/24\/2012\/07\/LORENASTRONOMO-768x512.jpg 768w, https:\/\/static-blogs.hoy.es\/wp-content\/uploads\/sites\/24\/2012\/07\/LORENASTRONOMO-650x433.jpg 650w\" sizes=\"(max-width: 650px) 100vw, 650px\" \/><\/a><p id=\"caption-attachment-326\" class=\"wp-caption-text\">Lorenzo Cordero fotografiando una noche el cielo con su equipo, del que est\u00e1 muy orgulloso.<\/p><\/div>\n<p>Con el tiempo ha ido mejorando su equipo, y ya dispone de un telescopio <a href=\"http:\/\/www.telescopiomania.com\/es\/1036_skywatcher?n=24\" target=\"_blank\" rel=\"external nofollow\"><strong>Skywatcher<\/strong><\/a>, una montura <a href=\"http:\/\/www.apt.com.es\/web\/index.php?page=shop.product_details&#038;category_id=8&#038;flypage=flypage.tpl&#038;product_id=98&#038;option=com_virtuemart&#038;Itemid=58\" target=\"_blank\" rel=\"external nofollow\"><strong>HEQ5 Pro Goto<\/strong><\/a>, y un <strong>tubo de 150\/750 F4<\/strong>, pero su ilusi\u00f3n es ir mejorando los medios y su precisi\u00f3n a la hora de calibrar los enfoques. Adem\u00e1s, poco\u00a0 a poco va tambi\u00e9n ampliando sus conocimientos astron\u00f3micos, y puede recitar con naturalidad los <strong>nombres de galaxias y cometas que necesitan ser deletreados<\/strong> para que los profanos sepan c\u00f3mo se escriben.<\/p>\n<p>A la hora de exponer las razones por las que se ha aficionado a la fotograf\u00eda astron\u00f3mica, la Mirada Atenta no utiliza ni una sola vez ninguno de los t\u00f3picos que podr\u00edan soltarse f\u00e1cilmente en estos casos. No menciona la belleza c\u00f3smica, ni el infinito espacio del universo. No habla de la peque\u00f1ez del ser humano ante la magnitud de los fen\u00f3menos, ni de la perfecci\u00f3n de la m\u00e1quina que maneja los planetas. No. Es la dificultad de poder fotografiar todo ello lo que le impulsa a salir de noche al campo y pasarse horas intentando calibrar el enfoque de su objetivo para atrapar la imagen de una nebulosa cuyo nombre acaba de aprender, y que se encuentra a millones de a\u00f1os luz de distancia de su objetivo.<\/p>\n<div id=\"attachment_325\" style=\"width: 660px\" class=\"wp-caption aligncenter\"><a href=\"https:\/\/blogs.hoy.es\/lamiradaatenta\/2012\/07\/06\/colgado-del-cielo\/via-lactea\/\" rel=\"attachment wp-att-325\"><img aria-describedby=\"caption-attachment-325\" loading=\"lazy\" class=\"size-large wp-image-325\" title=\"Imagen de la V\u00eda L\u00e1ctea con las luces de M\u00e9rida al fondo. La fotograf\u00eda a\u00fan no es perfecta, pero va mejorando.\" src=\"\/lamiradaatenta\/wp-content\/uploads\/sites\/24\/2012\/07\/VIA-LACTEA.jpg\" alt=\"Imagen de la V\u00eda L\u00e1ctea con las luces de M\u00e9rida al fondo. La fotograf\u00eda a\u00fan no es perfecta, pero va mejorando.\" width=\"650\" height=\"974\" srcset=\"https:\/\/static-blogs.hoy.es\/wp-content\/uploads\/sites\/24\/2012\/07\/VIA-LACTEA.jpg 1575w, https:\/\/static-blogs.hoy.es\/wp-content\/uploads\/sites\/24\/2012\/07\/VIA-LACTEA-100x150.jpg 100w, https:\/\/static-blogs.hoy.es\/wp-content\/uploads\/sites\/24\/2012\/07\/VIA-LACTEA-200x300.jpg 200w, https:\/\/static-blogs.hoy.es\/wp-content\/uploads\/sites\/24\/2012\/07\/VIA-LACTEA-768x1152.jpg 768w, https:\/\/static-blogs.hoy.es\/wp-content\/uploads\/sites\/24\/2012\/07\/VIA-LACTEA-650x975.jpg 650w\" sizes=\"(max-width: 650px) 100vw, 650px\" \/><\/a><p id=\"caption-attachment-325\" class=\"wp-caption-text\">Imagen de la V\u00eda L\u00e1ctea con las luces de M\u00e9rida al fondo. La fotograf\u00eda a\u00fan no es perfecta, pero va mejorando.<\/p><\/div>\n<p>En realidad, su sentimiento es muy humano. Siempre hemos querido ir m\u00e1s all\u00e1, subir a lo m\u00e1s alto, retar a lo desconocido, desvelar los secretos, atrapar lo invisible.<strong> Y la Mirada Atenta est\u00e1 empe\u00f1ada ahora en ello<\/strong>, aunque advierte que<strong> lo que m\u00e1s le gusta fotografiar<\/strong> del mundo est\u00e1 en el planeta Tierra: <strong>las mujeres guapas<\/strong>.<\/p>\n<p><span style=\"text-decoration: underline;\"><strong>V<\/strong><\/span><a href=\"http:\/\/www.hoy.es\/multimedia\/fotos\/caceres\/101319-mirada-atenta-fotografo-moda-0.html\" target=\"_blank\" rel=\"external nofollow\"><span style=\"text-decoration: underline;\"><strong>ER GALER\u00cdA DE FOTOS DE MODA, OTRA DE SUS AFICIONES<\/strong><\/span><\/a><\/p>\n<p>&nbsp;<\/p>\n<!-- AddThis Advanced Settings generic via filter on the_content --><!-- AddThis Share Buttons generic via filter on the_content -->","protected":false},"excerpt":{"rendered":"<p>VER FOTOS DE ASTRONOM\u00cdA REALIZADAS POR LA MIRADA ATENTA Lorenzo Cordero es esa clase de hombre al que le gusta permanecer con los pies en el suelo, en pos de su c\u00e1mara, pero tambi\u00e9n tocar la luna con las manos, y si puede ser, tambi\u00e9n con su objetivo. En realidad, lo que le gusta es [&hellip;]<!-- AddThis Advanced Settings generic via filter on get_the_excerpt --><!-- AddThis Share Buttons generic via filter on get_the_excerpt --><\/p>\n","protected":false},"author":29,"featured_media":0,"comment_status":"open","ping_status":"closed","sticky":false,"template":"","format":"standard","meta":[],"categories":[2],"tags":[5,21,58,68,72,99,132,165,181,201,204,233,290,292,300],"_links":{"self":[{"href":"https:\/\/blogs.hoy.es\/lamiradaatenta\/wp-json\/wp\/v2\/posts\/319"}],"collection":[{"href":"https:\/\/blogs.hoy.es\/lamiradaatenta\/wp-json\/wp\/v2\/posts"}],"about":[{"href":"https:\/\/blogs.hoy.es\/lamiradaatenta\/wp-json\/wp\/v2\/types\/post"}],"author":[{"embeddable":true,"href":"https:\/\/blogs.hoy.es\/lamiradaatenta\/wp-json\/wp\/v2\/users\/29"}],"replies":[{"embeddable":true,"href":"https:\/\/blogs.hoy.es\/lamiradaatenta\/wp-json\/wp\/v2\/comments?post=319"}],"version-history":[{"count":0,"href":"https:\/\/blogs.hoy.es\/lamiradaatenta\/wp-json\/wp\/v2\/posts\/319\/revisions"}],"wp:attachment":[{"href":"https:\/\/blogs.hoy.es\/lamiradaatenta\/wp-json\/wp\/v2\/media?parent=319"}],"wp:term":[{"taxonomy":"category","embeddable":true,"href":"https:\/\/blogs.hoy.es\/lamiradaatenta\/wp-json\/wp\/v2\/categories?post=319"},{"taxonomy":"post_tag","embeddable":true,"href":"https:\/\/blogs.hoy.es\/lamiradaatenta\/wp-json\/wp\/v2\/tags?post=319"}],"curies":[{"name":"wp","href":"https:\/\/api.w.org\/{rel}","templated":true}]}}