{"id":327,"date":"2012-07-10T19:52:22","date_gmt":"2012-07-10T17:52:22","guid":{"rendered":"http:\/\/blogs.hoy.es\/lamiradaatenta\/?p=327"},"modified":"2012-07-10T19:52:22","modified_gmt":"2012-07-10T17:52:22","slug":"chatarreros-invisibles-cada-vez-mas","status":"publish","type":"post","link":"https:\/\/blogs.hoy.es\/lamiradaatenta\/2012\/07\/10\/chatarreros-invisibles-cada-vez-mas\/","title":{"rendered":"Chatarreros, invisibles entre la multitud"},"content":{"rendered":"<div id=\"attachment_328\" style=\"width: 660px\" class=\"wp-caption aligncenter\"><a href=\"https:\/\/blogs.hoy.es\/lamiradaatenta\/2012\/07\/10\/chatarreros-invisibles-cada-vez-mas\/loren_chatarra-01\/\" rel=\"attachment wp-att-328\"><img aria-describedby=\"caption-attachment-328\" loading=\"lazy\" class=\"size-large wp-image-328\" title=\"Una mujer utiliza un carrito de ni\u00f1o para trasladar una ba\u00f1era por las calles c\u00e9ntricas de C\u00e1ceres.\" src=\"\/lamiradaatenta\/wp-content\/uploads\/sites\/24\/2012\/07\/LOREN_CHATARRA-01.jpg\" alt=\"Una mujer utiliza un carrito de ni\u00f1o para trasladar una ba\u00f1era por las calles c\u00e9ntricas de C\u00e1cer3es.\" width=\"650\" height=\"433\" srcset=\"https:\/\/static-blogs.hoy.es\/wp-content\/uploads\/sites\/24\/2012\/07\/LOREN_CHATARRA-01.jpg 2362w, https:\/\/static-blogs.hoy.es\/wp-content\/uploads\/sites\/24\/2012\/07\/LOREN_CHATARRA-01-150x100.jpg 150w, https:\/\/static-blogs.hoy.es\/wp-content\/uploads\/sites\/24\/2012\/07\/LOREN_CHATARRA-01-300x200.jpg 300w, https:\/\/static-blogs.hoy.es\/wp-content\/uploads\/sites\/24\/2012\/07\/LOREN_CHATARRA-01-768x512.jpg 768w, https:\/\/static-blogs.hoy.es\/wp-content\/uploads\/sites\/24\/2012\/07\/LOREN_CHATARRA-01-650x433.jpg 650w\" sizes=\"(max-width: 650px) 100vw, 650px\" \/><\/a><p id=\"caption-attachment-328\" class=\"wp-caption-text\">Una mujer utiliza un carrito de ni\u00f1o para trasladar una ba\u00f1era por las calles c\u00e9ntricas de C\u00e1ceres.<\/p><\/div>\n<p>Caminaba por la calle arrastrando en un carrito de ni\u00f1o una ba\u00f1era por una calle c\u00e9ntrica de C\u00e1ceres, pero <strong>era casi invisible<\/strong>. Nadie parec\u00eda verla, no se sabe si por incomodidad, o porque cada vez su imagen en nuestras ciudades es cada vez m\u00e1s habitual, y nuestras conciencias a\u00fan no son tan resistentes como quisi\u00e9ramos.<!--more--><\/p>\n<p>Pero la <strong>Mirada Atenta s\u00ed la vio<\/strong>, sac\u00f3 su c\u00e1mara a toda velocidad y la fotografi\u00f3 antes de que se perdiera entre la gente. Otro d\u00eda, que no hab\u00eda sido tan r\u00e1pido, se le escap\u00f3 la mujer y la foto cuando <strong>arrastraba con una cuerda otra ba\u00f1era<\/strong>, que debe ser un objeto muy codiciado entre los que rebuscan ene nuestra basura. Lo que nosotros tiramos, cada vez m\u00e1s gente lo aprovecha y lo recupera.<\/p>\n<p>M\u00e1s f\u00e1cil le resulta encontrar cada d\u00eda al mismo chatarrero en la <a href=\"http:\/\/www.hoy.es\/v\/20110831\/caceres\/intentan-impedir-vertidos-escombrera-20110831.html\" target=\"_blank\" rel=\"external nofollow\"><strong>escombera de Balpia<\/strong><\/a>, donde \u00e9ste acude, casi sin falta, desde hace a\u00f1os. Espera pacientemente a que lleguen los camiones con los escombros, y empieza su jornada laboral: separar la chatarra valiosa de lo que apenas vale. Lo que \u00e9l desperdicia lo recuperan los nuevos, los novatos que van llegando y que no tienen experiencia ni la sabidur\u00eda del que conoce el trabajo. Antes trabajaban en otras cosas y no se planteaban lo de la chatarra. Le le\u00edan en los peri\u00f3dicos, en un relato trivial como \u00e9ste, y se conmov\u00edan, o no. Nunca se piensa que un d\u00eda nos interesar\u00e1 de verdad subir a un mont\u00f3n de basura para ganar el jornal.<\/p>\n<div id=\"attachment_329\" style=\"width: 660px\" class=\"wp-caption aligncenter\"><a href=\"https:\/\/blogs.hoy.es\/lamiradaatenta\/2012\/07\/10\/chatarreros-invisibles-cada-vez-mas\/loren_chatarra-03\/\" rel=\"attachment wp-att-329\"><img aria-describedby=\"caption-attachment-329\" loading=\"lazy\" class=\"size-large wp-image-329\" title=\"Este chatarrero es veterano en la escombera de Baldia, en C\u00e1ceres, donde acude casi todos los d\u00edas desde hace a\u00f1os. \" src=\"\/lamiradaatenta\/wp-content\/uploads\/sites\/24\/2012\/07\/LOREN_CHATARRA-03.jpg\" alt=\"Este chatarrero es veterano en la escombera de Baldia, en C\u00e1ceres, donde acude casi todos los d\u00edas desde hace a\u00f1os. \" width=\"650\" height=\"460\" srcset=\"https:\/\/static-blogs.hoy.es\/wp-content\/uploads\/sites\/24\/2012\/07\/LOREN_CHATARRA-03.jpg 2343w, https:\/\/static-blogs.hoy.es\/wp-content\/uploads\/sites\/24\/2012\/07\/LOREN_CHATARRA-03-150x106.jpg 150w, https:\/\/static-blogs.hoy.es\/wp-content\/uploads\/sites\/24\/2012\/07\/LOREN_CHATARRA-03-300x213.jpg 300w, https:\/\/static-blogs.hoy.es\/wp-content\/uploads\/sites\/24\/2012\/07\/LOREN_CHATARRA-03-768x544.jpg 768w, https:\/\/static-blogs.hoy.es\/wp-content\/uploads\/sites\/24\/2012\/07\/LOREN_CHATARRA-03-650x461.jpg 650w\" sizes=\"(max-width: 650px) 100vw, 650px\" \/><\/a><p id=\"caption-attachment-329\" class=\"wp-caption-text\">Este chatarrero es veterano en la escombera de Balpia, en C\u00e1ceres, donde acude casi todos los d\u00edas desde hace a\u00f1os.<\/p><\/div>\n<p>Nunca se piensa tampoco en <strong>c\u00f3mo transportar una ba\u00f1era grande por mitad de una calle<\/strong> hasta el lugar, para nosotros, desconocido, en que supuestamente pagar\u00e1n unas monedas por ese trasto viejo.<\/p>\n<p>La mujer de la fotograf\u00eda ya es una experta. De la cuerda pas\u00f3 al carrito de ni\u00f1o, quiz\u00e1s tambi\u00e9n recuperado de la chatarra. Quiz\u00e1s la pr\u00f3xima vez que la <strong>Mirada Atenta<\/strong> se la encuentre lleve un medio de transporte m\u00e1s sofisticado. Cuando la necesidad aprieta, Ingenio se hace grande.<\/p>\n<!-- AddThis Advanced Settings generic via filter on the_content --><!-- AddThis Share Buttons generic via filter on the_content -->","protected":false},"excerpt":{"rendered":"<p>Caminaba por la calle arrastrando en un carrito de ni\u00f1o una ba\u00f1era por una calle c\u00e9ntrica de C\u00e1ceres, pero era casi invisible. Nadie parec\u00eda verla, no se sabe si por incomodidad, o porque cada vez su imagen en nuestras ciudades es cada vez m\u00e1s habitual, y nuestras conciencias a\u00fan no son tan resistentes como quisi\u00e9ramos.<!-- AddThis Advanced Settings generic via filter on get_the_excerpt --><!-- AddThis Share Buttons generic via filter on get_the_excerpt --><\/p>\n","protected":false},"author":29,"featured_media":0,"comment_status":"open","ping_status":"closed","sticky":false,"template":"","format":"standard","meta":[],"categories":[2],"tags":[26,34,66,101,124,126,151,229,265],"_links":{"self":[{"href":"https:\/\/blogs.hoy.es\/lamiradaatenta\/wp-json\/wp\/v2\/posts\/327"}],"collection":[{"href":"https:\/\/blogs.hoy.es\/lamiradaatenta\/wp-json\/wp\/v2\/posts"}],"about":[{"href":"https:\/\/blogs.hoy.es\/lamiradaatenta\/wp-json\/wp\/v2\/types\/post"}],"author":[{"embeddable":true,"href":"https:\/\/blogs.hoy.es\/lamiradaatenta\/wp-json\/wp\/v2\/users\/29"}],"replies":[{"embeddable":true,"href":"https:\/\/blogs.hoy.es\/lamiradaatenta\/wp-json\/wp\/v2\/comments?post=327"}],"version-history":[{"count":0,"href":"https:\/\/blogs.hoy.es\/lamiradaatenta\/wp-json\/wp\/v2\/posts\/327\/revisions"}],"wp:attachment":[{"href":"https:\/\/blogs.hoy.es\/lamiradaatenta\/wp-json\/wp\/v2\/media?parent=327"}],"wp:term":[{"taxonomy":"category","embeddable":true,"href":"https:\/\/blogs.hoy.es\/lamiradaatenta\/wp-json\/wp\/v2\/categories?post=327"},{"taxonomy":"post_tag","embeddable":true,"href":"https:\/\/blogs.hoy.es\/lamiradaatenta\/wp-json\/wp\/v2\/tags?post=327"}],"curies":[{"name":"wp","href":"https:\/\/api.w.org\/{rel}","templated":true}]}}