{"id":336,"date":"2012-07-12T19:39:01","date_gmt":"2012-07-12T17:39:01","guid":{"rendered":"http:\/\/blogs.hoy.es\/lamiradaatenta\/?p=336"},"modified":"2012-07-12T19:39:01","modified_gmt":"2012-07-12T17:39:01","slug":"cuando-los-insumisos-la-armaban","status":"publish","type":"post","link":"https:\/\/blogs.hoy.es\/lamiradaatenta\/2012\/07\/12\/cuando-los-insumisos-la-armaban\/","title":{"rendered":"Cuando los insumisos la armaban"},"content":{"rendered":"<div id=\"attachment_339\" style=\"width: 587px\" class=\"wp-caption alignleft\"><a href=\"https:\/\/blogs.hoy.es\/lamiradaatenta\/2012\/07\/12\/cuando-los-insumisos-la-armaban\/insumiso\/\" rel=\"attachment wp-att-339\"><img aria-describedby=\"caption-attachment-339\" loading=\"lazy\" class=\" wp-image-339 \" title=\"Miguel \u00c1ngel Felipe, despu\u00e9s de varios intentos, consigui\u00f3 que lo detuvieran por insumiso (18\/12\/2000).\" src=\"\/lamiradaatenta\/wp-content\/uploads\/sites\/24\/2012\/07\/insumiso.jpg\" alt=\"Miguel \u00c1ngel Felipe, despu\u00e9s de varios intentos, consigui\u00f3 que lo detuvieran por insumiso (18\/12\/2000).\" width=\"577\" height=\"327\" \/><\/a><p id=\"caption-attachment-339\" class=\"wp-caption-text\">Miguel \u00c1ngel Felipe, despu\u00e9s de varios intentos, consigui\u00f3 que lo detuvieran por insumiso (18\/12\/2000).<\/p><\/div>\n<p>&nbsp;<\/p>\n<p>&nbsp;<\/p>\n<p>&nbsp;<\/p>\n<p>&nbsp;<\/p>\n<p>&nbsp;<\/p>\n<p>&nbsp;<\/p>\n<p>&nbsp;<\/p>\n<p>&nbsp;<\/p>\n<p>&nbsp;<\/p>\n<p>&nbsp;<\/p>\n<p>&nbsp;<\/p>\n<p>&nbsp;<\/p>\n<p>&nbsp;<\/p>\n<p>&nbsp;<\/p>\n<p><a href=\"http:\/\/www.hoy.es\/multimedia\/fotos\/caceres\/102356-mirada-atenta-historias-insumisos-0.html\" target=\"_blank\" rel=\"external nofollow\"><span style=\"text-decoration: underline;\"><strong>LAS FOTOS DE LORENZO CORDERO DE AQUEL D\u00cdA<\/strong><\/span><\/a>.<\/p>\n<p>Antes de que el <a href=\"http:\/\/movimiento15m.org\/\" target=\"_blank\" rel=\"external nofollow\">Movimiento 15M<\/a> agitase nuestras calles, hubo<strong> otro movimiento juvenil de protesta<\/strong> que tambi\u00e9n se hizo notar, el de los llamados\u00a0 insumisos (en realidad,<a href=\"http:\/\/www.antimilitaristas.org\/spip.php?article1971\" target=\"_blank\" rel=\"external nofollow\"> Movimiento de Objeci\u00f3n de Conciencia<\/a>), a los que tambi\u00e9n miraban muchos como unos &#8220;desmelenados&#8221;, pero que consiguieron, poco a poco, convencer a la sociedad espa\u00f1ola de que <strong>no se pod\u00eda obligar a nadie a empu\u00f1ar un arma por decreto ley<\/strong> en contra de su conciencia.<!--more--><\/p>\n<p>En el a\u00f1o 2000 el joven placentino <strong>Miguel \u00c1ngel Felipe<\/strong> protagoniz\u00f3 una rocambolesca historia hasta que <strong>consigui\u00f3 ser detenido en la Comandancia de la Guardia Civil<\/strong> de C\u00e1ceres, como era su objetivo. Tal como relat\u00f3 entonces el periodista <strong>Claudio Mateo<\/strong>, no le result\u00f3 nada f\u00e1cil que le detuvieran, y tuvo que armar bastante jaleo hasta que logr\u00f3 que lo llevaran <strong>en volandas hasta el calabozo, y luego, a la <a href=\"http:\/\/wikimapia.org\/16623914\/es\/Prisi%C3%B3n-Militar-de-Alcal%C3%A1-Meco\" target=\"_blank\" rel=\"external nofollow\">prisi\u00f3n militar de Alcal\u00e1<\/a><\/strong>.<\/p>\n<p>Antes, los miembros del <strong>Movimiento de Objeci\u00f3n de Conciencia<\/strong> hab\u00edan organizado una protesta <strong>ante el <a href=\"http:\/\/censoarchivos.mcu.es\/CensoGuia\/fondoDetail.htm?id=1038935\" target=\"_blank\" rel=\"external nofollow\">Gobierno Militar<\/a><\/strong> para forzar su detenci\u00f3n, ya que pesaba sobre Miguel \u00c1ngel una orden de b\u00fasqueda y captura. Los militares no les hicieron ni caso. &#8220;<strong>A m\u00ed d\u00e9jenme en paz, y no molesten m\u00e1s&#8221;, les dijo el cabo<\/strong> al verlos encadenados en la reja de la fachada.<\/p>\n<p>Despu\u00e9s, los objetores avisaron a la <a href=\"http:\/\/www.policia.es\/\" target=\"_blank\" rel=\"external nofollow\">Polic\u00eda Nacional<\/a>. Llegaron agentes y mandos policiales, pero no les detuvieron porque no constaba la orden de b\u00fasqueda y captura, por lo que los polic\u00edas <strong>se limitaron a a cortar con unas tenazas las cadenas, y pedir a los manifestantes que se disolviesen<\/strong>.<\/p>\n<p>Agotada la v\u00eda policial, solicitaron\u00a0 entonces por tel\u00e9fono la<strong> presencia de la <a href=\"http:\/\/www.guardiacivil.es\/es\/\" target=\"_blank\" rel=\"external nofollow\">Guardia Civil<\/a><\/strong>, pero los agentes no estaban dispuestos a trasladarse hasta el lugar, por lo que <strong>al final fueron todos juntos a la Comandancia de la Guardia Civil<\/strong>.<\/p>\n<p>Lo gracioso fue que, cuando los agentes comprobaron la existencia de la orden de ingreso en prisi\u00f3n, <strong>los compa\u00f1eros del protagonista empezaron a forcejear y a sujetarle para impedir que se lo llevaran<\/strong>.<\/p>\n<p>Y de todo ello fue testigo <strong>La Mirada Atenta<\/strong>, que no perdi\u00f3 detalle, at\u00f3nito, de los sucesivos acontecimientos sin imaginar que, 12 a\u00f1os despu\u00e9s, toda la historia del <strong>movimiento de los insumisos\u00a0<\/strong> sonar\u00eda en la Espa\u00f1a del siglo XXI <strong>a la serie <a href=\"http:\/\/www.rtve.es\/television\/cuentame\/\" target=\"_blank\" rel=\"external nofollow\">Cu\u00e9ntame<\/a><\/strong>.<\/p>\n<p>Como en aquella \u00e9poca, no ten\u00edamos todav\u00eda HOY.es, os cuelgo <strong>el PDF del art\u00edculo para que pod\u00e1is comprobar que nada de lo relatado es exageraci\u00f3n<\/strong>.<\/p>\n<p>&nbsp;<\/p>\n<div id=\"attachment_341\" style=\"width: 660px\" class=\"wp-caption aligncenter\"><a href=\"https:\/\/blogs.hoy.es\/lamiradaatenta\/2012\/07\/12\/cuando-los-insumisos-la-armaban\/articulomiguel\/\" rel=\"attachment wp-att-341\"><img aria-describedby=\"caption-attachment-341\" loading=\"lazy\" class=\"size-large wp-image-341\" title=\"Art\u00edculo publicado el 19 de diciembre de 2000 en el diario HOY contando la protesta de los insumisos y de c\u00f3mo consiguieron que llevaran a Miguel \u00c1ngel Felipe a la c\u00e1rcel.\" src=\"\/lamiradaatenta\/wp-content\/uploads\/sites\/24\/2012\/07\/ARTICULOMIGUEL.jpg\" alt=\"Art\u00edculo publicado el 19 de diciembre de 2000 en el diario HOY contando la protesta de los insumisos y de c\u00f3mo consiguieron que llevaran a Miguel \u00c1ngel Felipe a la c\u00e1rcel.\" width=\"650\" height=\"944\" srcset=\"https:\/\/static-blogs.hoy.es\/wp-content\/uploads\/sites\/24\/2012\/07\/ARTICULOMIGUEL.jpg 779w, https:\/\/static-blogs.hoy.es\/wp-content\/uploads\/sites\/24\/2012\/07\/ARTICULOMIGUEL-103x150.jpg 103w, https:\/\/static-blogs.hoy.es\/wp-content\/uploads\/sites\/24\/2012\/07\/ARTICULOMIGUEL-206x300.jpg 206w, https:\/\/static-blogs.hoy.es\/wp-content\/uploads\/sites\/24\/2012\/07\/ARTICULOMIGUEL-768x1116.jpg 768w, https:\/\/static-blogs.hoy.es\/wp-content\/uploads\/sites\/24\/2012\/07\/ARTICULOMIGUEL-650x945.jpg 650w\" sizes=\"(max-width: 650px) 100vw, 650px\" \/><\/a><p id=\"caption-attachment-341\" class=\"wp-caption-text\">Art\u00edculo publicado el 19 de diciembre de 2000 en el diario HOY contando la protesta de los insumisos y de c\u00f3mo consiguieron que llevaran a Miguel \u00c1ngel Felipe a la c\u00e1rcel.<\/p><\/div>\n<!-- AddThis Advanced Settings generic via filter on the_content --><!-- AddThis Share Buttons generic via filter on the_content -->","protected":false},"excerpt":{"rendered":"<p>&nbsp; &nbsp; &nbsp; &nbsp; &nbsp; &nbsp; &nbsp; &nbsp; &nbsp; &nbsp; &nbsp; &nbsp; &nbsp; &nbsp; LAS FOTOS DE LORENZO CORDERO DE AQUEL D\u00cdA. Antes de que el Movimiento 15M agitase nuestras calles, hubo otro movimiento juvenil de protesta que tambi\u00e9n se hizo notar, el de los llamados\u00a0 insumisos (en realidad, Movimiento de Objeci\u00f3n de Conciencia), a [&hellip;]<!-- AddThis Advanced Settings generic via filter on get_the_excerpt --><!-- AddThis Share Buttons generic via filter on get_the_excerpt --><\/p>\n","protected":false},"author":29,"featured_media":0,"comment_status":"open","ping_status":"closed","sticky":false,"template":"","format":"standard","meta":[],"categories":[2],"tags":[],"_links":{"self":[{"href":"https:\/\/blogs.hoy.es\/lamiradaatenta\/wp-json\/wp\/v2\/posts\/336"}],"collection":[{"href":"https:\/\/blogs.hoy.es\/lamiradaatenta\/wp-json\/wp\/v2\/posts"}],"about":[{"href":"https:\/\/blogs.hoy.es\/lamiradaatenta\/wp-json\/wp\/v2\/types\/post"}],"author":[{"embeddable":true,"href":"https:\/\/blogs.hoy.es\/lamiradaatenta\/wp-json\/wp\/v2\/users\/29"}],"replies":[{"embeddable":true,"href":"https:\/\/blogs.hoy.es\/lamiradaatenta\/wp-json\/wp\/v2\/comments?post=336"}],"version-history":[{"count":0,"href":"https:\/\/blogs.hoy.es\/lamiradaatenta\/wp-json\/wp\/v2\/posts\/336\/revisions"}],"wp:attachment":[{"href":"https:\/\/blogs.hoy.es\/lamiradaatenta\/wp-json\/wp\/v2\/media?parent=336"}],"wp:term":[{"taxonomy":"category","embeddable":true,"href":"https:\/\/blogs.hoy.es\/lamiradaatenta\/wp-json\/wp\/v2\/categories?post=336"},{"taxonomy":"post_tag","embeddable":true,"href":"https:\/\/blogs.hoy.es\/lamiradaatenta\/wp-json\/wp\/v2\/tags?post=336"}],"curies":[{"name":"wp","href":"https:\/\/api.w.org\/{rel}","templated":true}]}}