{"id":344,"date":"2012-07-13T19:15:47","date_gmt":"2012-07-13T17:15:47","guid":{"rendered":"http:\/\/blogs.hoy.es\/lamiradaatenta\/?p=344"},"modified":"2012-07-13T19:15:47","modified_gmt":"2012-07-13T17:15:47","slug":"fotos-de-naturaleza-en-el-jardin","status":"publish","type":"post","link":"https:\/\/blogs.hoy.es\/lamiradaatenta\/2012\/07\/13\/fotos-de-naturaleza-en-el-jardin\/","title":{"rendered":"Fotos de naturaleza en el jard\u00edn"},"content":{"rendered":"<div id=\"attachment_346\" style=\"width: 660px\" class=\"wp-caption aligncenter\"><a href=\"https:\/\/blogs.hoy.es\/lamiradaatenta\/2012\/07\/13\/fotos-de-naturaleza-en-el-jardin\/margarita\/\" rel=\"attachment wp-att-346\"><img aria-describedby=\"caption-attachment-346\" loading=\"lazy\" class=\"size-large wp-image-346\" title=\"Oruga reptando por una margarita.\" src=\"\/lamiradaatenta\/wp-content\/uploads\/sites\/24\/2012\/07\/MARGARITA.jpg\" alt=\"Oruga reptando por una margarita.\" width=\"650\" height=\"484\" srcset=\"https:\/\/static-blogs.hoy.es\/wp-content\/uploads\/sites\/24\/2012\/07\/MARGARITA.jpg 1743w, https:\/\/static-blogs.hoy.es\/wp-content\/uploads\/sites\/24\/2012\/07\/MARGARITA-150x112.jpg 150w, https:\/\/static-blogs.hoy.es\/wp-content\/uploads\/sites\/24\/2012\/07\/MARGARITA-300x224.jpg 300w, https:\/\/static-blogs.hoy.es\/wp-content\/uploads\/sites\/24\/2012\/07\/MARGARITA-768x572.jpg 768w, https:\/\/static-blogs.hoy.es\/wp-content\/uploads\/sites\/24\/2012\/07\/MARGARITA-650x484.jpg 650w\" sizes=\"(max-width: 650px) 100vw, 650px\" \/><\/a><p id=\"caption-attachment-346\" class=\"wp-caption-text\">Oruga reptando por una margarita.<\/p><\/div>\n<p><a href=\"http:\/\/www.hoy.es\/multimedia\/fotos\/ultimos\/102393-mirada-atenta-jardin-lorenzo-0.html\" target=\"_blank\" rel=\"external nofollow\"><span style=\"text-decoration: underline;\"><strong>FOTOGRAF\u00cdAS DEL JARD\u00cdN DE LORENZO<\/strong><\/span><\/a>.<\/p>\n<p>Si meneamos el caj\u00f3n de las fotos desordenadas de la Mirada Atenta, descubrimos que su objetivo tiene una curiosidad insaciable, y esa es precisamente una de las claves de su \u00e9xito: nunca se conforma con lo que ve, y sus ojos y su mano sobre la c\u00e1mara no descansan.<!--more--><\/p>\n<p>Y es que Lorenzo Cordero nunca se separa de su c\u00e1mara, ni siquiera en vacaciones o los fines de semana que descansa. Adem\u00e1s de las <a href=\"http:\/\/www.hoy.es\/multimedia\/fotos\/caceres\/101319-mirada-atenta-fotografo-moda-0.html\" target=\"_blank\" rel=\"external nofollow\"><strong>fotos de moda<\/strong><\/a> y de <a href=\"https:\/\/blogs.hoy.es\/lamiradaatenta\/2012\/07\/06\/colgado-del-cielo\/\" target=\"_blank\"><strong>astronom\u00eda<\/strong><\/a>, de las que ya hemos hablado en el blog, tambi\u00e9n le gustan <strong>las fotos de naturaleza<\/strong>, un \u00e1mbito en el que <strong>empez\u00f3 a trabajar en 1985<\/strong>, y en el que incide sobre todo cuando se encuentra tranquilito en su casa, situada a las afueras de C\u00e1ceres, rodeada de campo y con un amplio jard\u00edn.<\/p>\n<p>Pronto descubri\u00f3 que no hac\u00eda falta irse al quinto pino para hacer buenas fotos de naturaleza, sino que que <strong>su propio jard\u00edn<\/strong>, dotado de un estanque, representaba un mundo infinito lleno de posibilidades porque hay cientos de tipo de insectos, ranas, culebras, y p\u00e1jaros de toda clase, incluidas las ex\u00f3ticas que \u00e9l cr\u00eda como afici\u00f3n. Vamos, que fauna a la que disparar clics no le falta.<\/p>\n<p>Por ello, a veces sale al jard\u00edn cargado con su c\u00e1mara y su teleobjetivo y se dedica a buscar bichitos, o a poner comida en los lugares m\u00e1s bonitos para atraer a los p\u00e1jaros. Ello le ha empujado a observar y a leer todo lo posible de insectos, con cuyos nombres en lat\u00edn se hace a veces un l\u00edo, y a intentar aprender las costumbres y formas de actuar de los anfibios y animales a los que trata de fotografiar para saber c\u00f3mo y cu\u00e1ndo sorprenderles con su objetivo.<\/p>\n<p>Adem\u00e1s de <strong>p\u00e1jaros<\/strong>, tambi\u00e9n se ha aficionado a las <strong>ranas y sapos<\/strong> que se cuelan a veces en su jard\u00edn, y a los que les prepara su estanque para ver si se quedan, y ha conseguido que algunos ejemplares ya formen parte de su universo dom\u00e9stico y de su libro de fotograf\u00edas de naturalista aficionado.<\/p>\n<p>Para hacer fotos de naturaleza, Lorenzo recomienda &#8221; <strong>mucha paciencia y un buen equipo<\/strong>&#8220;, utilizar la <a href=\"http:\/\/elegirelectronica.com\/lente_macro.html\" target=\"_blank\" rel=\"external nofollow\"><strong>funci\u00f3n Macro<\/strong><\/a> para los insectos, y <strong>conocer previamente a las &#8216;presas&#8217;<\/strong>, como har\u00eda un buen cazador.<\/p>\n<p>&nbsp;<\/p>\n<p>&nbsp;<\/p>\n<!-- AddThis Advanced Settings generic via filter on the_content --><!-- AddThis Share Buttons generic via filter on the_content -->","protected":false},"excerpt":{"rendered":"<p>FOTOGRAF\u00cdAS DEL JARD\u00cdN DE LORENZO. Si meneamos el caj\u00f3n de las fotos desordenadas de la Mirada Atenta, descubrimos que su objetivo tiene una curiosidad insaciable, y esa es precisamente una de las claves de su \u00e9xito: nunca se conforma con lo que ve, y sus ojos y su mano sobre la c\u00e1mara no descansan.<!-- AddThis Advanced Settings generic via filter on get_the_excerpt --><!-- AddThis Share Buttons generic via filter on get_the_excerpt --><\/p>\n","protected":false},"author":29,"featured_media":0,"comment_status":"open","ping_status":"closed","sticky":false,"template":"","format":"standard","meta":[],"categories":[2],"tags":[],"_links":{"self":[{"href":"https:\/\/blogs.hoy.es\/lamiradaatenta\/wp-json\/wp\/v2\/posts\/344"}],"collection":[{"href":"https:\/\/blogs.hoy.es\/lamiradaatenta\/wp-json\/wp\/v2\/posts"}],"about":[{"href":"https:\/\/blogs.hoy.es\/lamiradaatenta\/wp-json\/wp\/v2\/types\/post"}],"author":[{"embeddable":true,"href":"https:\/\/blogs.hoy.es\/lamiradaatenta\/wp-json\/wp\/v2\/users\/29"}],"replies":[{"embeddable":true,"href":"https:\/\/blogs.hoy.es\/lamiradaatenta\/wp-json\/wp\/v2\/comments?post=344"}],"version-history":[{"count":0,"href":"https:\/\/blogs.hoy.es\/lamiradaatenta\/wp-json\/wp\/v2\/posts\/344\/revisions"}],"wp:attachment":[{"href":"https:\/\/blogs.hoy.es\/lamiradaatenta\/wp-json\/wp\/v2\/media?parent=344"}],"wp:term":[{"taxonomy":"category","embeddable":true,"href":"https:\/\/blogs.hoy.es\/lamiradaatenta\/wp-json\/wp\/v2\/categories?post=344"},{"taxonomy":"post_tag","embeddable":true,"href":"https:\/\/blogs.hoy.es\/lamiradaatenta\/wp-json\/wp\/v2\/tags?post=344"}],"curies":[{"name":"wp","href":"https:\/\/api.w.org\/{rel}","templated":true}]}}