{"id":348,"date":"2012-08-02T18:45:54","date_gmt":"2012-08-02T16:45:54","guid":{"rendered":"http:\/\/blogs.hoy.es\/lamiradaatenta\/?p=348"},"modified":"2012-08-02T18:45:54","modified_gmt":"2012-08-02T16:45:54","slug":"pasion-en-la-vera","status":"publish","type":"post","link":"https:\/\/blogs.hoy.es\/lamiradaatenta\/2012\/08\/02\/pasion-en-la-vera\/","title":{"rendered":"Pasi\u00f3n en la Vera"},"content":{"rendered":"<div id=\"attachment_349\" style=\"width: 660px\" class=\"wp-caption aligncenter\"><a href=\"https:\/\/blogs.hoy.es\/lamiradaatenta\/2012\/08\/02\/pasion-en-la-vera\/besoloren\/\" rel=\"attachment wp-att-349\"><img aria-describedby=\"caption-attachment-349\" loading=\"lazy\" class=\"size-large wp-image-349\" title=\"Un beso a la orilla del lago Alonso Vega, en Jara\u00edz de la Vera.\" src=\"\/lamiradaatenta\/wp-content\/uploads\/sites\/24\/2012\/08\/BESOLOREN.jpg\" alt=\"Un beso a la orilla del lago Alonso Vega, en Jara\u00edz de la Vera.\" width=\"650\" height=\"423\" srcset=\"https:\/\/static-blogs.hoy.es\/wp-content\/uploads\/sites\/24\/2012\/08\/BESOLOREN.jpg 2362w, https:\/\/static-blogs.hoy.es\/wp-content\/uploads\/sites\/24\/2012\/08\/BESOLOREN-150x98.jpg 150w, https:\/\/static-blogs.hoy.es\/wp-content\/uploads\/sites\/24\/2012\/08\/BESOLOREN-300x195.jpg 300w, https:\/\/static-blogs.hoy.es\/wp-content\/uploads\/sites\/24\/2012\/08\/BESOLOREN-768x500.jpg 768w, https:\/\/static-blogs.hoy.es\/wp-content\/uploads\/sites\/24\/2012\/08\/BESOLOREN-650x424.jpg 650w\" sizes=\"(max-width: 650px) 100vw, 650px\" \/><\/a><p id=\"caption-attachment-349\" class=\"wp-caption-text\">Un beso a la orilla del lago Alonso Vega, en Jara\u00edz de la Vera.<\/p><\/div>\n<p><strong>VER M\u00c1S FOTOS DE LA VERA <a href=\"http:\/\/www.hoy.es\/multimedia\/fotos\/cacerescaparate\/103579-mirada-atenta-pasion-vera-0.html\" target=\"_blank\" rel=\"external nofollow\"><span style=\"text-decoration: underline;\">AQU\u00cd<\/span><\/a><\/strong><\/p>\n<p><strong>La Mirada Atenta<\/strong> ha estado de descanso, pero no detenida, sino que se ha dedicado a mirar y fijarse en lo que quer\u00eda y apetec\u00eda, <strong>fuera noticia o no<\/strong>.\u00a0 En estos 15 d\u00edas de vacaciones, <strong>Lorenzo Cordero<\/strong> ha paseado su cuerpo serrano y su c\u00e1mara por las charcas y gargantas <strong>del interior de Extremadura<\/strong> dej\u00e1ndose atrapar por la belleza y la cotidianidad de los turistas que se refrescan en los <strong>para\u00edsos verdes del norte extreme\u00f1o<\/strong>.<!--more--><\/p>\n<p>Entre ba\u00f1o y ba\u00f1o ha ido preparando una buena carpeta de fotograf\u00edas que ilustran <strong>c\u00f3mo es la dolce vita en la comarca de la Vera<\/strong>, y que protagonizar\u00e1n <strong>varias series en este blog de la Mirada Atenta<\/strong>. La primera,\u00a0 <span style=\"text-decoration: underline;\"><strong>&#8216;Pasi\u00f3n en la Vera&#8217;<\/strong><\/span>, refleja c\u00f3mo el <strong>amor<\/strong> se desarrolla sin cortapisas, y de forma sana y natural, en el entorno de las charcas, donde se vive un ambiente muy familiar, pero tambi\u00e9n con un <strong>esp\u00edritu muy libre y respetuoso<\/strong> con lo que ocurre en cada peque\u00f1o espacio propio delimitado por una toalla situada en la hierba.<\/p>\n<p>Cordero recuerda que las cinco fotos que ilustran esta serie fueron realizadas en un breve espacio de tiempo, y adem\u00e1s sin pretenderlo, porque no iba buscando este tipo de escenas con la c\u00e1mara, sino que se produc\u00eda <strong>una corriente de conexi\u00f3n entre su c\u00e1mara y las parejas<\/strong>, que casi se mostraban m\u00e1s apasionadas cuando se daban cuenta que el objetivo se hab\u00eda fijado en ellas.<\/p>\n<p>Lorenzo, que es un romantic\u00f3n confeso, asegura sentirse encantado de haber podido comprobar con sus ojos y su c\u00e1mara que las expresiones de amor apasionadas ya no se esconden, y que muchas veces <strong>un flash contribuye a echar m\u00e1s le\u00f1a al fuego<\/strong>.<\/p>\n<p>&nbsp;<\/p>\n<p>&nbsp;<\/p>\n<!-- AddThis Advanced Settings generic via filter on the_content --><!-- AddThis Share Buttons generic via filter on the_content -->","protected":false},"excerpt":{"rendered":"<p>VER M\u00c1S FOTOS DE LA VERA AQU\u00cd La Mirada Atenta ha estado de descanso, pero no detenida, sino que se ha dedicado a mirar y fijarse en lo que quer\u00eda y apetec\u00eda, fuera noticia o no.\u00a0 En estos 15 d\u00edas de vacaciones, Lorenzo Cordero ha paseado su cuerpo serrano y su c\u00e1mara por las charcas [&hellip;]<!-- AddThis Advanced Settings generic via filter on get_the_excerpt --><!-- AddThis Share Buttons generic via filter on get_the_excerpt --><\/p>\n","protected":false},"author":29,"featured_media":0,"comment_status":"open","ping_status":"closed","sticky":false,"template":"","format":"standard","meta":[],"categories":[2],"tags":[16,44,110,124,126,155,172,179,212,222,223,226,229,271],"_links":{"self":[{"href":"https:\/\/blogs.hoy.es\/lamiradaatenta\/wp-json\/wp\/v2\/posts\/348"}],"collection":[{"href":"https:\/\/blogs.hoy.es\/lamiradaatenta\/wp-json\/wp\/v2\/posts"}],"about":[{"href":"https:\/\/blogs.hoy.es\/lamiradaatenta\/wp-json\/wp\/v2\/types\/post"}],"author":[{"embeddable":true,"href":"https:\/\/blogs.hoy.es\/lamiradaatenta\/wp-json\/wp\/v2\/users\/29"}],"replies":[{"embeddable":true,"href":"https:\/\/blogs.hoy.es\/lamiradaatenta\/wp-json\/wp\/v2\/comments?post=348"}],"version-history":[{"count":0,"href":"https:\/\/blogs.hoy.es\/lamiradaatenta\/wp-json\/wp\/v2\/posts\/348\/revisions"}],"wp:attachment":[{"href":"https:\/\/blogs.hoy.es\/lamiradaatenta\/wp-json\/wp\/v2\/media?parent=348"}],"wp:term":[{"taxonomy":"category","embeddable":true,"href":"https:\/\/blogs.hoy.es\/lamiradaatenta\/wp-json\/wp\/v2\/categories?post=348"},{"taxonomy":"post_tag","embeddable":true,"href":"https:\/\/blogs.hoy.es\/lamiradaatenta\/wp-json\/wp\/v2\/tags?post=348"}],"curies":[{"name":"wp","href":"https:\/\/api.w.org\/{rel}","templated":true}]}}