{"id":35,"date":"2012-03-19T11:05:01","date_gmt":"2012-03-19T11:05:01","guid":{"rendered":"http:\/\/blogs.hoy.es\/lamiradaatenta\/?p=35"},"modified":"2012-03-19T11:05:01","modified_gmt":"2012-03-19T11:05:01","slug":"35","status":"publish","type":"post","link":"https:\/\/blogs.hoy.es\/lamiradaatenta\/2012\/03\/19\/35\/","title":{"rendered":"Se acab\u00f3 la fiesta"},"content":{"rendered":"<div id=\"attachment_37\" style=\"width: 601px\" class=\"wp-caption aligncenter\"><a href=\"https:\/\/blogs.hoy.es\/lamiradaatenta\/2012\/03\/19\/35\/attachment\/011\/\" rel=\"attachment wp-att-37\"><img aria-describedby=\"caption-attachment-37\" loading=\"lazy\" class=\"size-full wp-image-37\" title=\"Antidisturbios de toda Extremadura intervinieron en la protesta de La Madrila contra los horarios de cierre (1991).\" src=\"\/lamiradaatenta\/wp-content\/uploads\/sites\/24\/2012\/03\/011.jpg\" alt=\"Antidisturbios de toda Extremadura intervinieron en la protesta de La Madrila contra los horarios de cierre (1991).\" width=\"591\" height=\"422\" srcset=\"https:\/\/static-blogs.hoy.es\/wp-content\/uploads\/sites\/24\/2012\/03\/011.jpg 591w, https:\/\/static-blogs.hoy.es\/wp-content\/uploads\/sites\/24\/2012\/03\/011-150x107.jpg 150w, https:\/\/static-blogs.hoy.es\/wp-content\/uploads\/sites\/24\/2012\/03\/011-300x214.jpg 300w\" sizes=\"(max-width: 591px) 100vw, 591px\" \/><\/a><p id=\"caption-attachment-37\" class=\"wp-caption-text\">Antidisturbios de toda Extremadura intervinieron en la protesta de La Madrila contra los horarios de cierre (1991).<\/p><\/div>\n<p>Era 1991. Se hab\u00eda acabado la fiesta en La Madrila. Antidisturbios llegados de fuera de Extremadura intervinieron en la protesta de los j\u00f3venes contra los horarios de cierre. El fot\u00f3grafo de prensa tiene que decidir en d\u00e9cimas de segundo para capturar lo esencial y no quedarse \u00fanicamente en lo anecd\u00f3tico o epid\u00e9rmico. Lorenzo Cordero ha trabajado diariamente para evitar que se pierdan en el universo de las sombras esas im\u00e1genes que tambi\u00e9n forman ya parte de nuestras vidas.<\/p>\n<!-- AddThis Advanced Settings generic via filter on the_content --><!-- AddThis Share Buttons generic via filter on the_content -->","protected":false},"excerpt":{"rendered":"<p>Era 1991. Se hab\u00eda acabado la fiesta en La Madrila. Antidisturbios llegados de fuera de Extremadura intervinieron en la protesta de los j\u00f3venes contra los horarios de cierre. El fot\u00f3grafo de prensa tiene que decidir en d\u00e9cimas de segundo para capturar lo esencial y no quedarse \u00fanicamente en lo anecd\u00f3tico o epid\u00e9rmico. Lorenzo Cordero ha [&hellip;]<!-- AddThis Advanced Settings generic via filter on get_the_excerpt --><!-- AddThis Share Buttons generic via filter on get_the_excerpt --><\/p>\n","protected":false},"author":29,"featured_media":0,"comment_status":"open","ping_status":"closed","sticky":false,"template":"","format":"standard","meta":[],"categories":[2],"tags":[18,34,94,124,126,163,179,182],"_links":{"self":[{"href":"https:\/\/blogs.hoy.es\/lamiradaatenta\/wp-json\/wp\/v2\/posts\/35"}],"collection":[{"href":"https:\/\/blogs.hoy.es\/lamiradaatenta\/wp-json\/wp\/v2\/posts"}],"about":[{"href":"https:\/\/blogs.hoy.es\/lamiradaatenta\/wp-json\/wp\/v2\/types\/post"}],"author":[{"embeddable":true,"href":"https:\/\/blogs.hoy.es\/lamiradaatenta\/wp-json\/wp\/v2\/users\/29"}],"replies":[{"embeddable":true,"href":"https:\/\/blogs.hoy.es\/lamiradaatenta\/wp-json\/wp\/v2\/comments?post=35"}],"version-history":[{"count":0,"href":"https:\/\/blogs.hoy.es\/lamiradaatenta\/wp-json\/wp\/v2\/posts\/35\/revisions"}],"wp:attachment":[{"href":"https:\/\/blogs.hoy.es\/lamiradaatenta\/wp-json\/wp\/v2\/media?parent=35"}],"wp:term":[{"taxonomy":"category","embeddable":true,"href":"https:\/\/blogs.hoy.es\/lamiradaatenta\/wp-json\/wp\/v2\/categories?post=35"},{"taxonomy":"post_tag","embeddable":true,"href":"https:\/\/blogs.hoy.es\/lamiradaatenta\/wp-json\/wp\/v2\/tags?post=35"}],"curies":[{"name":"wp","href":"https:\/\/api.w.org\/{rel}","templated":true}]}}