{"id":351,"date":"2012-08-06T18:29:32","date_gmt":"2012-08-06T16:29:32","guid":{"rendered":"http:\/\/blogs.hoy.es\/lamiradaatenta\/?p=351"},"modified":"2012-08-06T18:29:32","modified_gmt":"2012-08-06T16:29:32","slug":"saltar-sin-miedo","status":"publish","type":"post","link":"https:\/\/blogs.hoy.es\/lamiradaatenta\/2012\/08\/06\/saltar-sin-miedo\/","title":{"rendered":"Saltar sin miedo"},"content":{"rendered":"<div id=\"attachment_355\" style=\"width: 660px\" class=\"wp-caption aligncenter\"><a href=\"https:\/\/blogs.hoy.es\/lamiradaatenta\/2012\/08\/06\/saltar-sin-miedo\/saltolavera\/\" rel=\"attachment wp-att-355\"><img aria-describedby=\"caption-attachment-355\" loading=\"lazy\" class=\"size-large wp-image-355\" title=\"Salto al agua en la Gargantas de Cuartos, en la Vera.\" src=\"\/lamiradaatenta\/wp-content\/uploads\/sites\/24\/2012\/08\/SALTOLAVERA.jpg\" alt=\"Salto al agua en la Gargantas de Cuartos, en la Vera.\" width=\"650\" height=\"974\" srcset=\"https:\/\/static-blogs.hoy.es\/wp-content\/uploads\/sites\/24\/2012\/08\/SALTOLAVERA.jpg 1701w, https:\/\/static-blogs.hoy.es\/wp-content\/uploads\/sites\/24\/2012\/08\/SALTOLAVERA-100x150.jpg 100w, https:\/\/static-blogs.hoy.es\/wp-content\/uploads\/sites\/24\/2012\/08\/SALTOLAVERA-200x300.jpg 200w, https:\/\/static-blogs.hoy.es\/wp-content\/uploads\/sites\/24\/2012\/08\/SALTOLAVERA-768x1152.jpg 768w, https:\/\/static-blogs.hoy.es\/wp-content\/uploads\/sites\/24\/2012\/08\/SALTOLAVERA-650x975.jpg 650w\" sizes=\"(max-width: 650px) 100vw, 650px\" \/><\/a><p id=\"caption-attachment-355\" class=\"wp-caption-text\">Salto al agua en la Gargantas de Cuartos, en la Vera.<\/p><\/div>\n<p><a href=\"http:\/\/www.hoy.es\/multimedia\/fotos\/cacerescaparate\/103595-mirada-atenta-miedo-vacio-0.html\" target=\"_blank\" rel=\"external nofollow\"><span style=\"text-decoration: underline;\"><strong>M\u00c1S FOTOS DE SALTOS AL AGUA EN LA COMARCA DE LA VERA<\/strong><\/span><\/a>.<\/p>\n<p>&nbsp;<\/p>\n<p>La secuencia de un <strong>salto sin miedo al agua<\/strong> desde el puente de piedra de la <a href=\"http:\/\/objetivoextremadura.hoy.es\/fotos-extre888\/garganta-cuartos-946183.html\" target=\"_blank\" rel=\"external nofollow\">Garganta de Cuartos<\/a>, en la <a href=\"http:\/\/www.comarcadelavera.com\/2.0\/\" target=\"_blank\" rel=\"external nofollow\">comarca de la Vera<\/a>, es una foto que exist\u00eda ya desde antes de que fuera tomada. Exist\u00eda ya en la cabeza de la <strong>Mirada Atenta<\/strong>, y naci\u00f3 despu\u00e9s de varias visitas a este bello paraje del interior de Extremadura, en las que <strong>Lorenzo Cordero<\/strong> observ\u00f3 que el salto no ol\u00edmpico de los j\u00f3venes es una <strong>tradici\u00f3n que se repite desde generaciones en la zona<\/strong>.<!--more--><\/p>\n<p>La foto estaba, por tanto, milim\u00e9tricamente estudiada desde antes de su concepci\u00f3n, pero Lorenzo Cordero tuvo que echar mano de su <strong>empat\u00eda y su poder de seducci\u00f3<\/strong>n para convencer a uno de los saltadores de que se tirara del puente <strong>tres veces y en la misma posici\u00f3n<\/strong>, desde tres sitios distintos, hasta conseguir las tomas que pretend\u00eda. La <strong>espontaneidad necesita a veces de ensayo<\/strong>, y m\u00e1s en fotograf\u00eda, tal como saben los maestros de la imagen.<\/p>\n<p>Para realizar la secuencia que pretend\u00eda Cordero se coloc\u00f3 en un <strong>lugar escarpado, justo al borde de la ca\u00edda<\/strong>, en una posici\u00f3n un poco elevada por encima del puente. Mientras un ojo estaba pendiente del objetivo, <strong>el otro se miraba los pies<\/strong> para no caer al vac\u00edo, sobre las piedras.<\/p>\n<p>Por supuesto, el lugar elegido no se prestaba a portar ni colocar tr\u00edpode. La Mirada Atenta reconoce que con tr\u00edpode hubieran quedado mejor las fotos, pero no se hubieran hecho desde all\u00ed. <strong>Era, por tanto, foto sin tr\u00edpode o no foto<\/strong>, y se decant\u00f3 por lo primero, como en casi todas las ocasiones.<\/p>\n<p>A pulso realiz\u00f3 <strong>nueves disparos en menos de dos segundos<\/strong>, que es lo que tardaba en llegar el joven al agua, con la c\u00e1mara colocada en <strong>funci\u00f3n de r\u00e1faga, velocidad alta, objetivo angular, y un focal de 16 mil\u00edmetro<\/strong>s.<\/p>\n<p>Con las im\u00e1genes en el disco de memoria, el trabajo continu\u00f3 en casa frente al ordenador, ya que su pretensi\u00f3n era realizar una composici\u00f3n de toda la secuencia de la ca\u00edda, para lo que utiliz\u00f3 el<a href=\"http:\/\/www.adobe.com\/es\/products\/photoshop.html?kw=p&#038;sdid=JTXKJ&#038;skwcid=TC|22747|photoshop||S|b|12947920400\" target=\"_blank\" rel=\"external nofollow\"> programa Photoshop<\/a>, pero s\u00f3lo para unir las im\u00e1genes en el orden en el que fueron realizadas.<\/p>\n<p>Para una jornada de descanso en la Vera no estuvo mal la pesca.<\/p>\n<div id=\"attachment_352\" style=\"width: 660px\" class=\"wp-caption alignnone\"><a href=\"https:\/\/blogs.hoy.es\/lamiradaatenta\/2012\/08\/06\/saltar-sin-miedo\/secuenciasalto\/\" rel=\"attachment wp-att-352\"><img aria-describedby=\"caption-attachment-352\" loading=\"lazy\" class=\" wp-image-352\" title=\"La secuencia del salto, imagen a imagen.\" src=\"\/lamiradaatenta\/wp-content\/uploads\/sites\/24\/2012\/08\/SECUENCIASALTO.jpg\" alt=\"La secuencia del salto, imagen a imagen.\" width=\"650\" height=\"927\" srcset=\"https:\/\/static-blogs.hoy.es\/wp-content\/uploads\/sites\/24\/2012\/08\/SECUENCIASALTO.jpg 2551w, https:\/\/static-blogs.hoy.es\/wp-content\/uploads\/sites\/24\/2012\/08\/SECUENCIASALTO-105x150.jpg 105w, https:\/\/static-blogs.hoy.es\/wp-content\/uploads\/sites\/24\/2012\/08\/SECUENCIASALTO-210x300.jpg 210w, https:\/\/static-blogs.hoy.es\/wp-content\/uploads\/sites\/24\/2012\/08\/SECUENCIASALTO-768x1096.jpg 768w, https:\/\/static-blogs.hoy.es\/wp-content\/uploads\/sites\/24\/2012\/08\/SECUENCIASALTO-650x928.jpg 650w\" sizes=\"(max-width: 650px) 100vw, 650px\" \/><\/a><p id=\"caption-attachment-352\" class=\"wp-caption-text\">La secuencia del salto, imagen a imagen.<\/p><\/div>\n<p>&nbsp;<\/p>\n<!-- AddThis Advanced Settings generic via filter on the_content --><!-- AddThis Share Buttons generic via filter on the_content -->","protected":false},"excerpt":{"rendered":"<p>M\u00c1S FOTOS DE SALTOS AL AGUA EN LA COMARCA DE LA VERA. &nbsp; La secuencia de un salto sin miedo al agua desde el puente de piedra de la Garganta de Cuartos, en la comarca de la Vera, es una foto que exist\u00eda ya desde antes de que fuera tomada. Exist\u00eda ya en la cabeza [&hellip;]<!-- AddThis Advanced Settings generic via filter on get_the_excerpt --><!-- AddThis Share Buttons generic via filter on get_the_excerpt --><\/p>\n","protected":false},"author":29,"featured_media":0,"comment_status":"open","ping_status":"closed","sticky":false,"template":"","format":"standard","meta":[],"categories":[2],"tags":[],"_links":{"self":[{"href":"https:\/\/blogs.hoy.es\/lamiradaatenta\/wp-json\/wp\/v2\/posts\/351"}],"collection":[{"href":"https:\/\/blogs.hoy.es\/lamiradaatenta\/wp-json\/wp\/v2\/posts"}],"about":[{"href":"https:\/\/blogs.hoy.es\/lamiradaatenta\/wp-json\/wp\/v2\/types\/post"}],"author":[{"embeddable":true,"href":"https:\/\/blogs.hoy.es\/lamiradaatenta\/wp-json\/wp\/v2\/users\/29"}],"replies":[{"embeddable":true,"href":"https:\/\/blogs.hoy.es\/lamiradaatenta\/wp-json\/wp\/v2\/comments?post=351"}],"version-history":[{"count":0,"href":"https:\/\/blogs.hoy.es\/lamiradaatenta\/wp-json\/wp\/v2\/posts\/351\/revisions"}],"wp:attachment":[{"href":"https:\/\/blogs.hoy.es\/lamiradaatenta\/wp-json\/wp\/v2\/media?parent=351"}],"wp:term":[{"taxonomy":"category","embeddable":true,"href":"https:\/\/blogs.hoy.es\/lamiradaatenta\/wp-json\/wp\/v2\/categories?post=351"},{"taxonomy":"post_tag","embeddable":true,"href":"https:\/\/blogs.hoy.es\/lamiradaatenta\/wp-json\/wp\/v2\/tags?post=351"}],"curies":[{"name":"wp","href":"https:\/\/api.w.org\/{rel}","templated":true}]}}