{"id":357,"date":"2012-09-25T19:03:46","date_gmt":"2012-09-25T17:03:46","guid":{"rendered":"http:\/\/blogs.hoy.es\/lamiradaatenta\/?p=357"},"modified":"2012-09-25T19:03:46","modified_gmt":"2012-09-25T17:03:46","slug":"novatadas-de-ayer-y-de-hoy","status":"publish","type":"post","link":"https:\/\/blogs.hoy.es\/lamiradaatenta\/2012\/09\/25\/novatadas-de-ayer-y-de-hoy\/","title":{"rendered":"Novatadas de ayer y de hoy"},"content":{"rendered":"<div id=\"attachment_359\" style=\"width: 660px\" class=\"wp-caption aligncenter\"><a href=\"https:\/\/blogs.hoy.es\/lamiradaatenta\/2012\/09\/25\/novatadas-de-ayer-y-de-hoy\/novatadas-de-estudiantes-2\/\" rel=\"attachment wp-att-359\"><img aria-describedby=\"caption-attachment-359\" loading=\"lazy\" class=\"size-large wp-image-359\" title=\"Beso apasionado de dos j\u00f3venes durante las novatadas de 2008.\" src=\"\/lamiradaatenta\/wp-content\/uploads\/sites\/24\/2012\/09\/besonovatadas1.jpg\" alt=\"Beso apasionado de dos j\u00f3venes durante las novatadas de 2008.\" width=\"650\" height=\"433\" srcset=\"https:\/\/static-blogs.hoy.es\/wp-content\/uploads\/sites\/24\/2012\/09\/besonovatadas1.jpg 3104w, https:\/\/static-blogs.hoy.es\/wp-content\/uploads\/sites\/24\/2012\/09\/besonovatadas1-150x100.jpg 150w, https:\/\/static-blogs.hoy.es\/wp-content\/uploads\/sites\/24\/2012\/09\/besonovatadas1-300x200.jpg 300w, https:\/\/static-blogs.hoy.es\/wp-content\/uploads\/sites\/24\/2012\/09\/besonovatadas1-768x513.jpg 768w, https:\/\/static-blogs.hoy.es\/wp-content\/uploads\/sites\/24\/2012\/09\/besonovatadas1-650x434.jpg 650w\" sizes=\"(max-width: 650px) 100vw, 650px\" \/><\/a><p id=\"caption-attachment-359\" class=\"wp-caption-text\">Beso apasionado de dos j\u00f3venes durante las novatadas de 2008.<\/p><\/div>\n<p style=\"text-align: left;\"><span style=\"text-decoration: underline;\"><strong>FOTOGRAF\u00cdAS HIST\u00d3RICAS DE LAS NOVATADAS EN C\u00c1CERES 1998-2009<\/strong><\/span>. <a href=\"http:\/\/www.hoy.es\/multimedia\/fotos\/ultimos\/107100-mirada-atenta-novatadas-ayer-0.html\" target=\"_blank\" rel=\"external nofollow\">Pincha aqu\u00ed<\/a><\/p>\n<p style=\"text-align: left;\"><span style=\"text-decoration: underline;\"><strong>FOTOGRAF\u00cdAS DE LAS NOVATADAS DEL CURSO 2012-1013<\/strong><\/span>. <a href=\"http:\/\/www.hoy.es\/multimedia\/fotos\/caceres\/107027-comienzan-novatadas-caceres-0.html\" target=\"_blank\" rel=\"external nofollow\">Pincha aqu\u00ed<\/a>.<\/p>\n<p style=\"text-align: left;\"><strong>Eternamente joven<\/strong>. As\u00ed se siente Lorenzo Cordero tras someterse a su <strong>particular cura en la fuente de la eterna juventud cada mes de septiembre<\/strong>. Intu\u00edamos cu\u00e1l era su secreto, pero hoy lo ha desvelado sin un solo pesta\u00f1eo de sus grandes ojos azules de ni\u00f1o grande: no s\u00f3lo fotograf\u00eda <a href=\"http:\/\/www.hoy.es\/v\/20120925\/caceres\/novatos-llevan-juerga-centro-20120925.html\" target=\"_blank\" rel=\"external nofollow\">las novatadas<\/a> como reportero, sino que <strong>termina participando activamente en la fiesta<\/strong> como uno m\u00e1s. Y claro, eso quita arrugas.<!--more--><\/p>\n<p>La Mirada Atenta t<strong>iene sus trucos<\/strong> para conseguir buenas fotograf\u00edas, ya lo hemos contado en anteriores posts: se mimetiza con el ambiente, empatiza con los protagonistas, se adapta a cualquier situaci\u00f3n como un camale\u00f3n para no interferir en lo que sucede.<\/p>\n<p>Cuando el dolor empa\u00f1a el objetivo, se convierte en invisible, pesa menos que una hoja al lado de los dolientes para molestar lo menos posible.<\/p>\n<p>Cuando hay jaleo, y se reparten golpes o insultos en mitad de un tumulto, la Mirada Atenta se empeque\u00f1ece para meterse en cualquier hueco desde el que hacer la foto.<\/p>\n<div id=\"attachment_360\" style=\"width: 660px\" class=\"wp-caption aligncenter\"><a href=\"https:\/\/blogs.hoy.es\/lamiradaatenta\/2012\/09\/25\/novatadas-de-ayer-y-de-hoy\/novatadapolicia\/\" rel=\"attachment wp-att-360\"><img aria-describedby=\"caption-attachment-360\" loading=\"lazy\" class=\"size-large wp-image-360\" title=\"Tres j\u00f3venes bromeando con un polic\u00eda local que aguant\u00f3 el tipo estoicamente durante las novatadas de 2002.\" src=\"\/lamiradaatenta\/wp-content\/uploads\/sites\/24\/2012\/09\/novatadapolicia.jpg\" alt=\"Tres j\u00f3venes bromeando con un polic\u00eda local que aguant\u00f3 el tipo estoicamente durante las novatadas de 2002.\" width=\"650\" height=\"431\" srcset=\"https:\/\/static-blogs.hoy.es\/wp-content\/uploads\/sites\/24\/2012\/09\/novatadapolicia.jpg 2240w, https:\/\/static-blogs.hoy.es\/wp-content\/uploads\/sites\/24\/2012\/09\/novatadapolicia-150x100.jpg 150w, https:\/\/static-blogs.hoy.es\/wp-content\/uploads\/sites\/24\/2012\/09\/novatadapolicia-300x199.jpg 300w, https:\/\/static-blogs.hoy.es\/wp-content\/uploads\/sites\/24\/2012\/09\/novatadapolicia-768x510.jpg 768w, https:\/\/static-blogs.hoy.es\/wp-content\/uploads\/sites\/24\/2012\/09\/novatadapolicia-650x432.jpg 650w\" sizes=\"(max-width: 650px) 100vw, 650px\" \/><\/a><p id=\"caption-attachment-360\" class=\"wp-caption-text\">Tres j\u00f3venes bromeando con un polic\u00eda local que aguant\u00f3 el tipo estoicamente durante las novatadas de 2002.<\/p><\/div>\n<p>Y si los universitarios de C\u00e1ceres se echan a la calle para recordar a la ciudad de que existe vida m\u00e1s all\u00e1 del t\u00f3rrido verano de la dehesa, Cordero se transforma en un estudiante m\u00e1s que canta y se agarra a los j\u00f3venes que <strong>celebran la vid<\/strong>a como si nunca fuera a llegar el paro, las letras de la hipoteca, o el peso de las preocupaciones.<\/p>\n<p>Eso s\u00ed, no deja de hacer fotos ni un solo momento mientras que recorre, rinc\u00f3n a rinc\u00f3n, las calles del centro por las que se desparrama el bullicio alegre de los novatos y veteranos al igual que el alcohol y las consabidas molestias para el resto de los vecinos.<\/p>\n<p>Antes, las novatadas universitarias se celebraban en el campus hasta que fueron prohibidas despu\u00e9s de que el jaleo formado superase los l\u00edmites de la cordura que se esperan en un recinto acad\u00e9mico. Al salir de la zona universitaria, las novatadas han regalado <a href=\"http:\/\/www.hoy.es\/multimedia\/fotos\/caceres\/107027-comienzan-novatadas-caceres-0.html\" target=\"_blank\" rel=\"external nofollow\">mejores escenarios y m\u00e1s espontaneidad al objetivo de la Mirada Atenta<\/a>, ya que la foto, la buena foto, puede esperarle a la vuelta de cualquier esquina.<\/p>\n<div id=\"attachment_361\" style=\"width: 660px\" class=\"wp-caption aligncenter\"><a href=\"https:\/\/blogs.hoy.es\/lamiradaatenta\/2012\/09\/25\/novatadas-de-ayer-y-de-hoy\/novatada2012\/\" rel=\"attachment wp-att-361\"><img aria-describedby=\"caption-attachment-361\" loading=\"lazy\" class=\"size-large wp-image-361\" title=\"Primer d\u00eda de novatadas en el curso 2012-2013. Los estudiantes sienten el objetivo de La Mirada Atenta como uno m\u00e1s, de ah\u00ed la sonrisa de complicidad.\" src=\"\/lamiradaatenta\/wp-content\/uploads\/sites\/24\/2012\/09\/novatada2012.jpg\" alt=\"Primer d\u00eda de novatadas en el curso 2012-2013. Los estudiantes sienten el objetivo de La Mirada Atenta como uno m\u00e1s, de ah\u00ed la sonrisa de complicidad.\" width=\"650\" height=\"433\" srcset=\"https:\/\/static-blogs.hoy.es\/wp-content\/uploads\/sites\/24\/2012\/09\/novatada2012.jpg 3504w, https:\/\/static-blogs.hoy.es\/wp-content\/uploads\/sites\/24\/2012\/09\/novatada2012-150x100.jpg 150w, https:\/\/static-blogs.hoy.es\/wp-content\/uploads\/sites\/24\/2012\/09\/novatada2012-300x200.jpg 300w, https:\/\/static-blogs.hoy.es\/wp-content\/uploads\/sites\/24\/2012\/09\/novatada2012-768x512.jpg 768w, https:\/\/static-blogs.hoy.es\/wp-content\/uploads\/sites\/24\/2012\/09\/novatada2012-650x433.jpg 650w\" sizes=\"(max-width: 650px) 100vw, 650px\" \/><\/a><p id=\"caption-attachment-361\" class=\"wp-caption-text\">Primer d\u00eda de novatadas en el curso 2012-2013. Los estudiantes sienten el objetivo de La Mirada Atenta como uno m\u00e1s, de ah\u00ed la sonrisa de complicidad.<\/p><\/div>\n<p>Lorenzo Cordero ya lleva dos d\u00edas haciendo fotos de novatadas, y el entusiasmo juvenil que le acompa\u00f1a en su trabajo es creciente. Un d\u00eda m\u00e1s y se habr\u00e1 quitado unas cuantas arrugas de la frente. Si es que no hay nada como sentirse joven. La transformaci\u00f3n recorre las venas por dentro.<\/p>\n<!-- AddThis Advanced Settings generic via filter on the_content --><!-- AddThis Share Buttons generic via filter on the_content -->","protected":false},"excerpt":{"rendered":"<p>FOTOGRAF\u00cdAS HIST\u00d3RICAS DE LAS NOVATADAS EN C\u00c1CERES 1998-2009. Pincha aqu\u00ed FOTOGRAF\u00cdAS DE LAS NOVATADAS DEL CURSO 2012-1013. Pincha aqu\u00ed. Eternamente joven. As\u00ed se siente Lorenzo Cordero tras someterse a su particular cura en la fuente de la eterna juventud cada mes de septiembre. Intu\u00edamos cu\u00e1l era su secreto, pero hoy lo ha desvelado sin un [&hellip;]<!-- AddThis Advanced Settings generic via filter on get_the_excerpt --><!-- AddThis Share Buttons generic via filter on get_the_excerpt --><\/p>\n","protected":false},"author":29,"featured_media":0,"comment_status":"open","ping_status":"closed","sticky":false,"template":"","format":"standard","meta":[],"categories":[2],"tags":[],"_links":{"self":[{"href":"https:\/\/blogs.hoy.es\/lamiradaatenta\/wp-json\/wp\/v2\/posts\/357"}],"collection":[{"href":"https:\/\/blogs.hoy.es\/lamiradaatenta\/wp-json\/wp\/v2\/posts"}],"about":[{"href":"https:\/\/blogs.hoy.es\/lamiradaatenta\/wp-json\/wp\/v2\/types\/post"}],"author":[{"embeddable":true,"href":"https:\/\/blogs.hoy.es\/lamiradaatenta\/wp-json\/wp\/v2\/users\/29"}],"replies":[{"embeddable":true,"href":"https:\/\/blogs.hoy.es\/lamiradaatenta\/wp-json\/wp\/v2\/comments?post=357"}],"version-history":[{"count":0,"href":"https:\/\/blogs.hoy.es\/lamiradaatenta\/wp-json\/wp\/v2\/posts\/357\/revisions"}],"wp:attachment":[{"href":"https:\/\/blogs.hoy.es\/lamiradaatenta\/wp-json\/wp\/v2\/media?parent=357"}],"wp:term":[{"taxonomy":"category","embeddable":true,"href":"https:\/\/blogs.hoy.es\/lamiradaatenta\/wp-json\/wp\/v2\/categories?post=357"},{"taxonomy":"post_tag","embeddable":true,"href":"https:\/\/blogs.hoy.es\/lamiradaatenta\/wp-json\/wp\/v2\/tags?post=357"}],"curies":[{"name":"wp","href":"https:\/\/api.w.org\/{rel}","templated":true}]}}