{"id":363,"date":"2012-10-19T19:19:10","date_gmt":"2012-10-19T17:19:10","guid":{"rendered":"http:\/\/blogs.hoy.es\/lamiradaatenta\/?p=363"},"modified":"2012-10-19T19:19:10","modified_gmt":"2012-10-19T17:19:10","slug":"manifiesto-por-una-imagen-completa-de-manifestacion","status":"publish","type":"post","link":"https:\/\/blogs.hoy.es\/lamiradaatenta\/2012\/10\/19\/manifiesto-por-una-imagen-completa-de-manifestacion\/","title":{"rendered":"Manifiesto por una imagen completa, polic\u00edas incluidos"},"content":{"rendered":"<div id=\"attachment_365\" style=\"width: 660px\" class=\"wp-caption aligncenter\"><a href=\"https:\/\/blogs.hoy.es\/lamiradaatenta\/2012\/10\/19\/manifiesto-por-una-imagen-completa-de-manifestacion\/manifestacion-de-estudiantes-para-protestar-por-la-subida-del-autobus\/\" rel=\"attachment wp-att-365\"><img aria-describedby=\"caption-attachment-365\" loading=\"lazy\" class=\"size-large wp-image-365\" title=\"Manifestaci\u00f3n de estudiantes en C\u00e1ceres contra la subida del precio del autob\u00fas, en el a\u00f1o 2000.\" src=\"\/lamiradaatenta\/wp-content\/uploads\/sites\/24\/2012\/10\/ESTUDIANTES-BUS-02.jpg\" alt=\"Manifestaci\u00f3n de estudiantes en C\u00e1ceres contra la subida del precio del autob\u00fas, en el a\u00f1o 2000.\" width=\"650\" height=\"408\" srcset=\"https:\/\/static-blogs.hoy.es\/wp-content\/uploads\/sites\/24\/2012\/10\/ESTUDIANTES-BUS-02.jpg 1552w, https:\/\/static-blogs.hoy.es\/wp-content\/uploads\/sites\/24\/2012\/10\/ESTUDIANTES-BUS-02-150x94.jpg 150w, https:\/\/static-blogs.hoy.es\/wp-content\/uploads\/sites\/24\/2012\/10\/ESTUDIANTES-BUS-02-300x189.jpg 300w, https:\/\/static-blogs.hoy.es\/wp-content\/uploads\/sites\/24\/2012\/10\/ESTUDIANTES-BUS-02-768x483.jpg 768w, https:\/\/static-blogs.hoy.es\/wp-content\/uploads\/sites\/24\/2012\/10\/ESTUDIANTES-BUS-02-650x409.jpg 650w\" sizes=\"(max-width: 650px) 100vw, 650px\" \/><\/a><p id=\"caption-attachment-365\" class=\"wp-caption-text\">Manifestaci\u00f3n de estudiantes en C\u00e1ceres contra la subida del precio del autob\u00fas, en el a\u00f1o 2000.<\/p><\/div>\n<p>Lorenzo Cordero lleva toda su vida profesional fotografiando manifestaciones de todo tipo. Son actos de la vida cotidiana de un <strong>reportero de calle<\/strong> que, si es veterano, ya sabe de qu\u00e9 va la cosa cuando acude a tomar im\u00e1genes de una protesta ciudadana convocada en la calle, aunque <strong>no siempre imagina cu\u00e1l ser\u00e1 su desarrollo<\/strong>.<!--more--><\/p>\n<p>Las manifestaciones\u00a0 transcurren, en la mayor\u00eda de las veces, de la misma forma, como una <strong>coreograf\u00eda aprendida en el que todos los bailarines se saben su papel<\/strong>: los manifestantes despliegan sus pancartas; alguien saca el meg\u00e1fono y va animando el cotarro con las consignas previamente pensadas;\u00a0 los polic\u00edas nacionales desplegados en la zona observan con discreci\u00f3n el movimiento, y algunos agentes que van de paisano observan con disimulo, pero con inter\u00e9s, y van contando manifestantes para su informe posterior; algunos viandantes se suman, y otros pasan como pueden con prisa entre el atasco; los periodistas escuchan las reivindicaciones y tratan de averiguar cu\u00e1les ser\u00e1n los siguientes movimientos.<\/p>\n<div id=\"attachment_374\" style=\"width: 660px\" class=\"wp-caption aligncenter\"><a href=\"https:\/\/blogs.hoy.es\/lamiradaatenta\/2012\/10\/19\/manifiesto-por-una-imagen-completa-de-manifestacion\/brozas-1986\/\" rel=\"attachment wp-att-374\"><img aria-describedby=\"caption-attachment-374\" loading=\"lazy\" class=\"size-large wp-image-374\" title=\"Manifestaci\u00f3n de estudiantes reivindicando un instituto para Brozas celebrada en febrero de 1996.\" src=\"\/lamiradaatenta\/wp-content\/uploads\/sites\/24\/2012\/10\/brozas-1986.jpg\" alt=\"Manifestaci\u00f3n de estudiantes reivindicando un instituto para Brozas celebrada en febrero de 1996.\" width=\"650\" height=\"463\" srcset=\"https:\/\/static-blogs.hoy.es\/wp-content\/uploads\/sites\/24\/2012\/10\/brozas-1986.jpg 2028w, https:\/\/static-blogs.hoy.es\/wp-content\/uploads\/sites\/24\/2012\/10\/brozas-1986-150x107.jpg 150w, https:\/\/static-blogs.hoy.es\/wp-content\/uploads\/sites\/24\/2012\/10\/brozas-1986-300x214.jpg 300w, https:\/\/static-blogs.hoy.es\/wp-content\/uploads\/sites\/24\/2012\/10\/brozas-1986-768x548.jpg 768w, https:\/\/static-blogs.hoy.es\/wp-content\/uploads\/sites\/24\/2012\/10\/brozas-1986-650x463.jpg 650w\" sizes=\"(max-width: 650px) 100vw, 650px\" \/><\/a><p id=\"caption-attachment-374\" class=\"wp-caption-text\">Manifestaci\u00f3n de estudiantes reivindicando un instituto para Brozas celebrada en febrero de 1996.<\/p><\/div>\n<p>A veces los \u00e1nimos est\u00e1n crispados, y una chispa puede provocar un incendio. Cuando eso ocurre, la <strong>Mirada Atenta<\/strong> nunca ha dado un paso atr\u00e1s. Como el buen torero que acerca el capote, <strong>Cordero acerca su objetivo lo m\u00e1s pr\u00f3ximo posible a la noticia<\/strong>, aunque ello le suponga llevarse alg\u00fan codazo que no iba destinado a \u00e9l.<\/p>\n<p>Despu\u00e9s de tantos a\u00f1os fotograf\u00edando protestas, Lorenzo Cordero sabe c\u00f3mo ponerse en el medio de cualquier manifestaci\u00f3n e <strong>integrarse en el paisaje<\/strong> sin destacar m\u00e1s de la cuenta. Conoce a la mayor\u00eda de los representantes de los colectivos que se han manifestado en C\u00e1ceres en las dos \u00faltimas d\u00e9cadas, y es amigo de muchos de los polic\u00edas nacionales que acuden de forma rutinaria a este tipo de eventos. Con respeto, <strong>ha sabido hacerse respetar<\/strong>.<\/p>\n<p>En una de las \u00fatimas, celebradas en C\u00e1ceres, fue fotografiado en mitad de la multitud, y los que no le conocen no podr\u00edan decir qui\u00e9n era el fot\u00f3grafo profesional, si \u00e9l, o la manifestante que estaba a su lado, que tambi\u00e9n estaba con la c\u00e1mara.<\/p>\n<div id=\"attachment_367\" style=\"width: 660px\" class=\"wp-caption aligncenter\"><a href=\"https:\/\/blogs.hoy.es\/lamiradaatenta\/2012\/10\/19\/manifiesto-por-una-imagen-completa-de-manifestacion\/estudiantesconloren-2\/\" rel=\"attachment wp-att-367\"><img aria-describedby=\"caption-attachment-367\" loading=\"lazy\" class=\"size-large wp-image-367\" title=\"Lorenzo sentado en mitad de una manifestaci\u00f3n junto a una estudiante que tambi\u00e9n tomaba fotograf\u00edas.\" src=\"\/lamiradaatenta\/wp-content\/uploads\/sites\/24\/2012\/10\/estudiantesconloren1.jpg\" alt=\"Lorenzo sentado en mitad de una manifestaci\u00f3n junto a una estudiante que tambi\u00e9n tomaba fotograf\u00edas.\" width=\"650\" height=\"431\" srcset=\"https:\/\/static-blogs.hoy.es\/wp-content\/uploads\/sites\/24\/2012\/10\/estudiantesconloren1.jpg 1024w, https:\/\/static-blogs.hoy.es\/wp-content\/uploads\/sites\/24\/2012\/10\/estudiantesconloren1-150x100.jpg 150w, https:\/\/static-blogs.hoy.es\/wp-content\/uploads\/sites\/24\/2012\/10\/estudiantesconloren1-300x199.jpg 300w, https:\/\/static-blogs.hoy.es\/wp-content\/uploads\/sites\/24\/2012\/10\/estudiantesconloren1-768x510.jpg 768w, https:\/\/static-blogs.hoy.es\/wp-content\/uploads\/sites\/24\/2012\/10\/estudiantesconloren1-650x432.jpg 650w\" sizes=\"(max-width: 650px) 100vw, 650px\" \/><\/a><p id=\"caption-attachment-367\" class=\"wp-caption-text\">Lorenzo sentado en mitad de una manifestaci\u00f3n junto a una estudiante que tambi\u00e9n tomaba fotograf\u00edas.<\/p><\/div>\n<p>Ahora, como la mayor\u00eda de los defensores de la libertad de informaci\u00f3n en este pa\u00eds, escucha at\u00f3nito <a href=\"http:\/\/www.hoy.es\/rc\/20121019\/mas-actualidad\/nacional\/interior-confirma-estudia-prohibir-201210191657.html\" target=\"_blank\" rel=\"external nofollow\">el anuncio de Interior de prohibir, no se sabe c\u00f3mo, que se tomen y difundan im\u00e1genes de polic\u00edas<\/a>. Si forman parte del paisaje, de la sociedad espa\u00f1ola que fotograf\u00eda, <strong>c\u00f3mo evitar que salgan retratados unos personajes que juega un papel obligado en la mayor\u00eda de los eventos p\u00fablicos<\/strong>. \u00bfHar\u00e1 fotograf\u00edas y luego eliminar\u00e1 con el Photoshop no s\u00f3lo su cara, como ya hace para proteger la seguridad de\u00a0 los agentes, sino tambi\u00e9n su silueta?<\/p>\n<p>\u00bfC\u00f3mo podr\u00e1n saber\u00a0 los vigilantes de la prohibici\u00f3n, y con certeza, cu\u00e1ndo se pretende denigrar la imagen que captura el reportero con su objetivo? \u00bfC\u00f3mo fotografiar eventos y panor\u00e1micas, en los que algunos personajes deber\u00e1n hacerse, por ley, invisibles?<\/p>\n<p>Y lo peor, una vez asumida esta prohibici\u00f3n, \u00bfqu\u00e9 personajes p\u00fablicos pueden ser denostados o su imagen degradada con mala intenci\u00f3n si se les toma una fotograf\u00eda? \u00bfCu\u00e1les pedir\u00e1n formar parte de la lista de los intocables en Espa\u00f1a, de los<strong> silueteados sin rostro y fondo gris<\/strong>?<\/p>\n<div id=\"attachment_373\" style=\"width: 660px\" class=\"wp-caption aligncenter\"><a href=\"https:\/\/blogs.hoy.es\/lamiradaatenta\/2012\/10\/19\/manifiesto-por-una-imagen-completa-de-manifestacion\/loren_manifa-08-2-3\/\" rel=\"attachment wp-att-373\"><img aria-describedby=\"caption-attachment-373\" loading=\"lazy\" class=\"size-large wp-image-373\" title=\"Un polic\u00eda nacional impide el paso a varios estudiantes en la manifestaci\u00f3n celebrada en C\u00e1ceres el 17 de octubre de 2012.\" src=\"\/lamiradaatenta\/wp-content\/uploads\/sites\/24\/2012\/10\/LOREN_MANIFA-08-22.jpg\" alt=\"Un polic\u00eda nacional impide el paso a varios estudiantes en la manifestaci\u00f3n celebrada en C\u00e1ceres el 17 de octubre de 2012.\" width=\"650\" height=\"433\" srcset=\"https:\/\/static-blogs.hoy.es\/wp-content\/uploads\/sites\/24\/2012\/10\/LOREN_MANIFA-08-22.jpg 3150w, https:\/\/static-blogs.hoy.es\/wp-content\/uploads\/sites\/24\/2012\/10\/LOREN_MANIFA-08-22-150x100.jpg 150w, https:\/\/static-blogs.hoy.es\/wp-content\/uploads\/sites\/24\/2012\/10\/LOREN_MANIFA-08-22-300x200.jpg 300w, https:\/\/static-blogs.hoy.es\/wp-content\/uploads\/sites\/24\/2012\/10\/LOREN_MANIFA-08-22-768x512.jpg 768w, https:\/\/static-blogs.hoy.es\/wp-content\/uploads\/sites\/24\/2012\/10\/LOREN_MANIFA-08-22-650x433.jpg 650w\" sizes=\"(max-width: 650px) 100vw, 650px\" \/><\/a><p id=\"caption-attachment-373\" class=\"wp-caption-text\">Un polic\u00eda nacional impide el paso a varios estudiantes en la manifestaci\u00f3n celebrada en C\u00e1ceres el 17 de octubre de 2012.<\/p><\/div>\n<p><strong>\u00bfC\u00f3mo ser\u00eda esta fotograf\u00eda sin que saliera la imagen del polic\u00eda?<\/strong> \u00bfQu\u00e9 se supone que mirar\u00eda con sorpresa y prevenci\u00f3n la joven en primer plano? \u00bfPor qu\u00e9 detuvieron los manifestantes su carrera de forma abrupta? \u00bfSi estuviera prohibido fotografiarle, a qui\u00e9n dirigir\u00eda el polic\u00eda su gesto: a los manifestantes o al reportero?<\/p>\n<p><strong>Lorenzo Cordero<\/strong>, como reportero comprometido con su trabajo, recomienda a los interesados en este debate que lean el siguiente post en el que <a href=\"http:\/\/www.quesabesde.com\/noticias\/reportaje-policias-fotografos-parte-1,1_5289\" target=\"_blank\" rel=\"external nofollow\">otros periodistas que trabajan a diario cerca de los polic\u00edas cuentan sus experiencias<\/a>.<\/p>\n<p>&nbsp;<\/p>\n<p>&nbsp;<\/p>\n<!-- AddThis Advanced Settings generic via filter on the_content --><!-- AddThis Share Buttons generic via filter on the_content -->","protected":false},"excerpt":{"rendered":"<p>Lorenzo Cordero lleva toda su vida profesional fotografiando manifestaciones de todo tipo. Son actos de la vida cotidiana de un reportero de calle que, si es veterano, ya sabe de qu\u00e9 va la cosa cuando acude a tomar im\u00e1genes de una protesta ciudadana convocada en la calle, aunque no siempre imagina cu\u00e1l ser\u00e1 su desarrollo.<!-- AddThis Advanced Settings generic via filter on get_the_excerpt --><!-- AddThis Share Buttons generic via filter on get_the_excerpt --><\/p>\n","protected":false},"author":29,"featured_media":0,"comment_status":"open","ping_status":"closed","sticky":false,"template":"","format":"standard","meta":[],"categories":[2],"tags":[34,60,106,110,124,126,174,175,185,195,229,231,242,257,264],"_links":{"self":[{"href":"https:\/\/blogs.hoy.es\/lamiradaatenta\/wp-json\/wp\/v2\/posts\/363"}],"collection":[{"href":"https:\/\/blogs.hoy.es\/lamiradaatenta\/wp-json\/wp\/v2\/posts"}],"about":[{"href":"https:\/\/blogs.hoy.es\/lamiradaatenta\/wp-json\/wp\/v2\/types\/post"}],"author":[{"embeddable":true,"href":"https:\/\/blogs.hoy.es\/lamiradaatenta\/wp-json\/wp\/v2\/users\/29"}],"replies":[{"embeddable":true,"href":"https:\/\/blogs.hoy.es\/lamiradaatenta\/wp-json\/wp\/v2\/comments?post=363"}],"version-history":[{"count":0,"href":"https:\/\/blogs.hoy.es\/lamiradaatenta\/wp-json\/wp\/v2\/posts\/363\/revisions"}],"wp:attachment":[{"href":"https:\/\/blogs.hoy.es\/lamiradaatenta\/wp-json\/wp\/v2\/media?parent=363"}],"wp:term":[{"taxonomy":"category","embeddable":true,"href":"https:\/\/blogs.hoy.es\/lamiradaatenta\/wp-json\/wp\/v2\/categories?post=363"},{"taxonomy":"post_tag","embeddable":true,"href":"https:\/\/blogs.hoy.es\/lamiradaatenta\/wp-json\/wp\/v2\/tags?post=363"}],"curies":[{"name":"wp","href":"https:\/\/api.w.org\/{rel}","templated":true}]}}