{"id":380,"date":"2012-11-22T20:31:56","date_gmt":"2012-11-22T19:31:56","guid":{"rendered":"http:\/\/blogs.hoy.es\/lamiradaatenta\/?p=380"},"modified":"2012-11-22T20:31:56","modified_gmt":"2012-11-22T19:31:56","slug":"la-arruga-es-bella","status":"publish","type":"post","link":"https:\/\/blogs.hoy.es\/lamiradaatenta\/2012\/11\/22\/la-arruga-es-bella\/","title":{"rendered":"La arruga es bella"},"content":{"rendered":"<div id=\"attachment_382\" style=\"width: 660px\" class=\"wp-caption aligncenter\"><a href=\"https:\/\/blogs.hoy.es\/lamiradaatenta\/2012\/11\/22\/la-arruga-es-bella\/loren_viejos-hervas-1991-01\/\" rel=\"attachment wp-att-382\"><img aria-describedby=\"caption-attachment-382\" loading=\"lazy\" class=\"size-large wp-image-382\" title=\"Un vecino de Herv\u00e1s, con toda la vida concentrada en los ojos (1991).\" src=\"\/lamiradaatenta\/wp-content\/uploads\/sites\/24\/2012\/11\/LOREN_VIEJOS-HERVAS-1991-01.jpg\" alt=\"Un vecino de Herv\u00e1s, con toda la vida concentrada en los ojos (1991).\" width=\"650\" height=\"409\" srcset=\"https:\/\/static-blogs.hoy.es\/wp-content\/uploads\/sites\/24\/2012\/11\/LOREN_VIEJOS-HERVAS-1991-01.jpg 1575w, https:\/\/static-blogs.hoy.es\/wp-content\/uploads\/sites\/24\/2012\/11\/LOREN_VIEJOS-HERVAS-1991-01-150x95.jpg 150w, https:\/\/static-blogs.hoy.es\/wp-content\/uploads\/sites\/24\/2012\/11\/LOREN_VIEJOS-HERVAS-1991-01-300x189.jpg 300w, https:\/\/static-blogs.hoy.es\/wp-content\/uploads\/sites\/24\/2012\/11\/LOREN_VIEJOS-HERVAS-1991-01-768x484.jpg 768w, https:\/\/static-blogs.hoy.es\/wp-content\/uploads\/sites\/24\/2012\/11\/LOREN_VIEJOS-HERVAS-1991-01-650x410.jpg 650w\" sizes=\"(max-width: 650px) 100vw, 650px\" \/><\/a><p id=\"caption-attachment-382\" class=\"wp-caption-text\">Un vecino de Herv\u00e1s, con toda la vida concentrada en los ojos (1991).<\/p><\/div>\n<p><strong>SERIE SOBRE LOS \u00daLTIMOS VECINOS DE PUEBLOS DEL NORTE DE EXTREMADURA. <a href=\"http:\/\/www.hoy.es\/multimedia\/fotos\/caceres\/110405-mirada-atenta-arruga-bella-0.html\" target=\"_blank\" rel=\"external nofollow\">VER TODAS LAS FOTOS AQUI<\/a>.<\/strong><\/p>\n<p>&nbsp;<\/p>\n<p>Lo ves cogiendo el macuto y cargando con un objetivo que abulta m\u00e1s que \u00e9l, y no lo imaginas. <strong>Lorenzo Cordero<\/strong> tiene la <strong>pinta de reportero de prensa<\/strong>, se mueve como un reportero, corre como un reportero, y da codazos, cuando hace falta, como un reportero. Su arrojo ante cualquier circunstancia es lo que despista. Parece que debajo de su camisa hay una piel\u00a0 curtida en mil batallas, pero lo que hay es un <strong>alma sensible, que aletea con la belleza<\/strong>.<!--more--><\/p>\n<p>Lorenzo se carcajea cuando habla de <a href=\"https:\/\/blogs.hoy.es\/lamiradaatenta\/2012\/06\/26\/para-descansar-fotos-de-moda\/\" target=\"_blank\"><strong>chicas guapas<\/strong><\/a>, y se <strong>esconde de la Guardia Civil<\/strong> para colarse en los <a href=\"https:\/\/blogs.hoy.es\/lamiradaatenta\/2012\/06\/15\/cuando-el-objetivo-quema\/\" target=\"_blank\">incendios<\/a>, pero los ojos se le van <strong>detr\u00e1s del mundo consiguiendo su mejor perfil<\/strong>. No es que sus fotos resulten bonitas, es que consigue que todos descubramos lo bonito que es todo lo que nos rodea, y que miramos apenas sin ver.<\/p>\n<p>As\u00ed nos sorprende de nuevo con su serie de fotograf\u00edas tomadas en los \u00fa<strong>ltimos 20 a\u00f1os en diversos viajes realizados por el norte de Extremadura<\/strong>. El post surgi\u00f3 precisamente hablando del <strong>futuro de Extremadura<\/strong> dibujado por la \u00faltima proyecci\u00f3n de poblaci\u00f3n realizada por el <a href=\"http:\/\/www.ine.es\/prensa\/np744.pdf\" target=\"_blank\" rel=\"external nofollow\"><strong>INE<\/strong><\/a>, que nos retrata como una <a href=\"http:\/\/blogs.hoy.es\/extredato\/2012\/11\/19\/extremadura-tendra-19000-habitantes-menos-diez\/\" target=\"_blank\">futura regi\u00f3n <strong>habitada por viejos muy viejos<\/strong><\/a>, que estar\u00e1n pendientes de las visitas y de las llamadas de los <strong>hijos que emigraron<\/strong> en masa a otras regiones y a otros pa\u00edses.<\/p>\n<p>Pero es que, como ha comprobado Lorenzo en sus viajes por el norte de C\u00e1ceres, ese futuro hipot\u00e9tico es ya una realidad en muchos pueblos extreme\u00f1os, habitados en la actualidad casi en exclusiva por abuelos, por mayores solitarios que, cada vez, <strong>se van quedando m\u00e1s solos<\/strong>.<\/p>\n<p>Es por eso que una de las fotograf\u00edas que m\u00e1s le gustan de esta serie es la de <strong>unas ni\u00f1as que r\u00eden en la comarca de las Hurdes<\/strong>, porque sus risas infantiles resonaban como campanas en el pueblo casi vac\u00edo. El resto del escenario de la foto son viejos que observan y un mundo antiguo a punto de extinguirse.<\/p>\n<div id=\"attachment_383\" style=\"width: 660px\" class=\"wp-caption aligncenter\"><a href=\"https:\/\/blogs.hoy.es\/lamiradaatenta\/2012\/11\/22\/la-arruga-es-bella\/ninasriendo\/\" rel=\"attachment wp-att-383\"><img aria-describedby=\"caption-attachment-383\" loading=\"lazy\" class=\"size-large wp-image-383\" title=\"Ni\u00f1as riendo, de las pocas que quedaban ya entonces, en las Hurdes (1998)\" src=\"\/lamiradaatenta\/wp-content\/uploads\/sites\/24\/2012\/11\/ni\u00f1asriendo.jpg\" alt=\"Ni\u00f1as riendo, de las pocas que quedaban ya entonces, en las Hurdes (1998)\" width=\"650\" height=\"1019\" srcset=\"https:\/\/static-blogs.hoy.es\/wp-content\/uploads\/sites\/24\/2012\/11\/ni\u00f1asriendo.jpg 1004w, https:\/\/static-blogs.hoy.es\/wp-content\/uploads\/sites\/24\/2012\/11\/ni\u00f1asriendo-96x150.jpg 96w, https:\/\/static-blogs.hoy.es\/wp-content\/uploads\/sites\/24\/2012\/11\/ni\u00f1asriendo-191x300.jpg 191w, https:\/\/static-blogs.hoy.es\/wp-content\/uploads\/sites\/24\/2012\/11\/ni\u00f1asriendo-768x1205.jpg 768w, https:\/\/static-blogs.hoy.es\/wp-content\/uploads\/sites\/24\/2012\/11\/ni\u00f1asriendo-650x1020.jpg 650w\" sizes=\"(max-width: 650px) 100vw, 650px\" \/><\/a><p id=\"caption-attachment-383\" class=\"wp-caption-text\">Ni\u00f1as riendo, de las pocas que quedaban ya entonces, en las Hurdes (1998)<\/p><\/div>\n<p>Yo tambi\u00e9n tengo mi favorita, que es la de la <strong>se\u00f1ora mayor que se dobla con la agilidad de una equilibrista experimentada para coger agua en un cubo<\/strong> de un arroyo en las Hurdes. Fortalezas como la suya en una persona tan mayor apenas se ve en los centros de salud de las grandes ciudades, y adem\u00e1s su pinta me suena. Su forma de vestir, de reirse en la laboriosidad, la agilidad de la mujer que nunca se cansa porque no puede, <strong>forma parte de los recuerdos de mi infancia en el pueblo de mi madre<\/strong>, tambi\u00e9n en el norte de Extremadura.<\/p>\n<div id=\"attachment_384\" style=\"width: 660px\" class=\"wp-caption aligncenter\"><a href=\"https:\/\/blogs.hoy.es\/lamiradaatenta\/2012\/11\/22\/la-arruga-es-bella\/viejacubo\/\" rel=\"attachment wp-att-384\"><img aria-describedby=\"caption-attachment-384\" loading=\"lazy\" class=\"size-large wp-image-384\" title=\"Mujer recogiendo agua en un arroyo en Las Hurdes (1993).\" src=\"\/lamiradaatenta\/wp-content\/uploads\/sites\/24\/2012\/11\/viejacubo.jpg\" alt=\"Mujer recogiendo agua en un arroyo en Las Hurdes (1993).\" width=\"650\" height=\"421\" srcset=\"https:\/\/static-blogs.hoy.es\/wp-content\/uploads\/sites\/24\/2012\/11\/viejacubo.jpg 2362w, https:\/\/static-blogs.hoy.es\/wp-content\/uploads\/sites\/24\/2012\/11\/viejacubo-150x97.jpg 150w, https:\/\/static-blogs.hoy.es\/wp-content\/uploads\/sites\/24\/2012\/11\/viejacubo-300x194.jpg 300w, https:\/\/static-blogs.hoy.es\/wp-content\/uploads\/sites\/24\/2012\/11\/viejacubo-768x497.jpg 768w, https:\/\/static-blogs.hoy.es\/wp-content\/uploads\/sites\/24\/2012\/11\/viejacubo-650x421.jpg 650w\" sizes=\"(max-width: 650px) 100vw, 650px\" \/><\/a><p id=\"caption-attachment-384\" class=\"wp-caption-text\">Mujer recogiendo agua en un arroyo en Las Hurdes (1993).<\/p><\/div>\n<p>Im\u00e1genes como las tomadas por Lorenzo Cordero forman parte de la memoria de los que somos ahora adultos en Extremadura. Me pregunto <strong>c\u00f3mo ser\u00e1n esos pueblos cuando nosotros ya seamos tambi\u00e9n viejos<\/strong>, y nuestra memoria se haya hundido en la nebulosa de los que se van quedando sin recuerdos.<\/p>\n<!-- AddThis Advanced Settings generic via filter on the_content --><!-- AddThis Share Buttons generic via filter on the_content -->","protected":false},"excerpt":{"rendered":"<p>SERIE SOBRE LOS \u00daLTIMOS VECINOS DE PUEBLOS DEL NORTE DE EXTREMADURA. VER TODAS LAS FOTOS AQUI. &nbsp; Lo ves cogiendo el macuto y cargando con un objetivo que abulta m\u00e1s que \u00e9l, y no lo imaginas. Lorenzo Cordero tiene la pinta de reportero de prensa, se mueve como un reportero, corre como un reportero, y [&hellip;]<!-- AddThis Advanced Settings generic via filter on get_the_excerpt --><!-- AddThis Share Buttons generic via filter on get_the_excerpt --><\/p>\n","protected":false},"author":29,"featured_media":0,"comment_status":"open","ping_status":"closed","sticky":false,"template":"","format":"standard","meta":[],"categories":[2],"tags":[],"_links":{"self":[{"href":"https:\/\/blogs.hoy.es\/lamiradaatenta\/wp-json\/wp\/v2\/posts\/380"}],"collection":[{"href":"https:\/\/blogs.hoy.es\/lamiradaatenta\/wp-json\/wp\/v2\/posts"}],"about":[{"href":"https:\/\/blogs.hoy.es\/lamiradaatenta\/wp-json\/wp\/v2\/types\/post"}],"author":[{"embeddable":true,"href":"https:\/\/blogs.hoy.es\/lamiradaatenta\/wp-json\/wp\/v2\/users\/29"}],"replies":[{"embeddable":true,"href":"https:\/\/blogs.hoy.es\/lamiradaatenta\/wp-json\/wp\/v2\/comments?post=380"}],"version-history":[{"count":0,"href":"https:\/\/blogs.hoy.es\/lamiradaatenta\/wp-json\/wp\/v2\/posts\/380\/revisions"}],"wp:attachment":[{"href":"https:\/\/blogs.hoy.es\/lamiradaatenta\/wp-json\/wp\/v2\/media?parent=380"}],"wp:term":[{"taxonomy":"category","embeddable":true,"href":"https:\/\/blogs.hoy.es\/lamiradaatenta\/wp-json\/wp\/v2\/categories?post=380"},{"taxonomy":"post_tag","embeddable":true,"href":"https:\/\/blogs.hoy.es\/lamiradaatenta\/wp-json\/wp\/v2\/tags?post=380"}],"curies":[{"name":"wp","href":"https:\/\/api.w.org\/{rel}","templated":true}]}}