{"id":388,"date":"2012-11-26T18:58:25","date_gmt":"2012-11-26T17:58:25","guid":{"rendered":"http:\/\/blogs.hoy.es\/lamiradaatenta\/?p=388"},"modified":"2012-11-26T18:58:25","modified_gmt":"2012-11-26T17:58:25","slug":"una-rata-por-sorpresa","status":"publish","type":"post","link":"https:\/\/blogs.hoy.es\/lamiradaatenta\/2012\/11\/26\/una-rata-por-sorpresa\/","title":{"rendered":"Una rata por sorpresa"},"content":{"rendered":"<div id=\"attachment_390\" style=\"width: 640px\" class=\"wp-caption aligncenter\"><a href=\"https:\/\/blogs.hoy.es\/lamiradaatenta\/2012\/11\/26\/una-rata-por-sorpresa\/loren_rata-01feten\/\" rel=\"attachment wp-att-390\"><img aria-describedby=\"caption-attachment-390\" loading=\"lazy\" class=\" wp-image-390 \" title=\"La rata que apareci\u00f3 delante del objetivo de Lorenzo Cordero ya se ha hecho famosa.\" src=\"\/lamiradaatenta\/wp-content\/uploads\/sites\/24\/2012\/11\/LOREN_RATA-01feten.jpg\" alt=\"La rata que apareci\u00f3 delante del objetivo de Lorenzo Cordero ya se ha hecho famosa.\" width=\"630\" height=\"897\" srcset=\"https:\/\/static-blogs.hoy.es\/wp-content\/uploads\/sites\/24\/2012\/11\/LOREN_RATA-01feten.jpg 900w, https:\/\/static-blogs.hoy.es\/wp-content\/uploads\/sites\/24\/2012\/11\/LOREN_RATA-01feten-105x150.jpg 105w, https:\/\/static-blogs.hoy.es\/wp-content\/uploads\/sites\/24\/2012\/11\/LOREN_RATA-01feten-211x300.jpg 211w, https:\/\/static-blogs.hoy.es\/wp-content\/uploads\/sites\/24\/2012\/11\/LOREN_RATA-01feten-768x1094.jpg 768w, https:\/\/static-blogs.hoy.es\/wp-content\/uploads\/sites\/24\/2012\/11\/LOREN_RATA-01feten-650x926.jpg 650w\" sizes=\"(max-width: 630px) 100vw, 630px\" \/><\/a><p id=\"caption-attachment-390\" class=\"wp-caption-text\">La rata que apareci\u00f3 delante del objetivo de Lorenzo Cordero ya se ha hecho famosa.<\/p><\/div>\n<p>A todo<strong> fotoperiodista<\/strong> le ocurre muchas veces a lo largo de su vida profesional que va a fotografiar una cosa muy concreta y, de repente, <strong>en el objetivo le sale otra casi m\u00e1s curiosa<\/strong> que la que persegu\u00eda en principio.<!--more--><\/p>\n<p>As\u00ed surgi\u00f3 la <strong>foto de la ratita<\/strong>, que se ha hecho<a href=\"https:\/\/www.facebook.com\/lorenzo.cordero.5?ref=ts&#038;fref=ts\" target=\"_blank\" rel=\"external nofollow\"> famosa en Facebook<\/a> porque a todo el mundo le gusta su pose entre aire sorprendido y de modelo veterana. En realidad, <strong>Lorenzo Cordero<\/strong> estaba haciendo era un reportaje sobre la <a href=\"http:\/\/www.hoy.es\/v\/20121116\/caceres\/tcnicos-junta-comienzan-medir-20121116.html\" target=\"_blank\" rel=\"external nofollow\"><strong>medici\u00f3n de ruidos en locales de la Madrila<\/strong><\/a>, y la rata apareci\u00f3 de repente subida a un foco de la luz. Una periodista que estaba al lado de Cordero sali\u00f3 corriendo, pero a \u00e9l <strong>se le qued\u00f3 pegado el ojo pegado a la ratita<\/strong>. Le hizo fotos durante un buen rato, porque el roedor se sinti\u00f3 c\u00f3modo con el clic-clic de la c\u00e1mara, y no se movi\u00f3 del lugar.<\/p>\n<p>Tan buena modelo fue la ratona que <strong>para algunas de las fotos no necesit\u00f3 siquiera el teleobjetivo<\/strong>, sino con el angular\u00a0 de la c\u00e1mara fue suficiente.<\/p>\n<p>Desgraciadamente <strong>no todas<\/strong> las casualidades que se presentan ante el objetivo son tan anecd\u00f3ticas y graciosas. Hoy mismo estaba haciendo Lorenzo un reportaje sobre un vecino de C\u00e1ceres que protestaba por un problema con una casa, se gir\u00f3 hacia un lado, y lo que le apareci\u00f3 enfocado fue <strong>un hombre rebuscando comida y ropa en un contenedor<\/strong> en plena calle.<\/p>\n<div id=\"attachment_391\" style=\"width: 640px\" class=\"wp-caption aligncenter\"><a href=\"https:\/\/blogs.hoy.es\/lamiradaatenta\/2012\/11\/26\/una-rata-por-sorpresa\/rebuscacontenedorfeten\/\" rel=\"attachment wp-att-391\"><img aria-describedby=\"caption-attachment-391\" loading=\"lazy\" class=\" wp-image-391 \" title=\"En plena calle de C\u00e1ceres, y a la luz del d\u00eda, un joven buscaba ropa en un contenedor.\" src=\"\/lamiradaatenta\/wp-content\/uploads\/sites\/24\/2012\/11\/rebuscacontenedorfeten.jpg\" alt=\"En plena calle de C\u00e1ceres, y a la luz del d\u00eda, un joven buscaba ropa en un contenedor.\" width=\"630\" height=\"424\" srcset=\"https:\/\/static-blogs.hoy.es\/wp-content\/uploads\/sites\/24\/2012\/11\/rebuscacontenedorfeten.jpg 900w, https:\/\/static-blogs.hoy.es\/wp-content\/uploads\/sites\/24\/2012\/11\/rebuscacontenedorfeten-150x101.jpg 150w, https:\/\/static-blogs.hoy.es\/wp-content\/uploads\/sites\/24\/2012\/11\/rebuscacontenedorfeten-300x202.jpg 300w, https:\/\/static-blogs.hoy.es\/wp-content\/uploads\/sites\/24\/2012\/11\/rebuscacontenedorfeten-768x517.jpg 768w, https:\/\/static-blogs.hoy.es\/wp-content\/uploads\/sites\/24\/2012\/11\/rebuscacontenedorfeten-650x438.jpg 650w\" sizes=\"(max-width: 630px) 100vw, 630px\" \/><\/a><p id=\"caption-attachment-391\" class=\"wp-caption-text\">En plena calle de C\u00e1ceres, y a la luz del d\u00eda, un joven buscaba ropa en un contenedor.<\/p><\/div>\n<p>Apret\u00f3 una vez el disparador de la c\u00e1mara, pero <strong>ya no tuvo coraz\u00f3n para seguir<\/strong>. El respeto al dolor ajeno le hizo perder quiz\u00e1s un buen reportaje fotogr\u00e1fico, pero <strong>todo buen reportero marca sus propios l\u00edmites<\/strong>.<\/p>\n<p>&nbsp;<\/p>\n<!-- AddThis Advanced Settings generic via filter on the_content --><!-- AddThis Share Buttons generic via filter on the_content -->","protected":false},"excerpt":{"rendered":"<p>A todo fotoperiodista le ocurre muchas veces a lo largo de su vida profesional que va a fotografiar una cosa muy concreta y, de repente, en el objetivo le sale otra casi m\u00e1s curiosa que la que persegu\u00eda en principio.<!-- AddThis Advanced Settings generic via filter on get_the_excerpt --><!-- AddThis Share Buttons generic via filter on get_the_excerpt --><\/p>\n","protected":false},"author":29,"featured_media":0,"comment_status":"open","ping_status":"closed","sticky":false,"template":"","format":"standard","meta":[],"categories":[2],"tags":[],"_links":{"self":[{"href":"https:\/\/blogs.hoy.es\/lamiradaatenta\/wp-json\/wp\/v2\/posts\/388"}],"collection":[{"href":"https:\/\/blogs.hoy.es\/lamiradaatenta\/wp-json\/wp\/v2\/posts"}],"about":[{"href":"https:\/\/blogs.hoy.es\/lamiradaatenta\/wp-json\/wp\/v2\/types\/post"}],"author":[{"embeddable":true,"href":"https:\/\/blogs.hoy.es\/lamiradaatenta\/wp-json\/wp\/v2\/users\/29"}],"replies":[{"embeddable":true,"href":"https:\/\/blogs.hoy.es\/lamiradaatenta\/wp-json\/wp\/v2\/comments?post=388"}],"version-history":[{"count":0,"href":"https:\/\/blogs.hoy.es\/lamiradaatenta\/wp-json\/wp\/v2\/posts\/388\/revisions"}],"wp:attachment":[{"href":"https:\/\/blogs.hoy.es\/lamiradaatenta\/wp-json\/wp\/v2\/media?parent=388"}],"wp:term":[{"taxonomy":"category","embeddable":true,"href":"https:\/\/blogs.hoy.es\/lamiradaatenta\/wp-json\/wp\/v2\/categories?post=388"},{"taxonomy":"post_tag","embeddable":true,"href":"https:\/\/blogs.hoy.es\/lamiradaatenta\/wp-json\/wp\/v2\/tags?post=388"}],"curies":[{"name":"wp","href":"https:\/\/api.w.org\/{rel}","templated":true}]}}