{"id":395,"date":"2012-11-30T13:44:51","date_gmt":"2012-11-30T12:44:51","guid":{"rendered":"http:\/\/blogs.hoy.es\/lamiradaatenta\/?p=395"},"modified":"2012-11-30T13:44:51","modified_gmt":"2012-11-30T12:44:51","slug":"cuando-la-realidad-es-la-que-coloca-la-foto","status":"publish","type":"post","link":"https:\/\/blogs.hoy.es\/lamiradaatenta\/2012\/11\/30\/cuando-la-realidad-es-la-que-coloca-la-foto\/","title":{"rendered":"Cuando la realidad es la que coloca la foto"},"content":{"rendered":"<div id=\"attachment_396\" style=\"width: 660px\" class=\"wp-caption aligncenter\"><a href=\"https:\/\/blogs.hoy.es\/lamiradaatenta\/2012\/11\/30\/cuando-la-realidad-es-la-que-coloca-la-foto\/parado\/\" rel=\"attachment wp-att-396\"><img aria-describedby=\"caption-attachment-396\" loading=\"lazy\" class=\"size-large wp-image-396\" title=\"Una foto llena de contrastes, entre la realidad cruda, y los mensajes que nos rodean y bombardean.\" src=\"\/lamiradaatenta\/wp-content\/uploads\/sites\/24\/2012\/11\/PARado.jpg\" alt=\"Una foto llena de contrastes, entre la realidad cruda, y los mensajes que nos rodean y bombardean.\" width=\"650\" height=\"961\" srcset=\"https:\/\/static-blogs.hoy.es\/wp-content\/uploads\/sites\/24\/2012\/11\/PARado.jpg 2052w, https:\/\/static-blogs.hoy.es\/wp-content\/uploads\/sites\/24\/2012\/11\/PARado-101x150.jpg 101w, https:\/\/static-blogs.hoy.es\/wp-content\/uploads\/sites\/24\/2012\/11\/PARado-203x300.jpg 203w, https:\/\/static-blogs.hoy.es\/wp-content\/uploads\/sites\/24\/2012\/11\/PARado-768x1136.jpg 768w, https:\/\/static-blogs.hoy.es\/wp-content\/uploads\/sites\/24\/2012\/11\/PARado-650x962.jpg 650w\" sizes=\"(max-width: 650px) 100vw, 650px\" \/><\/a><p id=\"caption-attachment-396\" class=\"wp-caption-text\">Una foto llena de contrastes, entre la realidad cruda, y los mensajes que nos rodean y bombardean.<\/p><\/div>\n<p>Una buena foto es producto muchas veces de la <strong>exquisita preparaci\u00f3n<\/strong> del escenario, de los objetos, de la luz, del protagonista, incluso de los elementos que aparecen casi por casualidad en la imagen. La diferencia entre el fot\u00f3grafo de estudio y el <strong>fotoreportero<\/strong> es que el segundo se tiene que <strong>conformar, o inspirar, en la realidad pura y dura<\/strong>, sin tiempo para colocar, y a veces hasta sin enfocar de forma correcta.<!--more--><\/p>\n<p>Es lo que le ha pasado esta ma\u00f1ana a <strong>Lorenzo Cordero<\/strong>, que se ha encontrado esta ma\u00f1ana con una <strong>foto con mil historias en el interior<\/strong>, pero por no tener, no ten\u00eda ni su c\u00e1mara, por lo que tom\u00f3 la imagen con su <strong>m\u00f3vil<\/strong>. Sin embargo, <strong>nadie que mire la instant\u00e1nea puede quedar indiferente<\/strong>. La realidad es a veces tan dura que su retrato no necesita ni enfoques ni flashes. Su pura estructura conforma los <strong>elementos visuales necesarios<\/strong> para crear arte, en el sentido m\u00e1s m\u00edstico de la palabra, el que <strong>remueve el esp\u00edritu humano<\/strong>.<\/p>\n<p>El j<strong>oven parado, tirado en la calle<\/strong>, quiz\u00e1s ni siquiera se fij\u00f3 en el <strong>cartel que enmarca su desolaci\u00f3n<\/strong>, y que lanza mensajes totalmente contrarios a su realidad: hogar, oportunidades, viviendas, pr\u00e9stamos&#8230;<\/p>\n<p>\u00c9l llevaba sin embargo su <strong>propio cartel<\/strong>, escrito con letras peque\u00f1as en un humilde cart\u00f3n: &#8220;No tengo trabajo. Necesito trabajo o una ayudita por favor&#8221;.<\/p>\n<p>&nbsp;<\/p>\n<!-- AddThis Advanced Settings generic via filter on the_content --><!-- AddThis Share Buttons generic via filter on the_content -->","protected":false},"excerpt":{"rendered":"<p>Una buena foto es producto muchas veces de la exquisita preparaci\u00f3n del escenario, de los objetos, de la luz, del protagonista, incluso de los elementos que aparecen casi por casualidad en la imagen. La diferencia entre el fot\u00f3grafo de estudio y el fotoreportero es que el segundo se tiene que conformar, o inspirar, en la [&hellip;]<!-- AddThis Advanced Settings generic via filter on get_the_excerpt --><!-- AddThis Share Buttons generic via filter on get_the_excerpt --><\/p>\n","protected":false},"author":29,"featured_media":0,"comment_status":"open","ping_status":"closed","sticky":false,"template":"","format":"standard","meta":[],"categories":[2],"tags":[24,40,99,100,123,124,126,140,205,221,264],"_links":{"self":[{"href":"https:\/\/blogs.hoy.es\/lamiradaatenta\/wp-json\/wp\/v2\/posts\/395"}],"collection":[{"href":"https:\/\/blogs.hoy.es\/lamiradaatenta\/wp-json\/wp\/v2\/posts"}],"about":[{"href":"https:\/\/blogs.hoy.es\/lamiradaatenta\/wp-json\/wp\/v2\/types\/post"}],"author":[{"embeddable":true,"href":"https:\/\/blogs.hoy.es\/lamiradaatenta\/wp-json\/wp\/v2\/users\/29"}],"replies":[{"embeddable":true,"href":"https:\/\/blogs.hoy.es\/lamiradaatenta\/wp-json\/wp\/v2\/comments?post=395"}],"version-history":[{"count":0,"href":"https:\/\/blogs.hoy.es\/lamiradaatenta\/wp-json\/wp\/v2\/posts\/395\/revisions"}],"wp:attachment":[{"href":"https:\/\/blogs.hoy.es\/lamiradaatenta\/wp-json\/wp\/v2\/media?parent=395"}],"wp:term":[{"taxonomy":"category","embeddable":true,"href":"https:\/\/blogs.hoy.es\/lamiradaatenta\/wp-json\/wp\/v2\/categories?post=395"},{"taxonomy":"post_tag","embeddable":true,"href":"https:\/\/blogs.hoy.es\/lamiradaatenta\/wp-json\/wp\/v2\/tags?post=395"}],"curies":[{"name":"wp","href":"https:\/\/api.w.org\/{rel}","templated":true}]}}