{"id":40,"date":"2012-03-20T10:02:20","date_gmt":"2012-03-20T10:02:20","guid":{"rendered":"http:\/\/blogs.hoy.es\/lamiradaatenta\/?p=40"},"modified":"2012-03-20T10:02:20","modified_gmt":"2012-03-20T10:02:20","slug":"la-tragedia-de-la-carretera","status":"publish","type":"post","link":"https:\/\/blogs.hoy.es\/lamiradaatenta\/2012\/03\/20\/la-tragedia-de-la-carretera\/","title":{"rendered":"La tragedia de la carretera"},"content":{"rendered":"<div id=\"attachment_42\" style=\"width: 601px\" class=\"wp-caption aligncenter\"><a href=\"https:\/\/blogs.hoy.es\/lamiradaatenta\/2012\/03\/20\/la-tragedia-de-la-carretera\/attachment\/023\/\" rel=\"attachment wp-att-42\"><img aria-describedby=\"caption-attachment-42\" loading=\"lazy\" class=\"size-full wp-image-42\" title=\"Accidente mortal en la carretera (1998).\" src=\"\/lamiradaatenta\/wp-content\/uploads\/sites\/24\/2012\/03\/023.jpg\" alt=\"Accidente mortal en la carretera (1998).\" width=\"591\" height=\"827\" srcset=\"https:\/\/static-blogs.hoy.es\/wp-content\/uploads\/sites\/24\/2012\/03\/023.jpg 591w, https:\/\/static-blogs.hoy.es\/wp-content\/uploads\/sites\/24\/2012\/03\/023-107x150.jpg 107w, https:\/\/static-blogs.hoy.es\/wp-content\/uploads\/sites\/24\/2012\/03\/023-214x300.jpg 214w\" sizes=\"(max-width: 591px) 100vw, 591px\" \/><\/a><p id=\"caption-attachment-42\" class=\"wp-caption-text\">Accidente mortal en la carretera (1998).<\/p><\/div>\n<p><a href=\"http:\/\/www.polonia-es.com\/nuestros-articulos\/biografias\/ryszard-kapuciski\" target=\"_blank\" rel=\"external nofollow\">Ryszard Kapuscinski<\/a>, uno de los <strong>mejores reporteros del siglo pasado<\/strong>, dec\u00eda que el periodismo &#8220;no es oficio para c\u00ednicos&#8221;. Y supongo que pensaba tambi\u00e9n en los fotoperiodistas o fotorreporteros. Un c\u00ednico dif\u00edcilmente se hubiera conmovido o hubiese elegido esa perspectiva que eligi\u00f3 <strong>Lorenzo Cordero<\/strong> para reflejar el aldabonazo dram\u00e1tico de un accidente de tr\u00e1fico: con una bicicleta en primer t\u00e9rmino y el cad\u00e1ver de la v\u00edctima (cubierto con una s\u00e1bana) a escasos metros mientras, al fondo, un guardia civil regula el paso de veh\u00edculos en la calzada.<\/p>\n<!-- AddThis Advanced Settings generic via filter on the_content --><!-- AddThis Share Buttons generic via filter on the_content -->","protected":false},"excerpt":{"rendered":"<p>Ryszard Kapuscinski, uno de los mejores reporteros del siglo pasado, dec\u00eda que el periodismo &#8220;no es oficio para c\u00ednicos&#8221;. Y supongo que pensaba tambi\u00e9n en los fotoperiodistas o fotorreporteros. Un c\u00ednico dif\u00edcilmente se hubiera conmovido o hubiese elegido esa perspectiva que eligi\u00f3 Lorenzo Cordero para reflejar el aldabonazo dram\u00e1tico de un accidente de tr\u00e1fico: con [&hellip;]<!-- AddThis Advanced Settings generic via filter on get_the_excerpt --><!-- AddThis Share Buttons generic via filter on get_the_excerpt --><\/p>\n","protected":false},"author":29,"featured_media":0,"comment_status":"open","ping_status":"closed","sticky":false,"template":"","format":"standard","meta":[],"categories":[2],"tags":[3,54,124,126,168,179,229,264],"_links":{"self":[{"href":"https:\/\/blogs.hoy.es\/lamiradaatenta\/wp-json\/wp\/v2\/posts\/40"}],"collection":[{"href":"https:\/\/blogs.hoy.es\/lamiradaatenta\/wp-json\/wp\/v2\/posts"}],"about":[{"href":"https:\/\/blogs.hoy.es\/lamiradaatenta\/wp-json\/wp\/v2\/types\/post"}],"author":[{"embeddable":true,"href":"https:\/\/blogs.hoy.es\/lamiradaatenta\/wp-json\/wp\/v2\/users\/29"}],"replies":[{"embeddable":true,"href":"https:\/\/blogs.hoy.es\/lamiradaatenta\/wp-json\/wp\/v2\/comments?post=40"}],"version-history":[{"count":0,"href":"https:\/\/blogs.hoy.es\/lamiradaatenta\/wp-json\/wp\/v2\/posts\/40\/revisions"}],"wp:attachment":[{"href":"https:\/\/blogs.hoy.es\/lamiradaatenta\/wp-json\/wp\/v2\/media?parent=40"}],"wp:term":[{"taxonomy":"category","embeddable":true,"href":"https:\/\/blogs.hoy.es\/lamiradaatenta\/wp-json\/wp\/v2\/categories?post=40"},{"taxonomy":"post_tag","embeddable":true,"href":"https:\/\/blogs.hoy.es\/lamiradaatenta\/wp-json\/wp\/v2\/tags?post=40"}],"curies":[{"name":"wp","href":"https:\/\/api.w.org\/{rel}","templated":true}]}}