{"id":400,"date":"2012-12-05T18:32:48","date_gmt":"2012-12-05T17:32:48","guid":{"rendered":"http:\/\/blogs.hoy.es\/lamiradaatenta\/?p=400"},"modified":"2012-12-05T18:32:48","modified_gmt":"2012-12-05T17:32:48","slug":"un-gesto-de-compasion","status":"publish","type":"post","link":"https:\/\/blogs.hoy.es\/lamiradaatenta\/2012\/12\/05\/un-gesto-de-compasion\/","title":{"rendered":"Un gesto de compasi\u00f3n"},"content":{"rendered":"<div id=\"attachment_402\" style=\"width: 657px\" class=\"wp-caption aligncenter\"><a href=\"https:\/\/blogs.hoy.es\/lamiradaatenta\/2012\/12\/05\/un-gesto-de-compasion\/monja-y-mendiga-02-2\/\" rel=\"attachment wp-att-402\"><img aria-describedby=\"caption-attachment-402\" loading=\"lazy\" class=\"size-large wp-image-402\" title=\"Una monja acaricia con cari\u00f1o la cabeza de una mendiga en la calle San Pedro (1989).\" src=\"\/lamiradaatenta\/wp-content\/uploads\/sites\/24\/2012\/12\/MONJA-Y-MENDIGA-021.jpg\" alt=\"Una monja acaricia con cari\u00f1o la cabeza de una mendiga en la calle San Pedro (1989).\" width=\"647\" height=\"1024\" srcset=\"https:\/\/static-blogs.hoy.es\/wp-content\/uploads\/sites\/24\/2012\/12\/MONJA-Y-MENDIGA-021.jpg 1831w, https:\/\/static-blogs.hoy.es\/wp-content\/uploads\/sites\/24\/2012\/12\/MONJA-Y-MENDIGA-021-95x150.jpg 95w, https:\/\/static-blogs.hoy.es\/wp-content\/uploads\/sites\/24\/2012\/12\/MONJA-Y-MENDIGA-021-190x300.jpg 190w, https:\/\/static-blogs.hoy.es\/wp-content\/uploads\/sites\/24\/2012\/12\/MONJA-Y-MENDIGA-021-768x1215.jpg 768w, https:\/\/static-blogs.hoy.es\/wp-content\/uploads\/sites\/24\/2012\/12\/MONJA-Y-MENDIGA-021-647x1024.jpg 647w\" sizes=\"(max-width: 647px) 100vw, 647px\" \/><\/a><p id=\"caption-attachment-402\" class=\"wp-caption-text\">Una monja acaricia con cari\u00f1o la cabeza de una mendiga en la calle San Pedro (1989).<\/p><\/div>\n<p><strong>Mirar<\/strong>. Creo que esa es la clave de cualquier reportero de prensa que quiera serlo. <strong>Si no se mira, no se ve,<\/strong> y algo que parece tan obvio es lo que no hacemos la mayor\u00eda de los mortales cuando caminamos por la vida ensimismados en nosotros y en nuestros problemas, y viendo la vida a trav\u00e9s de nuestro cristal, cada d\u00eda de un color y seg\u00fan nos vaya la misa.<!--more--><\/p>\n<p>Miramos el cielo, y vemos los p\u00e1jaros, pero no nos damos cuenta de los papeles que pisamos. Nos fijamos en la basura de la esquina, y perdemos de vista el rojo del atardecer que est\u00e1 iluminando el horizonte m\u00e1s all\u00e1 de los tejados. Ese es el sino de los pobres mortales, siempre tan ocupados, y tan preocupados con nuestra existencia. Observamos distra\u00eddos los escaparates o a los que se cruzan con nosotros, pero no dotados con visi\u00f3n panor\u00e1mica.<\/p>\n<p>La ventaja de un fotoperiodista como <strong>Lorenzo Cordero<\/strong> es que \u00e9l siempre <strong>se come el mundo con los ojos<\/strong>, extrayendo cada nota interesante de la realidad que observa con detalle y detenimiento, porque detr\u00e1s de cualquier movimiento o esquina puede estar la foto.<\/p>\n<p>En su archivo <strong>guardaba con cari\u00f1o<\/strong> esta foto tomada, por casualidad, en <strong>C\u00e1ceres un d\u00eda cualquiera de 1989<\/strong>. Iba por la <strong>calle San Pedro<\/strong>, justo enfrente donde se encuentra la actual sede de <strong>Caja Extremadura<\/strong>, antes <strong>Caja C\u00e1ceres<\/strong>, y lo vio, y tal como lo vio, <strong>lo fotografi\u00f3 sin perder un segundo<\/strong>. Una viejecita ped\u00eda limosna con la espalda apoyada en la esquina de una tienda de golosinas, y una monjita que pasaba al lado le ech\u00f3 unas monedas. Nada fuera de lo normal.<\/p>\n<p>Pero la monja <strong>sac\u00f3 una mano de los bolsillos, y acarici\u00f3 con cari\u00f1o la cabeza de la mujer<\/strong>, como queri\u00e9ndole dar algo m\u00e1s, un gesto de amor que alimentara tambi\u00e9n su alma, un detalle que demostraba atenci\u00f3n a una persona que se encontraba sola en la calle, aparcada como un trasto viejo.<\/p>\n<p>Y ese gesto peque\u00f1o de compasi\u00f3n fue el que atrajo la atenci\u00f3n del objetivo de Lorenzo, que <strong>apret\u00f3 el disparador de su c\u00e1mara para no olvidarlo nunca<\/strong>, para reconfortarse con una muestra peque\u00f1a de generosidad humana ante la desgracia del pr\u00f3jimo desconocido.<\/p>\n<p>Ahora que se ha hecho famoso <a href=\"http:\/\/www.hoy.es\/rc\/20121130\/mas-actualidad\/internacional\/polica-nueva-york-adelanta-201211300813.html\" target=\"_blank\" rel=\"external nofollow\">el polic\u00eda de Nueva York que regal\u00f3 una botas a un mendigo<\/a>, Lorenzo recuerda que no hace falta tanto para mostrar que somos humanos. A veces <strong>una mano que nos acaricia calienta tanto como unas botas<\/strong>.<\/p>\n<!-- AddThis Advanced Settings generic via filter on the_content --><!-- AddThis Share Buttons generic via filter on the_content -->","protected":false},"excerpt":{"rendered":"<p>Mirar. Creo que esa es la clave de cualquier reportero de prensa que quiera serlo. Si no se mira, no se ve, y algo que parece tan obvio es lo que no hacemos la mayor\u00eda de los mortales cuando caminamos por la vida ensimismados en nosotros y en nuestros problemas, y viendo la vida a [&hellip;]<!-- AddThis Advanced Settings generic via filter on get_the_excerpt --><!-- AddThis Share Buttons generic via filter on get_the_excerpt --><\/p>\n","protected":false},"author":29,"featured_media":0,"comment_status":"open","ping_status":"closed","sticky":false,"template":"","format":"standard","meta":[],"categories":[2],"tags":[32,34,38,42,44,74,93,124,126,127,191,198,211,214,229,240,264,265,313],"_links":{"self":[{"href":"https:\/\/blogs.hoy.es\/lamiradaatenta\/wp-json\/wp\/v2\/posts\/400"}],"collection":[{"href":"https:\/\/blogs.hoy.es\/lamiradaatenta\/wp-json\/wp\/v2\/posts"}],"about":[{"href":"https:\/\/blogs.hoy.es\/lamiradaatenta\/wp-json\/wp\/v2\/types\/post"}],"author":[{"embeddable":true,"href":"https:\/\/blogs.hoy.es\/lamiradaatenta\/wp-json\/wp\/v2\/users\/29"}],"replies":[{"embeddable":true,"href":"https:\/\/blogs.hoy.es\/lamiradaatenta\/wp-json\/wp\/v2\/comments?post=400"}],"version-history":[{"count":0,"href":"https:\/\/blogs.hoy.es\/lamiradaatenta\/wp-json\/wp\/v2\/posts\/400\/revisions"}],"wp:attachment":[{"href":"https:\/\/blogs.hoy.es\/lamiradaatenta\/wp-json\/wp\/v2\/media?parent=400"}],"wp:term":[{"taxonomy":"category","embeddable":true,"href":"https:\/\/blogs.hoy.es\/lamiradaatenta\/wp-json\/wp\/v2\/categories?post=400"},{"taxonomy":"post_tag","embeddable":true,"href":"https:\/\/blogs.hoy.es\/lamiradaatenta\/wp-json\/wp\/v2\/tags?post=400"}],"curies":[{"name":"wp","href":"https:\/\/api.w.org\/{rel}","templated":true}]}}